{"id":183549,"date":"2021-02-19T13:30:57","date_gmt":"2021-02-19T12:30:57","guid":{"rendered":"https:\/\/www.brundisium.net\/?p=183549"},"modified":"2021-02-19T16:38:03","modified_gmt":"2021-02-19T15:38:03","slug":"presentata-ufficialmente-lassociazione-contiamo-lobiettivo-e-di-dar-voce-ad-ogni-cittadino","status":"publish","type":"post","link":"https:\/\/www.brundisium.net\/index.php\/presentata-ufficialmente-lassociazione-contiamo-lobiettivo-e-di-dar-voce-ad-ogni-cittadino\/","title":{"rendered":"Presentata ufficialmente l\u2019associazione &#8220;Contiamo&#8221;: l\u2019obiettivo \u00e8 di dar voce ad ogni cittadino"},"content":{"rendered":"<p>\u00c8 stato presentato ufficialmente la sera del 18 febbraio a Pezze di Greco, frazione di Fasano, il percorso della nascente associazione \u2018Contiamo\u2019.<\/p>\n<p>Una serata importante che ha dato risposte ai tanti curiosi e cittadini che nell\u2019ultimo periodo hanno iniziato a porsi domande sulle voci che circolavano, tra le strade e sui social, riguardanti la formazione di un gruppo che si stava allestendo per dar maggior spazio a quelle zone, spesso purtroppo, che si sentono trascurate e abbandonate da chi le amministra.<\/p>\n<p>Una serata importante, vissuta prima di tutto con l\u2019attenzione e il rispetto delle norme di prevenzione anti Covid, che ha posto le basi su quello che vorr\u00e0 essere un cambiamento non solo per il territorio di Fasano ma anche per la provincia di Brindisi. \u2018Contiamo\u2019, infatti, parte dalle frazioni a sud di Fasano ma si pone l\u2019obiettivo di sostenere e far la sua parte in tutto il territorio regionale.<\/p>\n<p>A far gli onori di casa Donato Vinci, tra i promotori di questa nuova iniziativa, nominato presidente dell\u2019associazione. Nel corso del suo intervento ha tracciato quelli che saranno gli obiettivi principali che dovranno essere le colonne portanti di questo percorso: uomini, persone, territorio e diritti civili.<br \/>\nA supportare la compagine pezzaiola vi \u00e8 Tommaso Gioia, anch\u2019egli presente alla presentazione ufficiale, che si mosso negli ultimi anni per fondare e dar forma al movimento. \u00abNon vogliamo essere secessionisti ma se ci sar\u00e0 bisogna potremo appoggiare nel tempo questa idea, l&#8217;importante \u00e8 dare opportunit\u00e0 &#8220;concrete&#8221; al territorio, basta la mancanza di considerazione da parte dell&#8217;amministrazione centrale di Fasano\u00bb.<br \/>\nA far da cornice e sottolineare l\u2019importanza di un\u2019associazione del genere vi \u00e8 stato l\u2019intervento nel corso della serata da parte dell\u2019assessore allo Sviluppo della Regione Puglia, Alessandro Delli Noci, reduce da impegni istituzionali a Roma, ma che non ha voluto far mancare la propria presenza. Importante \u00e8 stata anche la presenza del presidente della Tak Force del Lavoro pugliese, Leo Caroli.<br \/>\nLa loro esperienza \u00e8 stata utile per tracciare le linee guida di questo nuovo percorso e dalle loro parole \u00e8 emerso quanto dovr\u00e0 essere importante rimboccarsi le maniche per intraprendere un lavoro rispettoso nei confronti dei cittadini e nel rispetto delle leggi, comunque hanno dato la propria disponibilit\u00e0 a seguire con interesse l&#8217;evolversi del Movimento.<\/p>\n<p>Ogni scelta dovr\u00e0 essere ponderata e avr\u00e0 come fine principale il dare voce a chi spesso non viene ascoltato.<\/p>\n<p>Un cammino che dovr\u00e0 essere intrapreso a piccoli passi e che, a margine della serata, ha avuto il benestare di chi era presente, e dalle istituzioni regionali. Molti di questi cittadini hanno deciso di sposare la causa, aderendo tramite apposito modulo, e poter cos\u00ec entrare a far parte del gruppo di lavoro che da gioved\u00ec sera \u00e8 consapevole della strada che dovr\u00e0 percorrere, pur sapendo quanto sar\u00e0 ricca di ostacoli e ostruzioni.<\/p>\n<p>Il modulo a breve sar\u00e0 online per permettere a coloro che hanno voglia di unirsi e dar cos\u00ec voce ai propri diritti.<\/p>\n<p>L\u2019associazione \u2018Contiamo\u2019 ha anche una pagina social su Facebook, Piazza virtuale che negli ultimi giorni ha avuto un\u2019impennata di adesioni e che vorr\u00e0 essere punto di riferimento per aderenti e curiosi da cui far partire il confronto di idee e obiettivi.<\/p>\n<p>inoltre \u00e8 possibile chiedere informazioni tramite email all&#8217;indirizzo: contiamo.brindisi@gmail.com.<\/p>\n","protected":false},"excerpt":{"rendered":"<p>\u00c8 stato presentato ufficialmente la sera del 18 febbraio a Pezze di Greco, frazione di Fasano, il percorso della nascente associazione \u2018Contiamo\u2019. Una serata importante che ha dato risposte ai tanti curiosi e cittadini che nell\u2019ultimo periodo hanno iniziato a porsi domande sulle voci che circolavano, tra le strade e sui social, riguardanti la formazione di un gruppo che si stava allestendo per dar maggior spazio a quelle zone, spesso purtroppo, che si sentono trascurate e abbandonate da chi le amministra. Una serata importante, vissuta prima di tutto con l\u2019attenzione e il rispetto delle norme di prevenzione anti Covid, che ha posto le basi su quello che vorr\u00e0 essere un cambiamento non solo per il territorio di Fasano ma anche per la provincia di Brindisi. \u2018Contiamo\u2019, infatti, parte dalle frazioni a sud di Fasano ma si pone l\u2019obiettivo di sostenere e far la sua parte in tutto il territorio regionale. A far gli onori di casa Donato Vinci, tra i promotori di questa nuova iniziativa, nominato presidente dell\u2019associazione. Nel corso&#8230;<\/p>\n","protected":false},"author":2,"featured_media":183551,"comment_status":"open","ping_status":"closed","sticky":false,"template":"","format":"standard","meta":{"footnotes":""},"categories":[7],"tags":[],"class_list":["post-183549","post","type-post","status-publish","format-standard","has-post-thumbnail","hentry","category-news"],"_links":{"self":[{"href":"https:\/\/www.brundisium.net\/index.php\/wp-json\/wp\/v2\/posts\/183549","targetHints":{"allow":["GET"]}}],"collection":[{"href":"https:\/\/www.brundisium.net\/index.php\/wp-json\/wp\/v2\/posts"}],"about":[{"href":"https:\/\/www.brundisium.net\/index.php\/wp-json\/wp\/v2\/types\/post"}],"author":[{"embeddable":true,"href":"https:\/\/www.brundisium.net\/index.php\/wp-json\/wp\/v2\/users\/2"}],"replies":[{"embeddable":true,"href":"https:\/\/www.brundisium.net\/index.php\/wp-json\/wp\/v2\/comments?post=183549"}],"version-history":[{"count":1,"href":"https:\/\/www.brundisium.net\/index.php\/wp-json\/wp\/v2\/posts\/183549\/revisions"}],"predecessor-version":[{"id":183553,"href":"https:\/\/www.brundisium.net\/index.php\/wp-json\/wp\/v2\/posts\/183549\/revisions\/183553"}],"wp:featuredmedia":[{"embeddable":true,"href":"https:\/\/www.brundisium.net\/index.php\/wp-json\/wp\/v2\/media\/183551"}],"wp:attachment":[{"href":"https:\/\/www.brundisium.net\/index.php\/wp-json\/wp\/v2\/media?parent=183549"}],"wp:term":[{"taxonomy":"category","embeddable":true,"href":"https:\/\/www.brundisium.net\/index.php\/wp-json\/wp\/v2\/categories?post=183549"},{"taxonomy":"post_tag","embeddable":true,"href":"https:\/\/www.brundisium.net\/index.php\/wp-json\/wp\/v2\/tags?post=183549"}],"curies":[{"name":"wp","href":"https:\/\/api.w.org\/{rel}","templated":true}]}}