{"id":18570,"date":"2014-07-25T22:13:52","date_gmt":"2014-07-25T20:13:52","guid":{"rendered":"http:\/\/www.brundisium.net\/brun\/?p=18570"},"modified":"2016-07-04T17:56:27","modified_gmt":"2016-07-04T15:56:27","slug":"chiaro-di-luna-di-guido-giampietro","status":"publish","type":"post","link":"https:\/\/www.brundisium.net\/index.php\/chiaro-di-luna-di-guido-giampietro\/","title":{"rendered":"Chiaro di luna. Di Guido Giampietro"},"content":{"rendered":"<p align=\"JUSTIFY\"><img loading=\"lazy\" decoding=\"async\" class=\"alignleft\" src=\"http:\/\/www.italiacheraglia.com\/wp-content\/uploads\/2011\/11\/illuminazione_europa_notte.jpg\" alt=\"\" width=\"277\" height=\"252\" \/>Mi chiedo se pu\u00f2 essere vero che gli analisti economici delle grandi banche internazionali, per illustrare il persistente spreco di denaro pubblico nel nostro Paese, utilizzino le foto dell\u2019Europa prese dai satelliti di notte. Immagini da cui appare una Italia pi\u00f9 illuminata di altri Paesi. Questo afferma Carlo Cottarelli, colui che ricopre l\u2019ingrato incarico di commissario alla Revisione della spesa pubblica nell\u2019era Renzi.<\/p>\n<p align=\"JUSTIFY\">E se invece questi analisti fossero dei sentimentali dal cuore tenero? Tenero come il tonno che si lascia tagliare da un grissino?<\/p>\n<p align=\"JUSTIFY\">Bisogna fare sempre riferimento al vile denaro, anche se ci troviamo in un clima di congiuntura senza fine?<\/p>\n<p align=\"JUSTIFY\">E se questi cervelloni la pensassero invece come Vivian Lamarque quando scrive: \u00ab<i>Con questa luce forte \/ si vede a prima vista che l\u2019amore mio non c\u2019\u00e8 \/ l\u2019amore mio manca cos\u00ec tanto che non vedo l\u2019ora che sia buio \/ buio pesto per non vederci pi\u00f9 \/ Al buio certe volte \/ l\u2019amore mio col suo profilo appare \/ non mi dice parole \/ n\u00e9 si lascia toccare \/ comunque al buio certe volte \/ l\u2019amore mio col suo profilo appare<\/i>\u00bb?<\/p>\n<p align=\"JUSTIFY\">Se anche loro \u02d7 questi aridi analisti \u02d7 per una volta tanto parlassero male delle luci al solo scopo di vedere, al buio, il profilo dei loro amanti?<\/p>\n<p align=\"JUSTIFY\">\n<p align=\"JUSTIFY\"><a href=\"http:\/\/www.brundisium.net\/brun\/wp-content\/uploads\/2014\/07\/porto-di-notte.jpg\"><img loading=\"lazy\" decoding=\"async\" class=\"alignright size-medium wp-image-18572\" src=\"http:\/\/www.brundisium.net\/brun\/wp-content\/uploads\/2014\/07\/porto-di-notte-300x225.jpg\" alt=\"porto di notte\" width=\"300\" height=\"225\" data-id=\"18572\" srcset=\"https:\/\/www.brundisium.net\/brun\/wp-content\/uploads\/2014\/07\/porto-di-notte-300x225.jpg 300w, https:\/\/www.brundisium.net\/brun\/wp-content\/uploads\/2014\/07\/porto-di-notte.jpg 1024w\" sizes=\"auto, (max-width: 300px) 100vw, 300px\" \/><\/a>Nossignore, \u02d7 insiste testardo Cottarelli \u02d7 si tratta proprio di una denuncia di spreco. E lui \u00e8 d\u2019accordo con quei signori. Basterebbe \u02d7 dice \u02d7 spegnere le luci &#8220;non necessarie&#8221; per risparmiare 100-200 milioni nell\u2019immediato. Nelle foto che circolano, l\u2019Italia, specie il Nord, sembra in piena luce come solo il Belgio, Londra, parti dell\u2019Inghilterra e Parigi.<\/p>\n<p align=\"JUSTIFY\">Risultato: il consumo annuo pro capite per illuminazione pubblica in Italia \u00e8 di 107 kWh, pi\u00f9 del doppio di Germania e Gran Bretagna e un terzo in pi\u00f9 della Francia.<\/p>\n<p align=\"JUSTIFY\">\u00abQuesto \u02d7 prosegue il commissario \u02d7 comporta uno spreco di denaro pubblico (l\u2019illuminazione stradale costa circa due miliardi di euro e grava prevalentemente sui Comuni) e un inquinamento luminoso i cui danni non vanno sottovalutati\u00bb. E qui sono perfettamente d\u2019accordo specie per quanto riguarda l\u2019inquinamento che, nelle citt\u00e0, impedisce di vedere le stelle in tutta la loro brillantezza e nelle campagne vicine ai centri abitati ci priva della poesia delle lucciole.<\/p>\n<p align=\"JUSTIFY\">\n<p align=\"JUSTIFY\">All\u2019obiezione che l\u2019eccessiva illuminazione derivi dalle \u00ababitudini latine di passare all\u2019aria aperta le serate\u00bb Cottarelli replica che l\u2019Italia appare molto pi\u00f9 luminosa anche all\u2019una e trenta di notte, \u00abquando si pu\u00f2 presumere che la maggior parte degli italiani stia ormai a letto\u00bb.<\/p>\n<p align=\"JUSTIFY\">Qui, invece, dissento. Evidentemente il commissario non ha figli o nipoti che, in qualsiasi stagione dell\u2019anno, escono intorno a mezzanotte e si ritirano quando il sole \u00e8 gi\u00e0 alto all\u2019orizzonte. A meno che, anche da noi, non si voglia fare come in Francia dove, in molte cittadine, le autorit\u00e0 hanno introdotto un &#8220;coprifuoco&#8221; (dalle 23 alle 6) per gli adolescenti (sotto i 13 o i 16 anni) per sottrarli ai pericoli e istituire una sorta di protezione sociale.<\/p>\n<p align=\"JUSTIFY\">E \u02d7 sempre lui, il commissario \u02d7 afferma che non \u00e8 nemmeno dimostrato il legame tra intensit\u00e0 dell\u2019illuminazione stradale e tasso di criminalit\u00e0. Sar\u00e0! Ma se adesso la malavita agisce con i caterpillar per asportare interi bancomat, figurarsi il regalo che si farebbe loro se facessimo calare il buio per le strade.<\/p>\n<p align=\"JUSTIFY\">\n<p align=\"JUSTIFY\"><img loading=\"lazy\" decoding=\"async\" class=\"alignleft\" src=\"http:\/\/www.formiche.net\/wp-content\/uploads\/2014\/01\/carlo-cottarelli.jpg\" alt=\"\" width=\"307\" height=\"221\" \/>Cottarelli ritorna coi piedi per terra quando precisa che non si tratterrebbe di spegnere realmente le luci, ma di sostituirle con tecnologie Led, riducendo l\u2019illuminazione di strade a scorrimento veloce, di aree ad uso industriale o artigianale e di zone urbanizzate non edificate. Insomma, secondo lui, per risparmiare fino a un miliardo \u00e8 possibile investire sull\u2019ammodernamento dell\u2019illuminazione attraverso forme di partenariato pubblico, privato o utilizzando fondi europei.<\/p>\n<p align=\"JUSTIFY\">\n<p align=\"JUSTIFY\">Questa discussione in margine alla Spending review mi fa tornare alla mente la descrizione che il massimo poeta dell\u2019India moderna, Rabindranath Tagore \u02d7 Premio Nobel per la Letteratura nel 1913 \u02d7 fa, ancora 17enne, al suo arrivo a Brindisi nel 1878, prima tappa di un viaggio in treno verso l\u2019Inghilterra:<\/p>\n<p align=\"JUSTIFY\">\u00ab<i>L\u2019Italia fu il mio primo contatto con l\u2019Europa. In quei giorni le navi a vapore si fermarono a Brindisi e ricordo ancora quando approdammo, era mezzanotte con una grande luna piena. Corsi velocemente sul ponte dalla mia cuccetta e non dimenticher\u00f2 mai la scena meravigliosa che mi si presentava prendendo forma nel silenzioso mistero del chiarore lunare, la vista di un\u2019Europa addormentata come una giovane donna che sogna di pace e di bellezza. Era una fortuna per me che Brindisi fosse una piccola citt\u00e0, non dissimile dalle scene abituali della mia infanzia. Ebbi la certezza che il mio cuore si schiudeva a me per accogliere il ragazzo poeta che, bench\u00e9 giovane, si sentiva in quei giorni un sognatore senza tempo. Provai una grande emozione appena scesi dalla nave per trascorrere le notti di quei giorni di rinascita in un albergo di terza classe, senza luce elettrica e altri servizi. Sentii di essere tra le braccia della grande madre Europa e il mio cuore sembrava percepire il calore del suo rassicurante petto<\/i>\u00bb.<\/p>\n<p align=\"JUSTIFY\">\n<p align=\"JUSTIFY\">Ne \u00e8 passata di acqua sotto i ponti, o meglio, attraverso il Canale Pigonati, ma la visione che ne ebbe Tagore non dev\u2019essere stata molto dissimile da quella che avrebbe avuto oggi. A parte l\u2019abbaglio che ai giorni nostri viene dall\u2019impatto dei fasci dei proiettori con l\u2019antico marmo greco delle Colonne romane.<\/p>\n<p align=\"JUSTIFY\">Quanto a Cottarelli dobbiamo rassicurarlo che a Brindisi non abbiamo paura del buio e che siamo d\u2019accordo con lui per quanto riguarda i tagli all\u2019illuminazione.<\/p>\n<p align=\"JUSTIFY\">\n<p align=\"JUSTIFY\"><a href=\"http:\/\/www.brundisium.net\/brun\/wp-content\/uploads\/2014\/07\/Casa-Prefetto-1.jpg\"><img loading=\"lazy\" decoding=\"async\" class=\"alignright wp-image-18571 size-medium\" src=\"http:\/\/www.brundisium.net\/brun\/wp-content\/uploads\/2014\/07\/Casa-Prefetto-1-224x300.jpg\" alt=\"Casa Prefetto 1\" width=\"224\" height=\"300\" data-id=\"18571\" srcset=\"https:\/\/www.brundisium.net\/brun\/wp-content\/uploads\/2014\/07\/Casa-Prefetto-1-224x300.jpg 224w, https:\/\/www.brundisium.net\/brun\/wp-content\/uploads\/2014\/07\/Casa-Prefetto-1-764x1024.jpg 764w, https:\/\/www.brundisium.net\/brun\/wp-content\/uploads\/2014\/07\/Casa-Prefetto-1-300x400.jpg 300w, https:\/\/www.brundisium.net\/brun\/wp-content\/uploads\/2014\/07\/Casa-Prefetto-1.jpg 1936w\" sizes=\"auto, (max-width: 224px) 100vw, 224px\" \/><\/a>Credo che nessuno possa negare lo spreco di luci accese in pieno giorno nelle piazze e nelle vie urbane ed extraurbane della citt\u00e0. Per non parlare dei faretti sistemati, per motivi di sicurezza, sulle facciate degli edifici pubblici e non (tra i tanti, anche quelli a protezione di Palazzo Montenegro\u2026). Cattivo funzionamento dei crepuscolari? Sicuramente. Ma questo non pu\u00f2 costituire una giustificazione al dispendioso spettacolo di luminarie diurne.<\/p>\n<p align=\"JUSTIFY\">\n<p align=\"JUSTIFY\">Comunque per rassicurare del tutto Cottarelli dobbiamo raccontargli la storia di quando, al Castello Alfonsino, furono realizzati gli interventi di illuminazione Artistica &amp; Design ad opera di Enel Sole, affinch\u00e9 cittadini e turisti potessero godere della sua bellezza anche durante le ore notturne.<\/p>\n<p align=\"JUSTIFY\">E bisogna spiegargli che non sono stati i ladri di rame e l\u2019assenza di controlli a rispedire il Castello al buio. Nossignore. Si \u00e8 trattato della prima applicazione, in Italia, di una cosciente politica di risparmio energetico!<\/p>\n<p align=\"JUSTIFY\">Non solo! Nella decisione di chi ha provveduto \u02d7 per il bene della citt\u00e0 \u02d7 a portare via i cavi di rame ha pesato anche una sensibilit\u00e0 artistica fuori dal comune. Volete mettere l\u2019effetto artificiale creato dalle lampade con quello che \u00e8 in grado di fornire \u02d7 senza costi per la bolletta elettrica \u02d7 un chiaro di luna sulle pietre di c\u00e0rparo che per tutto il giorno si sono imbevute dei raggi del sole, fino a diventare d\u2019un magico color rosso?<\/p>\n<p align=\"JUSTIFY\">Se poi, come sottofondo, aggiungessimo anche le note della sonata di Beethoven, la magia sarebbe veramente completa\u2026<\/p>\n<p align=\"JUSTIFY\">\n<p align=\"JUSTIFY\"><strong>Guido Giampietro<\/strong><\/p>\n<p>&nbsp;<\/p>\n<p>&nbsp;<\/p>\n<p>&nbsp;<\/p>\n<p>&nbsp;<\/p>\n","protected":false},"excerpt":{"rendered":"<p>Mi chiedo se pu\u00f2 essere vero che gli analisti economici delle grandi banche internazionali, per illustrare il persistente spreco di denaro pubblico nel nostro Paese, utilizzino le foto dell\u2019Europa prese dai satelliti di notte. Immagini da cui appare una Italia pi\u00f9 illuminata di altri Paesi. Questo afferma Carlo Cottarelli, colui che ricopre l\u2019ingrato incarico di commissario alla Revisione della spesa pubblica nell\u2019era Renzi. E se invece questi analisti fossero dei sentimentali dal cuore tenero? Tenero come il tonno che si lascia tagliare da un grissino? Bisogna fare sempre riferimento al vile denaro, anche se ci troviamo in un clima di congiuntura senza fine? E se questi cervelloni la pensassero invece come Vivian Lamarque quando scrive: \u00abCon questa luce forte \/ si vede a prima vista che l\u2019amore mio non c\u2019\u00e8 \/ l\u2019amore mio manca cos\u00ec tanto che non vedo l\u2019ora che sia buio \/ buio pesto per non vederci pi\u00f9 \/ Al buio certe volte \/ l\u2019amore mio col suo profilo appare \/ non mi dice parole \/ n\u00e9 si&#8230;<\/p>\n","protected":false},"author":2,"featured_media":18574,"comment_status":"open","ping_status":"open","sticky":false,"template":"","format":"standard","meta":{"footnotes":""},"categories":[3129,9],"tags":[18],"class_list":["post-18570","post","type-post","status-publish","format-standard","has-post-thumbnail","hentry","category-guido-giampietro","category-interventi","tag-guido-giampietro"],"_links":{"self":[{"href":"https:\/\/www.brundisium.net\/index.php\/wp-json\/wp\/v2\/posts\/18570","targetHints":{"allow":["GET"]}}],"collection":[{"href":"https:\/\/www.brundisium.net\/index.php\/wp-json\/wp\/v2\/posts"}],"about":[{"href":"https:\/\/www.brundisium.net\/index.php\/wp-json\/wp\/v2\/types\/post"}],"author":[{"embeddable":true,"href":"https:\/\/www.brundisium.net\/index.php\/wp-json\/wp\/v2\/users\/2"}],"replies":[{"embeddable":true,"href":"https:\/\/www.brundisium.net\/index.php\/wp-json\/wp\/v2\/comments?post=18570"}],"version-history":[{"count":1,"href":"https:\/\/www.brundisium.net\/index.php\/wp-json\/wp\/v2\/posts\/18570\/revisions"}],"predecessor-version":[{"id":18575,"href":"https:\/\/www.brundisium.net\/index.php\/wp-json\/wp\/v2\/posts\/18570\/revisions\/18575"}],"wp:featuredmedia":[{"embeddable":true,"href":"https:\/\/www.brundisium.net\/index.php\/wp-json\/wp\/v2\/media\/18574"}],"wp:attachment":[{"href":"https:\/\/www.brundisium.net\/index.php\/wp-json\/wp\/v2\/media?parent=18570"}],"wp:term":[{"taxonomy":"category","embeddable":true,"href":"https:\/\/www.brundisium.net\/index.php\/wp-json\/wp\/v2\/categories?post=18570"},{"taxonomy":"post_tag","embeddable":true,"href":"https:\/\/www.brundisium.net\/index.php\/wp-json\/wp\/v2\/tags?post=18570"}],"curies":[{"name":"wp","href":"https:\/\/api.w.org\/{rel}","templated":true}]}}