{"id":186683,"date":"2021-04-24T13:37:10","date_gmt":"2021-04-24T11:37:10","guid":{"rendered":"https:\/\/www.brundisium.net\/?p=186683"},"modified":"2021-04-24T14:40:42","modified_gmt":"2021-04-24T12:40:42","slug":"25-aprile-le-cerimonie-a-mesagne-e-francavilla","status":"publish","type":"post","link":"https:\/\/www.brundisium.net\/index.php\/25-aprile-le-cerimonie-a-mesagne-e-francavilla\/","title":{"rendered":"25 Aprile: le cerimonie a Mesagne e Francavilla"},"content":{"rendered":"<p>Nel corso della manifestazione, che si svolger\u00e0 nel rispetto delle norme per il contenimento del contagio, il Sindaco Antonello Denuzzo deporr\u00e0 una corona d\u2019alloro al Monumento ai Caduti per commemorare le vittime della Resistenza italiana al nazifascismo e celebrare l&#8217;affermazione dei valori di pace, democrazia e libert\u00e0.<\/p>\n<p>\u201cIn questo momento storico ritengo sia di fondamentale importanza preservare la memoria \u2013 dichiara il Sindaco Antonello Denuzzo \u2013 Per questa ragione renderemo omaggio al 25 aprile con una sobria cerimonia, nel ricordo dei protagonisti della Resistenza che consentirono l&#8217;affermazione dei valori su cui abbiamo ricostruito il nostro Paese. A differenza di un anno fa \u2013 conclude il Sindaco \u2013 abbiamo davanti a noi la prospettiva concreta della ripartenza grazie ai vaccini. \u00c8 importante, per\u00f2, che ognuno di noi faccia la propria parte rispettando gli altri, in un clima collaborativo e propositivo. Solo cos\u00ec l\u2019Italia potr\u00e0 rinascere come avvenne all\u2019indomani della catastrofe rappresentata dalla Seconda Guerra Mondiale.\u201d<\/p>\n<p>Accanto al Sindaco ci saranno Dora Della Porta, nipote del partigiano Donato Della Porta, ed Elena Somma, figlia del partigiano Antonio Somma. La loro presenza, concordata con la locale sezione ANPI presieduta da Sandro Rodia, ha lo scopo di ricordare i francavillesi nella guerra di liberazione nazionale.  <\/p>\n<p>L\u2019esecuzione dell\u2019Inno Nazionale sar\u00e0 a cura del maestro Antonio Curto, pianoforte, e del soprano Rosanna Volpe, della Scuola Musicale Comunale, mentre il Silenzio sar\u00e0 eseguito da Giuseppe Longo della Banda Musicale Giuseppe Verdi.<\/p>\n<p>La cerimonia, che sar\u00e0 introdotta dalla Vice Sindaca Maria Passaro, sar\u00e0 trasmessa in diretta facebook sul canale istituzionale della Citt\u00e0 di Francavilla Fontana.<\/p>\n<p>A Mesagne, per il 76esimo anniversario della Liberazione d\u2019Italia dal nazifascismo, nel rispetto delle misure anticontagio, il sindaco Antonio Matarrelli, il Presidente del Consiglio Comunale Omar Ture e Cosimo Zullo, presidente dell&#8217; ANPI \u201cEugenio Santacesaria\u201d di Mesagne, nella mattinata di domani, alle ore 10, deporranno un fascio di fiori all\u2019interno del sacello del Comune di Mesagne. La cerimonia, che si svolger\u00e0 in forma ristretta, render\u00e0 omaggio, in modo simbolico e con le modalit\u00e0 consentite dalla pandemia, ad una generazione di uomini e di donne che scegliendo di non arrendersi segnarono le sorti dell\u2019Italia, per un futuro di libert\u00e0 e democrazia.<br \/>\nDomenica 25 aprile alle 10.30 in Piazza Vittorio Emanuele II a Francavilla Fontana si terr\u00e0 la cerimonia istituzionale in occasione del 76\u00b0 Anniversario della Liberazione Nazionale.<\/p>\n","protected":false},"excerpt":{"rendered":"<p>Nel corso della manifestazione, che si svolger\u00e0 nel rispetto delle norme per il contenimento del contagio, il Sindaco Antonello Denuzzo deporr\u00e0 una corona d\u2019alloro al Monumento ai Caduti per commemorare le vittime della Resistenza italiana al nazifascismo e celebrare l&#8217;affermazione dei valori di pace, democrazia e libert\u00e0. \u201cIn questo momento storico ritengo sia di fondamentale importanza preservare la memoria \u2013 dichiara il Sindaco Antonello Denuzzo \u2013 Per questa ragione renderemo omaggio al 25 aprile con una sobria cerimonia, nel ricordo dei protagonisti della Resistenza che consentirono l&#8217;affermazione dei valori su cui abbiamo ricostruito il nostro Paese. A differenza di un anno fa \u2013 conclude il Sindaco \u2013 abbiamo davanti a noi la prospettiva concreta della ripartenza grazie ai vaccini. \u00c8 importante, per\u00f2, che ognuno di noi faccia la propria parte rispettando gli altri, in un clima collaborativo e propositivo. Solo cos\u00ec l\u2019Italia potr\u00e0 rinascere come avvenne all\u2019indomani della catastrofe rappresentata dalla Seconda Guerra Mondiale.\u201d Accanto al Sindaco ci saranno Dora Della Porta, nipote del partigiano Donato Della Porta, ed Elena&#8230;<\/p>\n","protected":false},"author":2,"featured_media":171586,"comment_status":"open","ping_status":"closed","sticky":false,"template":"","format":"standard","meta":{"footnotes":""},"categories":[7],"tags":[],"class_list":["post-186683","post","type-post","status-publish","format-standard","has-post-thumbnail","hentry","category-news"],"_links":{"self":[{"href":"https:\/\/www.brundisium.net\/index.php\/wp-json\/wp\/v2\/posts\/186683","targetHints":{"allow":["GET"]}}],"collection":[{"href":"https:\/\/www.brundisium.net\/index.php\/wp-json\/wp\/v2\/posts"}],"about":[{"href":"https:\/\/www.brundisium.net\/index.php\/wp-json\/wp\/v2\/types\/post"}],"author":[{"embeddable":true,"href":"https:\/\/www.brundisium.net\/index.php\/wp-json\/wp\/v2\/users\/2"}],"replies":[{"embeddable":true,"href":"https:\/\/www.brundisium.net\/index.php\/wp-json\/wp\/v2\/comments?post=186683"}],"version-history":[{"count":1,"href":"https:\/\/www.brundisium.net\/index.php\/wp-json\/wp\/v2\/posts\/186683\/revisions"}],"predecessor-version":[{"id":186688,"href":"https:\/\/www.brundisium.net\/index.php\/wp-json\/wp\/v2\/posts\/186683\/revisions\/186688"}],"wp:featuredmedia":[{"embeddable":true,"href":"https:\/\/www.brundisium.net\/index.php\/wp-json\/wp\/v2\/media\/171586"}],"wp:attachment":[{"href":"https:\/\/www.brundisium.net\/index.php\/wp-json\/wp\/v2\/media?parent=186683"}],"wp:term":[{"taxonomy":"category","embeddable":true,"href":"https:\/\/www.brundisium.net\/index.php\/wp-json\/wp\/v2\/categories?post=186683"},{"taxonomy":"post_tag","embeddable":true,"href":"https:\/\/www.brundisium.net\/index.php\/wp-json\/wp\/v2\/tags?post=186683"}],"curies":[{"name":"wp","href":"https:\/\/api.w.org\/{rel}","templated":true}]}}