{"id":187018,"date":"2021-05-03T17:45:58","date_gmt":"2021-05-03T15:45:58","guid":{"rendered":"https:\/\/www.brundisium.net\/?p=187018"},"modified":"2021-05-03T17:46:21","modified_gmt":"2021-05-03T15:46:21","slug":"brindisi-corfu-maltinti-gia-raggiungete-40-iscrizioni-per-i-velisti-sara-il-ritorno-alla-normalita","status":"publish","type":"post","link":"https:\/\/www.brundisium.net\/index.php\/brindisi-corfu-maltinti-gia-raggiungete-40-iscrizioni-per-i-velisti-sara-il-ritorno-alla-normalita\/","title":{"rendered":"Brindisi-Corf\u00f9, Maltinti: &#8220;gi\u00e0 raggiungete 40 iscrizioni. Per i velisti sar\u00e0 il ritorno alla normalit\u00e0&#8221;"},"content":{"rendered":"<p>Veniamo informati dal Presidente del Circolo della Vela Brindisi, Fabrizio Maltinti, che \u00abPer rispondere alle molte richieste che riceviamo sui social, ci tengo a confermare che lo Staff del Circolo continua, alacremente e con la consueta passione, a portare avanti la pianificazione ed i lavori per la realizzazione al meglio della 35^ Edizione della Regata Internazionale Brindisi-Corf\u00f9\u00bb.<br \/>\nContinua Maltinti \u00abCerto, con i partner greci si va avanti nonostante le molte difficolt\u00e0 ed incertezze derivanti dalla contingente situazione pandemica e la conseguente situazione economica &#8211; sia qui da noi che da loro in Grecia. Ma questo non ci spaventa di certo, n\u00e9 ci frena, anzi, semmai ci stimola a fare sempre meglio\u00bb.<\/p>\n<p>Ed ancora \u00abNonostante queste difficolt\u00e0 organizzative, ieri, 30 aprile, abbiamo gi\u00e0 raggiunto le 40 imbarcazioni iscritte, a dimostrazione dell\u2019entusiasmo che il ritorno alle regate, al mare, alle vacanze scatena tra i velisti. Si tratta di un numero perfettamente in media con le prenotazioni che venivano registrate nelle edizioni \u201cnormali\u201d, cosa che fa ben sperare per la buona riuscita dell\u2019evento, anche perch\u00e9 molte altre sono state le manifestazioni di interesse da parte di altri armatori\u00bb.<br \/>\n\u00abLa Brindisi-Corf\u00f9 \u00e8 un evento che, se in tempi \u201cnormali\u201d segnava l\u2019inizio dell\u2019estate e delle vacanze, quest\u2019anno, almeno per i velisti, potrebbe rappresentare un ritorno alla normalit\u00e0 \u00bb.<\/p>\n","protected":false},"excerpt":{"rendered":"<p>Veniamo informati dal Presidente del Circolo della Vela Brindisi, Fabrizio Maltinti, che \u00abPer rispondere alle molte richieste che riceviamo sui social, ci tengo a confermare che lo Staff del Circolo continua, alacremente e con la consueta passione, a portare avanti la pianificazione ed i lavori per la realizzazione al meglio della 35^ Edizione della Regata Internazionale Brindisi-Corf\u00f9\u00bb. Continua Maltinti \u00abCerto, con i partner greci si va avanti nonostante le molte difficolt\u00e0 ed incertezze derivanti dalla contingente situazione pandemica e la conseguente situazione economica &#8211; sia qui da noi che da loro in Grecia. Ma questo non ci spaventa di certo, n\u00e9 ci frena, anzi, semmai ci stimola a fare sempre meglio\u00bb. Ed ancora \u00abNonostante queste difficolt\u00e0 organizzative, ieri, 30 aprile, abbiamo gi\u00e0 raggiunto le 40 imbarcazioni iscritte, a dimostrazione dell\u2019entusiasmo che il ritorno alle regate, al mare, alle vacanze scatena tra i velisti. Si tratta di un numero perfettamente in media con le prenotazioni che venivano registrate nelle edizioni \u201cnormali\u201d, cosa che fa ben sperare per la buona riuscita dell\u2019evento,&#8230;<\/p>\n","protected":false},"author":2,"featured_media":149817,"comment_status":"open","ping_status":"closed","sticky":false,"template":"","format":"standard","meta":{"footnotes":""},"categories":[1232],"tags":[],"class_list":["post-187018","post","type-post","status-publish","format-standard","has-post-thumbnail","hentry","category-vela"],"_links":{"self":[{"href":"https:\/\/www.brundisium.net\/index.php\/wp-json\/wp\/v2\/posts\/187018","targetHints":{"allow":["GET"]}}],"collection":[{"href":"https:\/\/www.brundisium.net\/index.php\/wp-json\/wp\/v2\/posts"}],"about":[{"href":"https:\/\/www.brundisium.net\/index.php\/wp-json\/wp\/v2\/types\/post"}],"author":[{"embeddable":true,"href":"https:\/\/www.brundisium.net\/index.php\/wp-json\/wp\/v2\/users\/2"}],"replies":[{"embeddable":true,"href":"https:\/\/www.brundisium.net\/index.php\/wp-json\/wp\/v2\/comments?post=187018"}],"version-history":[{"count":2,"href":"https:\/\/www.brundisium.net\/index.php\/wp-json\/wp\/v2\/posts\/187018\/revisions"}],"predecessor-version":[{"id":187027,"href":"https:\/\/www.brundisium.net\/index.php\/wp-json\/wp\/v2\/posts\/187018\/revisions\/187027"}],"wp:featuredmedia":[{"embeddable":true,"href":"https:\/\/www.brundisium.net\/index.php\/wp-json\/wp\/v2\/media\/149817"}],"wp:attachment":[{"href":"https:\/\/www.brundisium.net\/index.php\/wp-json\/wp\/v2\/media?parent=187018"}],"wp:term":[{"taxonomy":"category","embeddable":true,"href":"https:\/\/www.brundisium.net\/index.php\/wp-json\/wp\/v2\/categories?post=187018"},{"taxonomy":"post_tag","embeddable":true,"href":"https:\/\/www.brundisium.net\/index.php\/wp-json\/wp\/v2\/tags?post=187018"}],"curies":[{"name":"wp","href":"https:\/\/api.w.org\/{rel}","templated":true}]}}