{"id":187365,"date":"2021-05-11T17:41:06","date_gmt":"2021-05-11T15:41:06","guid":{"rendered":"https:\/\/www.brundisium.net\/?p=187365"},"modified":"2021-05-11T17:41:06","modified_gmt":"2021-05-11T15:41:06","slug":"nominato-il-nuovo-coordinamento-dei-verdi-della-provincia-di-brindisi","status":"publish","type":"post","link":"https:\/\/www.brundisium.net\/index.php\/nominato-il-nuovo-coordinamento-dei-verdi-della-provincia-di-brindisi\/","title":{"rendered":"Nominato il nuovo Coordinamento dei Verdi della Provincia di Brindisi"},"content":{"rendered":"<p>Con Verbale del 09 maggio 2021, i Co-portavoce della Federazione dei Verdi Puglia Fulvia Gravame e Mimmo Lomelo hanno nominato il nuovo Coordinamento dei Verdi della Provincia di Brindisi cos\u00ec composto: Sandra Barberino (Cisternino), Luigi Eduardo Conte (Torchiarolo), Vincenzo De Carlo (Fasano), Pietro Laritonda (Brindisi), Daniele Massaro (Latiano), Caterina Marini (Fasano), Domenico Turrisi (Brindisi).<\/p>\n<p>&nbsp;<\/p>\n<p>La nomina del nuovo Coordinamento Verdi Provinciale nasce dalla constatazione che gli organi della Federazione dei Verdi di Brindisi sono decaduti da diverso tempo e dalla necessit\u00e0 di riorganizzare i Verdi sul territorio a conferma della presenza, in provincia, di un gruppo di iscritti vivace e determinato a impegnarsi per far crescere l&#8217;ecologismo politico. Un gruppo di iscritti che vuole crescere e che prova a darsi una struttura ed una programmazione per intercettare i tanti cittadini che sono sensibili alle proposte ecologiste. Del resto, anche alle scorse elezioni per l&#8217;elezione del nuovo consiglio regionale, i due candidati dei Verdi della provincia di Brindisi hanno ottenuto un discreto consenso dimostrando la sensibilit\u00e0 ecologista gi\u00e0 viva e pulsante sul territorio. Il Coordinamento avr\u00e0 anche il compito di ottemperare agli adempimenti necessari alla elezione dei delegati della Provincia di Brindisi all&#8217;Assemblea Costituente nazionale di Europa Verde e, successivamente, di portare i Verdi all&#8217;Assemblea per il rinnovo degli organi statutari.<\/p>\n<p>&nbsp;<\/p>\n<p>EUROPA VERDE PROVINCIALE DI BRINDISI<\/p>\n","protected":false},"excerpt":{"rendered":"<p>Con Verbale del 09 maggio 2021, i Co-portavoce della Federazione dei Verdi Puglia Fulvia Gravame e Mimmo Lomelo hanno nominato il nuovo Coordinamento dei Verdi della Provincia di Brindisi cos\u00ec composto: Sandra Barberino (Cisternino), Luigi Eduardo Conte (Torchiarolo), Vincenzo De Carlo (Fasano), Pietro Laritonda (Brindisi), Daniele Massaro (Latiano), Caterina Marini (Fasano), Domenico Turrisi (Brindisi). &nbsp; La nomina del nuovo Coordinamento Verdi Provinciale nasce dalla constatazione che gli organi della Federazione dei Verdi di Brindisi sono decaduti da diverso tempo e dalla necessit\u00e0 di riorganizzare i Verdi sul territorio a conferma della presenza, in provincia, di un gruppo di iscritti vivace e determinato a impegnarsi per far crescere l&#8217;ecologismo politico. Un gruppo di iscritti che vuole crescere e che prova a darsi una struttura ed una programmazione per intercettare i tanti cittadini che sono sensibili alle proposte ecologiste. Del resto, anche alle scorse elezioni per l&#8217;elezione del nuovo consiglio regionale, i due candidati dei Verdi della provincia di Brindisi hanno ottenuto un discreto consenso dimostrando la sensibilit\u00e0 ecologista gi\u00e0 viva e&#8230;<\/p>\n","protected":false},"author":2,"featured_media":177196,"comment_status":"open","ping_status":"closed","sticky":false,"template":"","format":"standard","meta":{"footnotes":""},"categories":[7],"tags":[],"class_list":["post-187365","post","type-post","status-publish","format-standard","has-post-thumbnail","hentry","category-news"],"_links":{"self":[{"href":"https:\/\/www.brundisium.net\/index.php\/wp-json\/wp\/v2\/posts\/187365","targetHints":{"allow":["GET"]}}],"collection":[{"href":"https:\/\/www.brundisium.net\/index.php\/wp-json\/wp\/v2\/posts"}],"about":[{"href":"https:\/\/www.brundisium.net\/index.php\/wp-json\/wp\/v2\/types\/post"}],"author":[{"embeddable":true,"href":"https:\/\/www.brundisium.net\/index.php\/wp-json\/wp\/v2\/users\/2"}],"replies":[{"embeddable":true,"href":"https:\/\/www.brundisium.net\/index.php\/wp-json\/wp\/v2\/comments?post=187365"}],"version-history":[{"count":2,"href":"https:\/\/www.brundisium.net\/index.php\/wp-json\/wp\/v2\/posts\/187365\/revisions"}],"predecessor-version":[{"id":187372,"href":"https:\/\/www.brundisium.net\/index.php\/wp-json\/wp\/v2\/posts\/187365\/revisions\/187372"}],"wp:featuredmedia":[{"embeddable":true,"href":"https:\/\/www.brundisium.net\/index.php\/wp-json\/wp\/v2\/media\/177196"}],"wp:attachment":[{"href":"https:\/\/www.brundisium.net\/index.php\/wp-json\/wp\/v2\/media?parent=187365"}],"wp:term":[{"taxonomy":"category","embeddable":true,"href":"https:\/\/www.brundisium.net\/index.php\/wp-json\/wp\/v2\/categories?post=187365"},{"taxonomy":"post_tag","embeddable":true,"href":"https:\/\/www.brundisium.net\/index.php\/wp-json\/wp\/v2\/tags?post=187365"}],"curies":[{"name":"wp","href":"https:\/\/api.w.org\/{rel}","templated":true}]}}