{"id":18858,"date":"2014-07-30T20:00:15","date_gmt":"2014-07-30T18:00:15","guid":{"rendered":"http:\/\/www.brundisium.net\/brun\/?p=18858"},"modified":"2014-07-30T20:18:10","modified_gmt":"2014-07-30T18:18:10","slug":"quartiere-musicisti-dalema-curto-ha-le-idee-molto-confuse","status":"publish","type":"post","link":"https:\/\/www.brundisium.net\/index.php\/quartiere-musicisti-dalema-curto-ha-le-idee-molto-confuse\/","title":{"rendered":"Quartiere Musicisti, D&#8217;Alema: &#8220;Curto ha le idee molto confuse&#8221;"},"content":{"rendered":"<p>A proposito del vincolo idrogeologico R4 del Quartiere Musicisti sono costretto a rilevare il colpevole ritardo con il quale il sen. Curto ha deciso di tentare di porre riparo al disastro provocato, a sua insaputa, da una Amministrazione di cui lui non era certamente l&#8217;ultima ruota del carro. Meglio tardi che mai!<\/p>\n<p>Dovr\u00e0 darsi molto da fare, per\u00f2, per colmare l&#8217;ignoranza quasi decennale del problema sul quale mostra di avere le idee molto confuse.<\/p>\n<p>Egli, infatti, ha dichiarato pubblicamente che il vincolo \u00e8 stato proposto all&#8217;Autorit\u00e0 di bacino dall&#8217;Assessore Lopalco ignorando che detto vincolo \u00e8 stato imposto mediante l&#8217;approvazione del PAI ( Piano di Assetto idrogeologico) con delibera n.39 del 30 novembre 2005 da parte del Comitato Istituzionale dell&#8217;Autorit\u00e0 di bacino.<\/p>\n<p>Se fosse stato pi\u00f9 attento ai bisogni della gente avrebbe potuto evitare che ci\u00f2 accadesse. Dice, pretendendo che qualcuno gli creda, di aver incontrato il responsabile dell&#8217;Autorit\u00e0 di bacino e di aver sollecitato pi\u00f9 volte l&#8217;Assessore all&#8217;urbanistica ma di tutto questo non esiste evidenza pubblica.<\/p>\n<p>Di certo ci sono sono solo le varie registrazioni audio-video del Consiglio comunale da dove si evince che il sottoscritto \u00e8 stato lasciato completamento solo a parlare del Quartiere Musicisti.<\/p>\n<p>\u00c8 benvenuto, comunque, l&#8217;impegno del sen. Curto perch\u00e8, ne sono certo, la sua autorevolezza aiuter\u00e0 a far s\u00ec che il Quartiere Musicisti abbia le risposte che si aspetta; anche se a progetto definitivo approvato e a lavori aggiudicati ( per il primo stralcio ) sar\u00e0 decisivo l&#8217;operato del Sindaco Maurizio Bruno, che ha promesso il massimo impegno, per declassare il vincolo R4 a valori pi\u00f9 aderenti alla realt\u00e0.<\/p>\n<p><strong>FRANCO D&#8217;ALEMA &#8211; GI\u00c0 PRESIDENTE DEL CONSIGLIO COMUNALE DI FRANCAVILLA FONTANA<\/strong><\/p>\n","protected":false},"excerpt":{"rendered":"<p>A proposito del vincolo idrogeologico R4 del Quartiere Musicisti sono costretto a rilevare il colpevole ritardo con il quale il sen. Curto ha deciso di tentare di porre riparo al disastro provocato, a sua insaputa, da una Amministrazione di cui lui non era certamente l&#8217;ultima ruota del carro. Meglio tardi che mai! Dovr\u00e0 darsi molto da fare, per\u00f2, per colmare l&#8217;ignoranza quasi decennale del problema sul quale mostra di avere le idee molto confuse. Egli, infatti, ha dichiarato pubblicamente che il vincolo \u00e8 stato proposto all&#8217;Autorit\u00e0 di bacino dall&#8217;Assessore Lopalco ignorando che detto vincolo \u00e8 stato imposto mediante l&#8217;approvazione del PAI ( Piano di Assetto idrogeologico) con delibera n.39 del 30 novembre 2005 da parte del Comitato Istituzionale dell&#8217;Autorit\u00e0 di bacino. Se fosse stato pi\u00f9 attento ai bisogni della gente avrebbe potuto evitare che ci\u00f2 accadesse. Dice, pretendendo che qualcuno gli creda, di aver incontrato il responsabile dell&#8217;Autorit\u00e0 di bacino e di aver sollecitato pi\u00f9 volte l&#8217;Assessore all&#8217;urbanistica ma di tutto questo non esiste evidenza pubblica. Di certo ci sono&#8230;<\/p>\n","protected":false},"author":2,"featured_media":18859,"comment_status":"open","ping_status":"open","sticky":false,"template":"","format":"standard","meta":{"footnotes":""},"categories":[7],"tags":[1389,27,1635],"class_list":["post-18858","post","type-post","status-publish","format-standard","has-post-thumbnail","hentry","category-news","tag-dalema","tag-francavilla","tag-quartiere-musicisti"],"_links":{"self":[{"href":"https:\/\/www.brundisium.net\/index.php\/wp-json\/wp\/v2\/posts\/18858","targetHints":{"allow":["GET"]}}],"collection":[{"href":"https:\/\/www.brundisium.net\/index.php\/wp-json\/wp\/v2\/posts"}],"about":[{"href":"https:\/\/www.brundisium.net\/index.php\/wp-json\/wp\/v2\/types\/post"}],"author":[{"embeddable":true,"href":"https:\/\/www.brundisium.net\/index.php\/wp-json\/wp\/v2\/users\/2"}],"replies":[{"embeddable":true,"href":"https:\/\/www.brundisium.net\/index.php\/wp-json\/wp\/v2\/comments?post=18858"}],"version-history":[{"count":1,"href":"https:\/\/www.brundisium.net\/index.php\/wp-json\/wp\/v2\/posts\/18858\/revisions"}],"predecessor-version":[{"id":18860,"href":"https:\/\/www.brundisium.net\/index.php\/wp-json\/wp\/v2\/posts\/18858\/revisions\/18860"}],"wp:featuredmedia":[{"embeddable":true,"href":"https:\/\/www.brundisium.net\/index.php\/wp-json\/wp\/v2\/media\/18859"}],"wp:attachment":[{"href":"https:\/\/www.brundisium.net\/index.php\/wp-json\/wp\/v2\/media?parent=18858"}],"wp:term":[{"taxonomy":"category","embeddable":true,"href":"https:\/\/www.brundisium.net\/index.php\/wp-json\/wp\/v2\/categories?post=18858"},{"taxonomy":"post_tag","embeddable":true,"href":"https:\/\/www.brundisium.net\/index.php\/wp-json\/wp\/v2\/tags?post=18858"}],"curies":[{"name":"wp","href":"https:\/\/api.w.org\/{rel}","templated":true}]}}