{"id":189834,"date":"2021-07-08T14:58:21","date_gmt":"2021-07-08T12:58:21","guid":{"rendered":"https:\/\/www.brundisium.net\/?p=189834"},"modified":"2021-07-08T14:58:21","modified_gmt":"2021-07-08T12:58:21","slug":"gestione-del-traffico-a-brindisi-confcommercio-chiesto-confronto-allamministrazione-comunale-occorre-condivisione","status":"publish","type":"post","link":"https:\/\/www.brundisium.net\/index.php\/gestione-del-traffico-a-brindisi-confcommercio-chiesto-confronto-allamministrazione-comunale-occorre-condivisione\/","title":{"rendered":"Gestione del traffico a Brindisi, ConfCommercio: &#8220;chiesto confronto all&#8217;Amministrazione Comunale. Occorre condivisione&#8221;"},"content":{"rendered":"<p>La gestione del traffico nella citt\u00e0 di Brindisi continua a rappresentare un problema particolarmente importante, in quanto l\u2019accesso al centro cittadino \u00e8 diventato estremamente difficile, se non addirittura impossibile. La cronica carenza di posti-auto, infatti, rischia di vanificare gli sforzi dei commercianti e della stessa Amministrazione Comunale di rendere pi\u00f9 appetibile e attrattivo il cuore della citt\u00e0.<\/p>\n<p>A quanto risulta, sono state avviate le attivit\u00e0 di studio del Piano Urbano della Mobilit\u00e0 Sostenibile (PUMS). La Confcommercio, a tal proposito, ritiene di poter offrire il proprio contributo in termini propositivi, sottoponendo alcune proposte finalizzate ad individuare soluzioni (temporanee e definitive) al problema dei parcheggi. Da qui una richiesta rivolta<\/p>\n<p>In particolare, all\u2019Assessore alla Mobilit\u00e0 ed ai Trasporti Tiziana Brigante.<\/p>\n<p>Una prima verifica potr\u00e0 essere effettuata in relazione alla possibilit\u00e0 di utilizzo dell\u2019area di Sant\u2019Apollinare, previa intesa con l\u2019Autorit\u00e0 di Sistema Portuale. In passato, come \u00e8 noto, tale utilizzo \u00e8 stato concesso, sia come area-eventi che come parcheggio.<\/p>\n<p>Un\u2019altra ipotesi potrebbe essere quella dell\u2019utilizzo delle aree di sosta del parco Cillarese, da collegare al centro urbano con una fermata della motobarca o con una navetta su gomma.<\/p>\n<p>Ed \u00e8 utilizzabile, durante le ore serali, anche l\u2019ampia area di parcheggio di via Dalmazia (lato destro e lato sinistro), oltre al parcheggio anteriore del supermercato Conad, di propriet\u00e0 comunale. Anche in questo caso si renderebbe necessario il collegamento con una navetta (gi\u00e0 sperimentato in passato).<\/p>\n<p>Il tutto, in aggiunta alla disponibilit\u00e0 (ci auguriamo immediata) dell\u2019area di sosta creata nella parte anteriore dell\u2019ex Collegio Tommaseo, cos\u00ec come annunciato nelle scorse settimane dal sindaco Rossi.<\/p>\n<p>Il tutto, in aggiunta ad un approfondimento sulla disponibilit\u00e0 e la fruibilit\u00e0 di altre aree, alcune delle quali ricadenti su sedimi ferroviari ormai dismessi.<\/p>\n<p>&nbsp;<\/p>\n<p>&nbsp;<\/p>\n<p><em><strong>Confcommercio Brindisi<\/strong><\/em><\/p>\n","protected":false},"excerpt":{"rendered":"<p>La gestione del traffico nella citt\u00e0 di Brindisi continua a rappresentare un problema particolarmente importante, in quanto l\u2019accesso al centro cittadino \u00e8 diventato estremamente difficile, se non addirittura impossibile. La cronica carenza di posti-auto, infatti, rischia di vanificare gli sforzi dei commercianti e della stessa Amministrazione Comunale di rendere pi\u00f9 appetibile e attrattivo il cuore della citt\u00e0. A quanto risulta, sono state avviate le attivit\u00e0 di studio del Piano Urbano della Mobilit\u00e0 Sostenibile (PUMS). La Confcommercio, a tal proposito, ritiene di poter offrire il proprio contributo in termini propositivi, sottoponendo alcune proposte finalizzate ad individuare soluzioni (temporanee e definitive) al problema dei parcheggi. Da qui una richiesta rivolta In particolare, all\u2019Assessore alla Mobilit\u00e0 ed ai Trasporti Tiziana Brigante. Una prima verifica potr\u00e0 essere effettuata in relazione alla possibilit\u00e0 di utilizzo dell\u2019area di Sant\u2019Apollinare, previa intesa con l\u2019Autorit\u00e0 di Sistema Portuale. In passato, come \u00e8 noto, tale utilizzo \u00e8 stato concesso, sia come area-eventi che come parcheggio. Un\u2019altra ipotesi potrebbe essere quella dell\u2019utilizzo delle aree di sosta del parco Cillarese, da&#8230;<\/p>\n","protected":false},"author":2,"featured_media":155848,"comment_status":"open","ping_status":"closed","sticky":false,"template":"","format":"standard","meta":{"footnotes":""},"categories":[7],"tags":[],"class_list":["post-189834","post","type-post","status-publish","format-standard","has-post-thumbnail","hentry","category-news"],"_links":{"self":[{"href":"https:\/\/www.brundisium.net\/index.php\/wp-json\/wp\/v2\/posts\/189834","targetHints":{"allow":["GET"]}}],"collection":[{"href":"https:\/\/www.brundisium.net\/index.php\/wp-json\/wp\/v2\/posts"}],"about":[{"href":"https:\/\/www.brundisium.net\/index.php\/wp-json\/wp\/v2\/types\/post"}],"author":[{"embeddable":true,"href":"https:\/\/www.brundisium.net\/index.php\/wp-json\/wp\/v2\/users\/2"}],"replies":[{"embeddable":true,"href":"https:\/\/www.brundisium.net\/index.php\/wp-json\/wp\/v2\/comments?post=189834"}],"version-history":[{"count":1,"href":"https:\/\/www.brundisium.net\/index.php\/wp-json\/wp\/v2\/posts\/189834\/revisions"}],"predecessor-version":[{"id":189835,"href":"https:\/\/www.brundisium.net\/index.php\/wp-json\/wp\/v2\/posts\/189834\/revisions\/189835"}],"wp:featuredmedia":[{"embeddable":true,"href":"https:\/\/www.brundisium.net\/index.php\/wp-json\/wp\/v2\/media\/155848"}],"wp:attachment":[{"href":"https:\/\/www.brundisium.net\/index.php\/wp-json\/wp\/v2\/media?parent=189834"}],"wp:term":[{"taxonomy":"category","embeddable":true,"href":"https:\/\/www.brundisium.net\/index.php\/wp-json\/wp\/v2\/categories?post=189834"},{"taxonomy":"post_tag","embeddable":true,"href":"https:\/\/www.brundisium.net\/index.php\/wp-json\/wp\/v2\/tags?post=189834"}],"curies":[{"name":"wp","href":"https:\/\/api.w.org\/{rel}","templated":true}]}}