{"id":190011,"date":"2021-07-10T16:18:42","date_gmt":"2021-07-10T14:18:42","guid":{"rendered":"https:\/\/www.brundisium.net\/?p=190011"},"modified":"2021-07-10T16:18:42","modified_gmt":"2021-07-10T14:18:42","slug":"grosso-incendio-nella-zona-industriale-di-san-vito-dei-normanni","status":"publish","type":"post","link":"https:\/\/www.brundisium.net\/index.php\/grosso-incendio-nella-zona-industriale-di-san-vito-dei-normanni\/","title":{"rendered":"Grosso incendio nella zona industriale di San Vito dei Normanni"},"content":{"rendered":"<p><a href=\"https:\/\/www.brundisium.net\/brun\/wp-content\/uploads\/2021\/07\/incendio-2.jpg\"><img loading=\"lazy\" decoding=\"async\" src=\"https:\/\/www.brundisium.net\/brun\/wp-content\/uploads\/2021\/07\/incendio-2-231x300.jpg\" alt=\"\" width=\"231\" height=\"300\" class=\"alignleft size-medium wp-image-190013\" srcset=\"https:\/\/www.brundisium.net\/brun\/wp-content\/uploads\/2021\/07\/incendio-2-231x300.jpg 231w, https:\/\/www.brundisium.net\/brun\/wp-content\/uploads\/2021\/07\/incendio-2-788x1024.jpg 788w, https:\/\/www.brundisium.net\/brun\/wp-content\/uploads\/2021\/07\/incendio-2-768x998.jpg 768w, https:\/\/www.brundisium.net\/brun\/wp-content\/uploads\/2021\/07\/incendio-2.jpg 1004w\" sizes=\"auto, (max-width: 231px) 100vw, 231px\" \/><\/a><br \/>\n&#8220;Un grosso incendio si \u00e8 sviluppato oggi in un terreno della Zona Industriale di San Vito dei Normanni. Agevolate dal vento, le fiamme si sono propagate nel giro di pochi minuti investendo diversi alberi d&#8217;ulivo. Proprio il vento ha fatto s\u00ec che il territorio della provincia sia stato interessato oggi da numerosi incendi; pervenuta la prima chiamata al Comando di Polizia Locale intorno a mezzogiorno, per circa 2 ore non \u00e8 stato possibile l&#8217;intervento dei Vigili del Fuoco impegnati in numerosi interventi contemporanei&#8221;.<br \/>\nLo ha reso nota Silvana Errico, Sindaco di San Vito dei Normanni.<\/p>\n<p>&#8220;In attesa dell&#8217;arrivo delle autocisterne gli Agenti in servizio, Marco Travaglini e Gabriele Gioffredi hanno gestito in maniera encomiabile l&#8217;emergenza chiudendo al traffico una corsia di marcia, svolgendo servizio di viabilit\u00e0 e addirittura &#8211; con la collaborazione di alcuni cittadini, che ringrazio per il senso civico &#8211; tentando di fermare le fiamme e salvando in questo modo alcuni ulivi&#8221;.<\/p>\n<p>Grazie alla sinergia tra i vari Uffici dell&#8217;Ente molti terreni, privati e comunali, sono stati ripuliti dalle erbacce; il controllo del territorio, una tra le numerosissime incombenze dei vari settori, \u00e8 attivit\u00e0 complessa anche in considerazione del fatto che in molti casi l&#8217;onere della manutenzione \u00e8 ripartito tra vari eredi; episodi come quello di oggi sono pertanto da anni frequenti.<br \/>\nInsieme alla piaga della xylella gli incendi stanno privando il nostro territorio della sua maggiore ricchezza; ancora pi\u00f9 grande \u00e8 perci\u00f2 il mio ringraziamento, a nome di tutta la comunit\u00e0 sanvitese, ai ragazzi della Polizia Locale che oggi, andando ben oltre competenze e mansioni proprie della qualifica, hanno dimostrato uno spiccato senso del dovere non disdegnando di usare rastrelli, pale e secchi e riducendo in tal modo  per quanto possibile i danni del fuoco&#8221;.<\/p>\n","protected":false},"excerpt":{"rendered":"<p>&#8220;Un grosso incendio si \u00e8 sviluppato oggi in un terreno della Zona Industriale di San Vito dei Normanni. Agevolate dal vento, le fiamme si sono propagate nel giro di pochi minuti investendo diversi alberi d&#8217;ulivo. Proprio il vento ha fatto s\u00ec che il territorio della provincia sia stato interessato oggi da numerosi incendi; pervenuta la prima chiamata al Comando di Polizia Locale intorno a mezzogiorno, per circa 2 ore non \u00e8 stato possibile l&#8217;intervento dei Vigili del Fuoco impegnati in numerosi interventi contemporanei&#8221;. Lo ha reso nota Silvana Errico, Sindaco di San Vito dei Normanni. &#8220;In attesa dell&#8217;arrivo delle autocisterne gli Agenti in servizio, Marco Travaglini e Gabriele Gioffredi hanno gestito in maniera encomiabile l&#8217;emergenza chiudendo al traffico una corsia di marcia, svolgendo servizio di viabilit\u00e0 e addirittura &#8211; con la collaborazione di alcuni cittadini, che ringrazio per il senso civico &#8211; tentando di fermare le fiamme e salvando in questo modo alcuni ulivi&#8221;. Grazie alla sinergia tra i vari Uffici dell&#8217;Ente molti terreni, privati e comunali, sono stati ripuliti&#8230;<\/p>\n","protected":false},"author":2,"featured_media":190012,"comment_status":"open","ping_status":"closed","sticky":false,"template":"","format":"standard","meta":{"footnotes":""},"categories":[7],"tags":[],"class_list":["post-190011","post","type-post","status-publish","format-standard","has-post-thumbnail","hentry","category-news"],"_links":{"self":[{"href":"https:\/\/www.brundisium.net\/index.php\/wp-json\/wp\/v2\/posts\/190011","targetHints":{"allow":["GET"]}}],"collection":[{"href":"https:\/\/www.brundisium.net\/index.php\/wp-json\/wp\/v2\/posts"}],"about":[{"href":"https:\/\/www.brundisium.net\/index.php\/wp-json\/wp\/v2\/types\/post"}],"author":[{"embeddable":true,"href":"https:\/\/www.brundisium.net\/index.php\/wp-json\/wp\/v2\/users\/2"}],"replies":[{"embeddable":true,"href":"https:\/\/www.brundisium.net\/index.php\/wp-json\/wp\/v2\/comments?post=190011"}],"version-history":[{"count":1,"href":"https:\/\/www.brundisium.net\/index.php\/wp-json\/wp\/v2\/posts\/190011\/revisions"}],"predecessor-version":[{"id":190014,"href":"https:\/\/www.brundisium.net\/index.php\/wp-json\/wp\/v2\/posts\/190011\/revisions\/190014"}],"wp:featuredmedia":[{"embeddable":true,"href":"https:\/\/www.brundisium.net\/index.php\/wp-json\/wp\/v2\/media\/190012"}],"wp:attachment":[{"href":"https:\/\/www.brundisium.net\/index.php\/wp-json\/wp\/v2\/media?parent=190011"}],"wp:term":[{"taxonomy":"category","embeddable":true,"href":"https:\/\/www.brundisium.net\/index.php\/wp-json\/wp\/v2\/categories?post=190011"},{"taxonomy":"post_tag","embeddable":true,"href":"https:\/\/www.brundisium.net\/index.php\/wp-json\/wp\/v2\/tags?post=190011"}],"curies":[{"name":"wp","href":"https:\/\/api.w.org\/{rel}","templated":true}]}}