{"id":190872,"date":"2021-07-27T13:36:09","date_gmt":"2021-07-27T11:36:09","guid":{"rendered":"https:\/\/www.brundisium.net\/?p=190872"},"modified":"2021-07-27T16:42:16","modified_gmt":"2021-07-27T14:42:16","slug":"capossela-e-modigliani-tra-musica-e-arte-se-ne-discute-a-mesagne","status":"publish","type":"post","link":"https:\/\/www.brundisium.net\/index.php\/capossela-e-modigliani-tra-musica-e-arte-se-ne-discute-a-mesagne\/","title":{"rendered":"Capossela e Modigliani tra musica e arte: se ne discute a Mesagne"},"content":{"rendered":"<p>Venerd\u00ec 30 luglio, nell\u2019ambito del cartellone degli eventi collaterali che caratterizzeranno l&#8217;offerta culturale della mostra &#8220;Modigliani Experience&#8221;, si svolger\u00e0 l\u2019evento dal titolo &#8220;Vinicio Capossela: Mod\u00ec radiografia di un disco e altri racconti&#8221;. L\u2019appuntamento \u00e8 per le ore 20,30 in Via Castello al civico 14 (open space). A parlare delle affinit\u00e0 elettive fra il cantautore e Amedeo Modigliani  ci sar\u00e0 la scrittrice Laura Rizzo autrice del libro &#8220;Canzoni a Manovella. Vinicio Capossela&#8221; per Arcana Edizioni. L\u2019iniziativa, patrocinata dal Comune di Mesagne, \u00e8 organizzata da Puglia Walking Art in collaborazione con la libreria Spazio d\u2019Autore. Nella storia la correlazione fra musica ed arte \u00e8 sempre stata fortissima. In particolare il legame fra Capossela e Modigliani \u00e8 sintetizzato perfettamente in una dichiarazione che lo stesso cantautore fece ad Artribune: \u201cL\u2019eroe della mia giovent\u00f9 bohemienne fu Amedeo Modigliani, tanto per l\u2019opera quanto per la vicenda umana\u201d. Per questo nasce &#8220;Mod\u00ec&#8221;, il suo secondo disco dedicato interamente al grande pittore. Un lavoro, quello di Capossela, caratterizzato da sezioni d&#8217;archi, chitarre e da testi ricchi di emozioni che compongono davvero un quadro perfetto.Alla serata Intervengono anche Marco Cal\u00f2 consulente comunale di Mesagne alle Politiche culturali; Pierangelo Argentieri, ideatore e promotore di Puglia Walking Art.<\/p>\n","protected":false},"excerpt":{"rendered":"<p>Venerd\u00ec 30 luglio, nell\u2019ambito del cartellone degli eventi collaterali che caratterizzeranno l&#8217;offerta culturale della mostra &#8220;Modigliani Experience&#8221;, si svolger\u00e0 l\u2019evento dal titolo &#8220;Vinicio Capossela: Mod\u00ec radiografia di un disco e altri racconti&#8221;. L\u2019appuntamento \u00e8 per le ore 20,30 in Via Castello al civico 14 (open space). A parlare delle affinit\u00e0 elettive fra il cantautore e Amedeo Modigliani ci sar\u00e0 la scrittrice Laura Rizzo autrice del libro &#8220;Canzoni a Manovella. Vinicio Capossela&#8221; per Arcana Edizioni. L\u2019iniziativa, patrocinata dal Comune di Mesagne, \u00e8 organizzata da Puglia Walking Art in collaborazione con la libreria Spazio d\u2019Autore. Nella storia la correlazione fra musica ed arte \u00e8 sempre stata fortissima. In particolare il legame fra Capossela e Modigliani \u00e8 sintetizzato perfettamente in una dichiarazione che lo stesso cantautore fece ad Artribune: \u201cL\u2019eroe della mia giovent\u00f9 bohemienne fu Amedeo Modigliani, tanto per l\u2019opera quanto per la vicenda umana\u201d. Per questo nasce &#8220;Mod\u00ec&#8221;, il suo secondo disco dedicato interamente al grande pittore. Un lavoro, quello di Capossela, caratterizzato da sezioni d&#8217;archi, chitarre e da testi ricchi di&#8230;<\/p>\n","protected":false},"author":2,"featured_media":190874,"comment_status":"open","ping_status":"closed","sticky":false,"template":"","format":"standard","meta":{"footnotes":""},"categories":[7],"tags":[],"class_list":["post-190872","post","type-post","status-publish","format-standard","has-post-thumbnail","hentry","category-news"],"_links":{"self":[{"href":"https:\/\/www.brundisium.net\/index.php\/wp-json\/wp\/v2\/posts\/190872","targetHints":{"allow":["GET"]}}],"collection":[{"href":"https:\/\/www.brundisium.net\/index.php\/wp-json\/wp\/v2\/posts"}],"about":[{"href":"https:\/\/www.brundisium.net\/index.php\/wp-json\/wp\/v2\/types\/post"}],"author":[{"embeddable":true,"href":"https:\/\/www.brundisium.net\/index.php\/wp-json\/wp\/v2\/users\/2"}],"replies":[{"embeddable":true,"href":"https:\/\/www.brundisium.net\/index.php\/wp-json\/wp\/v2\/comments?post=190872"}],"version-history":[{"count":1,"href":"https:\/\/www.brundisium.net\/index.php\/wp-json\/wp\/v2\/posts\/190872\/revisions"}],"predecessor-version":[{"id":190877,"href":"https:\/\/www.brundisium.net\/index.php\/wp-json\/wp\/v2\/posts\/190872\/revisions\/190877"}],"wp:featuredmedia":[{"embeddable":true,"href":"https:\/\/www.brundisium.net\/index.php\/wp-json\/wp\/v2\/media\/190874"}],"wp:attachment":[{"href":"https:\/\/www.brundisium.net\/index.php\/wp-json\/wp\/v2\/media?parent=190872"}],"wp:term":[{"taxonomy":"category","embeddable":true,"href":"https:\/\/www.brundisium.net\/index.php\/wp-json\/wp\/v2\/categories?post=190872"},{"taxonomy":"post_tag","embeddable":true,"href":"https:\/\/www.brundisium.net\/index.php\/wp-json\/wp\/v2\/tags?post=190872"}],"curies":[{"name":"wp","href":"https:\/\/api.w.org\/{rel}","templated":true}]}}