{"id":190890,"date":"2021-07-27T14:01:25","date_gmt":"2021-07-27T12:01:25","guid":{"rendered":"https:\/\/www.brundisium.net\/?p=190890"},"modified":"2021-07-27T17:07:27","modified_gmt":"2021-07-27T15:07:27","slug":"cittadinanzattiva-ricostituita-lassemblea-territoriale-di-brindisi","status":"publish","type":"post","link":"https:\/\/www.brundisium.net\/index.php\/cittadinanzattiva-ricostituita-lassemblea-territoriale-di-brindisi\/","title":{"rendered":"Cittadinanzattiva: ricostituita l&#8217;assemblea territoriale di Brindisi"},"content":{"rendered":"<p>Si \u00e8 ricostituita a Brindisi, in data 23 luglio, l\u2019Assemblea Territoriale di Cittadinanzattiva Aps Puglia con i 117 iscritti.<\/p>\n<p>Cittadinanzattiva \u00e8 un\u2019Associazione no-profit che promuove l&#8217;attivismo volontario dei cittadini finalizzato alla tutela e alla difesa dei diritti riconosciuti dalle leggi e favorisce il riconoscimento di nuovi diritti. Tra i principali obiettivi: dare sostegno alle persone in condizioni di fragilit\u00e0, prevenire le ingiustizie e le sofferenze inutili, adoperarsi per proteggere e prendersi cura dei beni comuni, fornire ai cittadini strumenti per costruire un dialogo ad un livello pi\u00f9 consapevole con le Istituzioni e con i Soggetti Pubblici presenti sul territorio provinciale.<\/p>\n<p>La prima Assemblea della sede Brindisina si \u00e8 svolta alla presenza del Segretario Regionale Cittadinanzattiva, Matteo Valentino, dal Presidente Regionale Cittadinanzattiva, Cesare Certini e del Responsabile Regionale Rete Consumatori, Pio Bufano.<\/p>\n<p>Giuseppina Scarano \u00e8 stata eletta Coordinatrice dell\u2019Assemblea Territoriale di Brindisi, Pietro Dell\u2019Olio \u00e8 stato nominato Vicario e l\u2019attivit\u00e0 di comunicazione \u00e8 stata affidata alla giovanissima volontaria Giulia Grasso.<\/p>\n<p>Il team di volontari che diriger\u00e0 le varie Aree di Interesse \u00e8 composto da:<br \/>\n\u2022 Maria Carrozzo \u2013 Area Tribunale per i Diritti del Malato;<br \/>\n\u2022 Angela Corvino \u2013 Area Attivismo Civico;<br \/>\n\u2022 Francesca Perugino &#8211; Area Rete Giustizia;<br \/>\n\u2022 Rosanna Rossetti &#8211; Area Consumatori;<br \/>\n\u2022 Rosa Leuzzi Area &#8211; Europa, Ambiente, Ecologia;<br \/>\n\u2022 Tiziana Prete &#8211; Area Scuola.<br \/>\n.<\/p>\n<p>\u201cLa decisione di rilanciare Cittadinanzattiva a Brindisi \u00e8 maturata a seguito di attenta e dettagliata analisi del tessuto culturale, sociale ed economico del territorio provinciale di riferimento che ha consentito di misurare la capacit\u00e0\/incapacit\u00e0 delle Istituzioni Locali, deputate all\u2019 erogazione dei servizi pubblici e a dare risposte concrete ed immediate alle istanze dei cittadini\u201d.<\/p>\n<p>\u201cTale studio ha consentito di individuare pi\u00f9 punti di interesse\/ sofferenza meritevoli di attenzioni per diventare, in futuro, riferimento di collaborazioni finalizzate al miglioramento della qualit\u00e0 dei servizi erogati. In sintesi, Cittadinanzattiva vuole dare voce al cittadino grazie all\u2019impegno dei volontari, per costruire una collaborazione ed un dialogo pi\u00f9 efficienti e pi\u00f9 efficaci con Istituzioni e Mondo dell\u2019Associazionismo presenti sul nostro territorio\u201d ha detto la dott.ssa Giuseppina Scarano, spiegando le motivazione che l\u2019hanno portata non solo a candidarsi come Coordinatrice ma anche a ricostituire la Sede Territoriale di Brindisi.<\/p>\n<p>Per seguire le iniziative di Cittadinanza Attiva Brindisi \u00e8 sufficiente collegarsi alla pagina Facebook: https:\/\/www.facebook.com\/cittadinanzattivabrindisi<\/p>\n<p>Per ulteriori informazioni \u00e8 possibile scrivere: cittadinanzattiva.br@libero.it<\/p>\n<p>&nbsp;<\/p>\n","protected":false},"excerpt":{"rendered":"<p>Si \u00e8 ricostituita a Brindisi, in data 23 luglio, l\u2019Assemblea Territoriale di Cittadinanzattiva Aps Puglia con i 117 iscritti. Cittadinanzattiva \u00e8 un\u2019Associazione no-profit che promuove l&#8217;attivismo volontario dei cittadini finalizzato alla tutela e alla difesa dei diritti riconosciuti dalle leggi e favorisce il riconoscimento di nuovi diritti. Tra i principali obiettivi: dare sostegno alle persone in condizioni di fragilit\u00e0, prevenire le ingiustizie e le sofferenze inutili, adoperarsi per proteggere e prendersi cura dei beni comuni, fornire ai cittadini strumenti per costruire un dialogo ad un livello pi\u00f9 consapevole con le Istituzioni e con i Soggetti Pubblici presenti sul territorio provinciale. La prima Assemblea della sede Brindisina si \u00e8 svolta alla presenza del Segretario Regionale Cittadinanzattiva, Matteo Valentino, dal Presidente Regionale Cittadinanzattiva, Cesare Certini e del Responsabile Regionale Rete Consumatori, Pio Bufano. Giuseppina Scarano \u00e8 stata eletta Coordinatrice dell\u2019Assemblea Territoriale di Brindisi, Pietro Dell\u2019Olio \u00e8 stato nominato Vicario e l\u2019attivit\u00e0 di comunicazione \u00e8 stata affidata alla giovanissima volontaria Giulia Grasso. Il team di volontari che diriger\u00e0 le varie Aree di Interesse&#8230;<\/p>\n","protected":false},"author":2,"featured_media":190893,"comment_status":"open","ping_status":"closed","sticky":false,"template":"","format":"standard","meta":{"footnotes":""},"categories":[7],"tags":[],"class_list":["post-190890","post","type-post","status-publish","format-standard","has-post-thumbnail","hentry","category-news"],"_links":{"self":[{"href":"https:\/\/www.brundisium.net\/index.php\/wp-json\/wp\/v2\/posts\/190890","targetHints":{"allow":["GET"]}}],"collection":[{"href":"https:\/\/www.brundisium.net\/index.php\/wp-json\/wp\/v2\/posts"}],"about":[{"href":"https:\/\/www.brundisium.net\/index.php\/wp-json\/wp\/v2\/types\/post"}],"author":[{"embeddable":true,"href":"https:\/\/www.brundisium.net\/index.php\/wp-json\/wp\/v2\/users\/2"}],"replies":[{"embeddable":true,"href":"https:\/\/www.brundisium.net\/index.php\/wp-json\/wp\/v2\/comments?post=190890"}],"version-history":[{"count":1,"href":"https:\/\/www.brundisium.net\/index.php\/wp-json\/wp\/v2\/posts\/190890\/revisions"}],"predecessor-version":[{"id":190894,"href":"https:\/\/www.brundisium.net\/index.php\/wp-json\/wp\/v2\/posts\/190890\/revisions\/190894"}],"wp:featuredmedia":[{"embeddable":true,"href":"https:\/\/www.brundisium.net\/index.php\/wp-json\/wp\/v2\/media\/190893"}],"wp:attachment":[{"href":"https:\/\/www.brundisium.net\/index.php\/wp-json\/wp\/v2\/media?parent=190890"}],"wp:term":[{"taxonomy":"category","embeddable":true,"href":"https:\/\/www.brundisium.net\/index.php\/wp-json\/wp\/v2\/categories?post=190890"},{"taxonomy":"post_tag","embeddable":true,"href":"https:\/\/www.brundisium.net\/index.php\/wp-json\/wp\/v2\/tags?post=190890"}],"curies":[{"name":"wp","href":"https:\/\/api.w.org\/{rel}","templated":true}]}}