{"id":191170,"date":"2021-08-02T11:34:12","date_gmt":"2021-08-02T09:34:12","guid":{"rendered":"https:\/\/www.brundisium.net\/?p=191170"},"modified":"2021-08-02T11:34:12","modified_gmt":"2021-08-02T09:34:12","slug":"francavilla-mappa-sinottica-nei-piani-di-protezione-civile","status":"publish","type":"post","link":"https:\/\/www.brundisium.net\/index.php\/francavilla-mappa-sinottica-nei-piani-di-protezione-civile\/","title":{"rendered":"Francavilla: mappa sinottica nei piani di protezione civile"},"content":{"rendered":"<p>Nelle situazioni di emergenza la quantit\u00e0 e la qualit\u00e0 delle informazioni sulla popolazione pu\u00f2 essere decisiva per condurre interventi mirati e risolutivi. In particolare, conoscere dove e quante persone con disabilit\u00e0 sono presenti sul territorio consente di adeguare gli aiuti alle specifiche esigenze dell\u2019utenza, risparmiando del tempo che nella fase operativa pu\u00f2 essere decisivo.<\/p>\n<p>Uno strumento utile in questa direzione \u00e8 rappresentato dalla mappa sinottica della disabilit\u00e0 che permette di geolocalizzazione in maniera dettagliata la presenza delle persone disabili nelle abitazioni, nei luoghi di studio o di lavoro presenti sul territorio comunale.<\/p>\n<p>Nei giorni scorsi l\u2019Assessore ai Diritti Civili Sergio Tatarano e la Garante per i Diritti delle Persone con disabilit\u00e0 Gabriella Nenna hanno scritto una lettera al Presidente della Regione Puglia Michele Emiliano ed al Presidente del Comitato Regionale della Protezione Civile Maurizio Bruno per introdurre questo strumento nei piani di protezione civile dei Comuni pugliesi, a cominciare dalla Citt\u00e0 di Francavilla Fontana.<\/p>\n<p>\u201cL\u2019emergenza sanitaria \u2013 dichiara l\u2019Assessore ai Diritti Civili Sergio Tatarano \u2013 ha sottolineato l\u2019importanza di dotarsi di piani di protezione civile adeguati alle reali esigenze della cittadinanza. La mappa sinottica della disabilit\u00e0 pu\u00f2 essere uno strumento essenziale per salvare vite umane, in particolare nelle situazioni di emergenza in cui anche solo pochi minuti di esitazione possono essere decisivi.\u201d<\/p>\n<p>Grazie a questa mappa potranno essere adeguati i piani di protezione civile istituendo modalit\u00e0 di soccorso mirate e percorsi alternativi.<\/p>\n<p>\u201cA seguito di un incontro con Gianfranco Pisano, promotore di questo strumento per la Regione Calabria, che gi\u00e0 lo utilizza \u2013 spiega la Garante delle persone con disabilit\u00e0 Gabriella Nenna \u2013 abbiamo ritenuto utile proporre l\u2019adozione di questo strumento su base volontaria anche per Francavilla Fontana. \u00c8 un passo decisivo per garantire l\u2019accesso a misure di soccorso adeguate alle esigenze delle persone con disabilit\u00e0.\u201d<\/p>\n<p>&nbsp;<\/p>\n<p>&nbsp;<\/p>\n<p><strong>Comune di Francavilla Fontana<\/strong><\/p>\n","protected":false},"excerpt":{"rendered":"<p>Nelle situazioni di emergenza la quantit\u00e0 e la qualit\u00e0 delle informazioni sulla popolazione pu\u00f2 essere decisiva per condurre interventi mirati e risolutivi. In particolare, conoscere dove e quante persone con disabilit\u00e0 sono presenti sul territorio consente di adeguare gli aiuti alle specifiche esigenze dell\u2019utenza, risparmiando del tempo che nella fase operativa pu\u00f2 essere decisivo. Uno strumento utile in questa direzione \u00e8 rappresentato dalla mappa sinottica della disabilit\u00e0 che permette di geolocalizzazione in maniera dettagliata la presenza delle persone disabili nelle abitazioni, nei luoghi di studio o di lavoro presenti sul territorio comunale. Nei giorni scorsi l\u2019Assessore ai Diritti Civili Sergio Tatarano e la Garante per i Diritti delle Persone con disabilit\u00e0 Gabriella Nenna hanno scritto una lettera al Presidente della Regione Puglia Michele Emiliano ed al Presidente del Comitato Regionale della Protezione Civile Maurizio Bruno per introdurre questo strumento nei piani di protezione civile dei Comuni pugliesi, a cominciare dalla Citt\u00e0 di Francavilla Fontana. \u201cL\u2019emergenza sanitaria \u2013 dichiara l\u2019Assessore ai Diritti Civili Sergio Tatarano \u2013 ha sottolineato l\u2019importanza di dotarsi&#8230;<\/p>\n","protected":false},"author":2,"featured_media":191171,"comment_status":"open","ping_status":"closed","sticky":false,"template":"","format":"standard","meta":{"footnotes":""},"categories":[7],"tags":[],"class_list":["post-191170","post","type-post","status-publish","format-standard","has-post-thumbnail","hentry","category-news"],"_links":{"self":[{"href":"https:\/\/www.brundisium.net\/index.php\/wp-json\/wp\/v2\/posts\/191170","targetHints":{"allow":["GET"]}}],"collection":[{"href":"https:\/\/www.brundisium.net\/index.php\/wp-json\/wp\/v2\/posts"}],"about":[{"href":"https:\/\/www.brundisium.net\/index.php\/wp-json\/wp\/v2\/types\/post"}],"author":[{"embeddable":true,"href":"https:\/\/www.brundisium.net\/index.php\/wp-json\/wp\/v2\/users\/2"}],"replies":[{"embeddable":true,"href":"https:\/\/www.brundisium.net\/index.php\/wp-json\/wp\/v2\/comments?post=191170"}],"version-history":[{"count":1,"href":"https:\/\/www.brundisium.net\/index.php\/wp-json\/wp\/v2\/posts\/191170\/revisions"}],"predecessor-version":[{"id":191172,"href":"https:\/\/www.brundisium.net\/index.php\/wp-json\/wp\/v2\/posts\/191170\/revisions\/191172"}],"wp:featuredmedia":[{"embeddable":true,"href":"https:\/\/www.brundisium.net\/index.php\/wp-json\/wp\/v2\/media\/191171"}],"wp:attachment":[{"href":"https:\/\/www.brundisium.net\/index.php\/wp-json\/wp\/v2\/media?parent=191170"}],"wp:term":[{"taxonomy":"category","embeddable":true,"href":"https:\/\/www.brundisium.net\/index.php\/wp-json\/wp\/v2\/categories?post=191170"},{"taxonomy":"post_tag","embeddable":true,"href":"https:\/\/www.brundisium.net\/index.php\/wp-json\/wp\/v2\/tags?post=191170"}],"curies":[{"name":"wp","href":"https:\/\/api.w.org\/{rel}","templated":true}]}}