{"id":191283,"date":"2021-08-04T14:49:29","date_gmt":"2021-08-04T12:49:29","guid":{"rendered":"https:\/\/www.brundisium.net\/?p=191283"},"modified":"2021-08-04T14:49:29","modified_gmt":"2021-08-04T12:49:29","slug":"apertura-straordinaria-del-mercato-di-santelia-appuntamento-domenica-22-agosto-dalle-17-alle-24","status":"publish","type":"post","link":"https:\/\/www.brundisium.net\/index.php\/apertura-straordinaria-del-mercato-di-santelia-appuntamento-domenica-22-agosto-dalle-17-alle-24\/","title":{"rendered":"Apertura straordinaria del Mercato di Sant\u2019Elia: appuntamento domenica 22 agosto dalle 17 alle 24"},"content":{"rendered":"<p>Con ordinanza sindacale \u00e8 stata disposta l\u2019apertura straordinaria serale del Mercato che si tiene al quartiere Sant\u2019Elia.<br \/>\nL\u2019apertura nel mese di agosto \u00e8 prevista per domenica 22 agosto dalle ore 17 alla mezzanotte. Il Comune di Brindisi valuter\u00e0 mensilmente la possibilit\u00e0 di eventuali e successive aperture straordinarie.<\/p>\n<p>\u00c8 volont\u00e0 dell\u2019amministrazione comunale creare le condizioni affinch\u00e9 si possano garantire positive ricadute economiche e sociali sulla collettivit\u00e0, nonch\u00e9 maggiori possibilit\u00e0 di guadagno agli operatori commerciali del settore fortemente penalizzati dalla crisi economica causata dall\u2019emergenza pandemica.<\/p>\n<p>Inoltre le alte temperature non fanno registrare molte presenze e la comunit\u00e0 brindisina stessa chiede di poter usufruire di un mercato storico che \u00e8 un punto di riferimento e uno dei pi\u00f9 grandi della Puglia.<\/p>\n<p>In questo modo l\u2019amministrazione accoglie anche la richiesta di Vifa ConfCommercio e Casambulanti Italia di recuperare le date dei mercati che non si sono potute tenere a causa dell\u2019emergenza Covid-19.<\/p>\n<p>Al momento l\u2019attivit\u00e0 \u00e8 consentita dalla colorazione bianca della Regione Puglia, qualora, per decisioni governative intervenute, la Regione Puglia dovesse essere classificata zona arancione o rossa, le disposizioni contenute nell\u2019ordinanza saranno sospese.<\/p>\n<p>\u201cHo creduto fortemente in questo appuntamento straordinario del Mercato di Sant\u2019Elia \u2013 dichiara l\u2019assessore con delega alle Attivit\u00e0 produttive, Massimo Vitali -. Per i cittadini sar\u00e0 un piacere poter usufruire della grande offerta del Mercato in piena estate ma in un orario dalle temperature pi\u00f9 accessibili. Allo stesso tempo daremo la possibilit\u00e0 ai commercianti, tanto penalizzati dalla lunga situazione emergenziale, di recuperare in termini di guadagno. Sar\u00e0 una prima sperimentazione che se verr\u00e0 accolta positivamente potremo ripetere nei prossimi mesi\u201d.<\/p>\n","protected":false},"excerpt":{"rendered":"<p>Con ordinanza sindacale \u00e8 stata disposta l\u2019apertura straordinaria serale del Mercato che si tiene al quartiere Sant\u2019Elia. L\u2019apertura nel mese di agosto \u00e8 prevista per domenica 22 agosto dalle ore 17 alla mezzanotte. Il Comune di Brindisi valuter\u00e0 mensilmente la possibilit\u00e0 di eventuali e successive aperture straordinarie. \u00c8 volont\u00e0 dell\u2019amministrazione comunale creare le condizioni affinch\u00e9 si possano garantire positive ricadute economiche e sociali sulla collettivit\u00e0, nonch\u00e9 maggiori possibilit\u00e0 di guadagno agli operatori commerciali del settore fortemente penalizzati dalla crisi economica causata dall\u2019emergenza pandemica. Inoltre le alte temperature non fanno registrare molte presenze e la comunit\u00e0 brindisina stessa chiede di poter usufruire di un mercato storico che \u00e8 un punto di riferimento e uno dei pi\u00f9 grandi della Puglia. In questo modo l\u2019amministrazione accoglie anche la richiesta di Vifa ConfCommercio e Casambulanti Italia di recuperare le date dei mercati che non si sono potute tenere a causa dell\u2019emergenza Covid-19. Al momento l\u2019attivit\u00e0 \u00e8 consentita dalla colorazione bianca della Regione Puglia, qualora, per decisioni governative intervenute, la Regione Puglia dovesse essere classificata&#8230;<\/p>\n","protected":false},"author":2,"featured_media":178388,"comment_status":"open","ping_status":"closed","sticky":false,"template":"","format":"standard","meta":{"footnotes":""},"categories":[7],"tags":[],"class_list":["post-191283","post","type-post","status-publish","format-standard","has-post-thumbnail","hentry","category-news"],"_links":{"self":[{"href":"https:\/\/www.brundisium.net\/index.php\/wp-json\/wp\/v2\/posts\/191283","targetHints":{"allow":["GET"]}}],"collection":[{"href":"https:\/\/www.brundisium.net\/index.php\/wp-json\/wp\/v2\/posts"}],"about":[{"href":"https:\/\/www.brundisium.net\/index.php\/wp-json\/wp\/v2\/types\/post"}],"author":[{"embeddable":true,"href":"https:\/\/www.brundisium.net\/index.php\/wp-json\/wp\/v2\/users\/2"}],"replies":[{"embeddable":true,"href":"https:\/\/www.brundisium.net\/index.php\/wp-json\/wp\/v2\/comments?post=191283"}],"version-history":[{"count":1,"href":"https:\/\/www.brundisium.net\/index.php\/wp-json\/wp\/v2\/posts\/191283\/revisions"}],"predecessor-version":[{"id":191288,"href":"https:\/\/www.brundisium.net\/index.php\/wp-json\/wp\/v2\/posts\/191283\/revisions\/191288"}],"wp:featuredmedia":[{"embeddable":true,"href":"https:\/\/www.brundisium.net\/index.php\/wp-json\/wp\/v2\/media\/178388"}],"wp:attachment":[{"href":"https:\/\/www.brundisium.net\/index.php\/wp-json\/wp\/v2\/media?parent=191283"}],"wp:term":[{"taxonomy":"category","embeddable":true,"href":"https:\/\/www.brundisium.net\/index.php\/wp-json\/wp\/v2\/categories?post=191283"},{"taxonomy":"post_tag","embeddable":true,"href":"https:\/\/www.brundisium.net\/index.php\/wp-json\/wp\/v2\/tags?post=191283"}],"curies":[{"name":"wp","href":"https:\/\/api.w.org\/{rel}","templated":true}]}}