{"id":191613,"date":"2021-08-12T17:41:12","date_gmt":"2021-08-12T15:41:12","guid":{"rendered":"https:\/\/www.brundisium.net\/?p=191613"},"modified":"2021-08-16T16:05:28","modified_gmt":"2021-08-16T14:05:28","slug":"il-brindisi-fc-ripescato-in-serie-d","status":"publish","type":"post","link":"https:\/\/www.brundisium.net\/index.php\/il-brindisi-fc-ripescato-in-serie-d\/","title":{"rendered":"Il Brindisi Fc ripescato in Serie D"},"content":{"rendered":"<p>Il Brindisi Fc \u00e8 stato ripescato nel campionato nazionale di Serie D.<\/p>\n<p>La notizia tanto attesa in citt\u00e0 \u00e8 stata ufficializzata nella tarda mattinata di oggi dalla Lnd, dopo il ripescaggio in Serie C della Pistoiese e l\u2019ammissione in sovrannumero del Gozzano.<\/p>\n<p>Grande soddisfazione per la societ\u00e0 presieduta da Daniele Arigliano che sar\u00e0 chiamata ad allestire in breve tempo una rosa idonea per affrontare l&#8217;impegnativo campionato.<br \/>\nIl Brindisi Football Club ha esultato con questo post: \u201cLo abbiamo aspettato tutti insieme questo momento, societ\u00e0 e tifosi, tutti uniti in un solo abbraccio. Ora lo possiamo urlare: Siamo gi\u00e0 D ritorno!!!\u201d.<\/p>\n<p>La notizia del ripescaggio \u00e8 stata cosi commentata dal sindaco di Brindisi, Riccardo Rossi: \u201cUna bellissima notizia, la squadra del Brindisi calcio \u00e8 stata ammessa a disputare il campionato di serie D. Me lo ha appena comunicato l&#8217;avvocato Luigi Barbiero, presidente della Lega D. Lo ringrazio per la premura ed attenzione che ha rivolto verso la citt\u00e0 di Brindisi. L&#8217;augurio alla citt\u00e0, a tutti i tifosi e alla nuova dirigenza presieduta da Daniele Arigliano, che ho chiamato per complimentarmi e fare gli auguri, che questo sia un punto di partenza e che presto Brindisi possa competere in campionati di livello superiore come merita una citt\u00e0 che ama il calcio e lo sport&#8221;.<\/p>\n<p>Anche l&#8217;assessore allo Sport Oreste Pinto ha espresso su facebook la sua soddisfazione. Scrive Pinto: &#8220;Era nell&#8217;aria ma adesso \u00e9 ufficiale.<br \/>\nIl ripescaggio in serie D del Brindisi \u00e8 una buona notizia per tutto lo sport e per la citt\u00e0.<br \/>\nEra un&#8217;occasione da non poter perdere e non \u00e9 stata persa.<br \/>\n\u00c9 un buon punto di partenza che deve segnare l&#8217;avvio di una nuova stagione di rapporti tra la societ\u00e0 e l&#8217;amministrazione e tra la societ\u00e0 e la citt\u00e1.<br \/>\nLe premesse oggi ci sono. In questo mese abbiamo intessuto relazioni e lavorato in sinergia con la societ\u00e0 al fine di garantire le condizioni necessarie e i requisiti dell\u2019impianto per il ripescaggio in serie D.<br \/>\nSono certo che il ritrovato dialogo rappresenti la base per un rapporto nuovo, sincero, duraturo e foriero di risultati per tutti.<br \/>\nDa parte nostra continueremo gli sforzi per adeguare lo stadio e mettere a disposizione del Brindisi e della citt\u00e0 una struttura sempre pi\u00f9 efficiente ed al passo con i tempi.<br \/>\nL&#8217;aver sventato l&#8217;onta della retrocessione in una categoria inferiore deve essere da sprone per irrobustire un progetto sportivo che sappia trovare ossigeno nel rafforzamento patrimoniale della societ\u00e0, nella concretezza dell&#8217;azione dei suoi dirigenti, nella correttezza dei rapporti con gli enti e la tifoseria, nella crescita del settore giovanile e nell&#8217;implementazione di una politica di comunicazione e gestione imperniata sul consolidamento del senso di appartenenza della squadra alla sua citt\u00e0 ed alla sua provincia&#8221;.<\/p>\n","protected":false},"excerpt":{"rendered":"<p>Il Brindisi Fc \u00e8 stato ripescato nel campionato nazionale di Serie D. La notizia tanto attesa in citt\u00e0 \u00e8 stata ufficializzata nella tarda mattinata di oggi dalla Lnd, dopo il ripescaggio in Serie C della Pistoiese e l\u2019ammissione in sovrannumero del Gozzano. Grande soddisfazione per la societ\u00e0 presieduta da Daniele Arigliano che sar\u00e0 chiamata ad allestire in breve tempo una rosa idonea per affrontare l&#8217;impegnativo campionato. Il Brindisi Football Club ha esultato con questo post: \u201cLo abbiamo aspettato tutti insieme questo momento, societ\u00e0 e tifosi, tutti uniti in un solo abbraccio. Ora lo possiamo urlare: Siamo gi\u00e0 D ritorno!!!\u201d. La notizia del ripescaggio \u00e8 stata cosi commentata dal sindaco di Brindisi, Riccardo Rossi: \u201cUna bellissima notizia, la squadra del Brindisi calcio \u00e8 stata ammessa a disputare il campionato di serie D. Me lo ha appena comunicato l&#8217;avvocato Luigi Barbiero, presidente della Lega D. Lo ringrazio per la premura ed attenzione che ha rivolto verso la citt\u00e0 di Brindisi. L&#8217;augurio alla citt\u00e0, a tutti i tifosi e alla nuova dirigenza presieduta&#8230;<\/p>\n","protected":false},"author":2,"featured_media":191614,"comment_status":"open","ping_status":"closed","sticky":false,"template":"","format":"standard","meta":{"footnotes":""},"categories":[12,7],"tags":[],"class_list":["post-191613","post","type-post","status-publish","format-standard","has-post-thumbnail","hentry","category-calcio","category-news"],"_links":{"self":[{"href":"https:\/\/www.brundisium.net\/index.php\/wp-json\/wp\/v2\/posts\/191613","targetHints":{"allow":["GET"]}}],"collection":[{"href":"https:\/\/www.brundisium.net\/index.php\/wp-json\/wp\/v2\/posts"}],"about":[{"href":"https:\/\/www.brundisium.net\/index.php\/wp-json\/wp\/v2\/types\/post"}],"author":[{"embeddable":true,"href":"https:\/\/www.brundisium.net\/index.php\/wp-json\/wp\/v2\/users\/2"}],"replies":[{"embeddable":true,"href":"https:\/\/www.brundisium.net\/index.php\/wp-json\/wp\/v2\/comments?post=191613"}],"version-history":[{"count":3,"href":"https:\/\/www.brundisium.net\/index.php\/wp-json\/wp\/v2\/posts\/191613\/revisions"}],"predecessor-version":[{"id":191617,"href":"https:\/\/www.brundisium.net\/index.php\/wp-json\/wp\/v2\/posts\/191613\/revisions\/191617"}],"wp:featuredmedia":[{"embeddable":true,"href":"https:\/\/www.brundisium.net\/index.php\/wp-json\/wp\/v2\/media\/191614"}],"wp:attachment":[{"href":"https:\/\/www.brundisium.net\/index.php\/wp-json\/wp\/v2\/media?parent=191613"}],"wp:term":[{"taxonomy":"category","embeddable":true,"href":"https:\/\/www.brundisium.net\/index.php\/wp-json\/wp\/v2\/categories?post=191613"},{"taxonomy":"post_tag","embeddable":true,"href":"https:\/\/www.brundisium.net\/index.php\/wp-json\/wp\/v2\/tags?post=191613"}],"curies":[{"name":"wp","href":"https:\/\/api.w.org\/{rel}","templated":true}]}}