{"id":192029,"date":"2021-08-25T12:35:33","date_gmt":"2021-08-25T10:35:33","guid":{"rendered":"https:\/\/www.brundisium.net\/?p=192029"},"modified":"2021-08-25T12:35:33","modified_gmt":"2021-08-25T10:35:33","slug":"presentata-la-festa-patronale-di-brindisi","status":"publish","type":"post","link":"https:\/\/www.brundisium.net\/index.php\/presentata-la-festa-patronale-di-brindisi\/","title":{"rendered":"Presentata la Festa patronale di Brindisi"},"content":{"rendered":"<p>Celebrazioni religiose in piazza Duomo, tosello all\u2019incrocio dei corsi Umberto e Garibaldi e luminarie fino a piazza Duomo, giostre in piazzale Spalato, spettacoli culturali e storici e bancarelle in centro accompagneranno i festeggiamenti per i Santi Patroni San Teodoro d\u2019Amasea e San Lorenzo da Brindisi.<\/p>\n<p>&nbsp;<\/p>\n<p>Nei giorni 3, 4, 5 e 6 settembre lungo i corsi Umberto (da piazza Cairoli) e Garibaldi ed in piazza Vittoria saranno posizionate circa 50 bancarelle di varia natura merceologica e food mentre piazzale Spalato accoglier\u00e0 giostre e attrazioni.<\/p>\n<p>&nbsp;<\/p>\n<p>Come da tradizione venerd\u00ec 3 settembre saranno accese le luminarie posizionate lungo corso Umberto a partire da piazza Cairoli (esclusa), corso Garibaldi e lungo il percorso che porta a piazza Duomo.<\/p>\n<p>&nbsp;<\/p>\n<p>Il programma di eventi parte il 28 agosto alle ore 20.30, in piazza Santa Teresa, con lo spettacolo \u201cRi-Generazioni\u201d di Neri Marcor\u00e8 e Stefano Miceli.<br \/>\nLa prenotazione \u00e8 obbligatoria al numero: 320 7420267 (orario prenotazioni 9.00-12.00 e 15.00-18.00) e l\u2019ingresso \u00e8 consentito solo con Green Pass dalle ore 19.<\/p>\n<p>&nbsp;<\/p>\n<p>Come precisato da don Mimmo Roma, neo parroco della Cattedrale, le indicazioni della Conferenza Episcopale Italiana (Cei) non consentono di organizzare la tradizionale processione. Proprio per questo le reliquie saranno portate in pellegrinaggio in quattro luoghi simbolici della citt\u00e0: l\u2019Ospedale Perrino, il Centro vaccinale della Minnuta allestito nell\u2019Itc Flacco, parco Buscicchio al quartiere Sant\u2019Elia e il Centro di aggregazione giovanile (Cag) al quartiere Paradiso.<\/p>\n<p>&nbsp;<\/p>\n<p>\u201cAbbiamo cercato di fare un passo in avanti rispetto allo scorso anno, in cui la pandemia ci ha impedito di onorare i Santi Patroni come da tradizione, ma \u00e8 ancora una festa in modalit\u00e0 ridotta purtroppo &#8211; precisa il sindaco Riccardo Rossi -. La speranza \u00e8 che il prossimo anno si possa tornare con festeggiamenti completi ma l\u2019augurio \u00e8 che in tanti partecipino anche quest\u2019anno\u201d.<\/p>\n<p>&nbsp;<\/p>\n<p>Il culmine delle celebrazioni religiosi ci sar\u00e0 sabato 4 settembre, in piazza Duomo, con il solenne pontificale dell\u2019Arcivescovo Domenico Caliandro.<br \/>\n\u201cSar\u00e0 comunque una festa e il mio augurio per tutti i brindisini \u00e8 quello che questo primo passo verso la normalit\u00e0, ma con la necessaria prudenza richiesta, sia nella direzione della ripartenza e della ripresa per le attivit\u00e0 e per tutti\u201d, dichiara l\u2019assessore alle Attivit\u00e0 produttive Massimo Vitali.<\/p>\n","protected":false},"excerpt":{"rendered":"<p>Celebrazioni religiose in piazza Duomo, tosello all\u2019incrocio dei corsi Umberto e Garibaldi e luminarie fino a piazza Duomo, giostre in piazzale Spalato, spettacoli culturali e storici e bancarelle in centro accompagneranno i festeggiamenti per i Santi Patroni San Teodoro d\u2019Amasea e San Lorenzo da Brindisi. &nbsp; Nei giorni 3, 4, 5 e 6 settembre lungo i corsi Umberto (da piazza Cairoli) e Garibaldi ed in piazza Vittoria saranno posizionate circa 50 bancarelle di varia natura merceologica e food mentre piazzale Spalato accoglier\u00e0 giostre e attrazioni. &nbsp; Come da tradizione venerd\u00ec 3 settembre saranno accese le luminarie posizionate lungo corso Umberto a partire da piazza Cairoli (esclusa), corso Garibaldi e lungo il percorso che porta a piazza Duomo. &nbsp; Il programma di eventi parte il 28 agosto alle ore 20.30, in piazza Santa Teresa, con lo spettacolo \u201cRi-Generazioni\u201d di Neri Marcor\u00e8 e Stefano Miceli. La prenotazione \u00e8 obbligatoria al numero: 320 7420267 (orario prenotazioni 9.00-12.00 e 15.00-18.00) e l\u2019ingresso \u00e8 consentito solo con Green Pass dalle ore 19. &nbsp; Come precisato&#8230;<\/p>\n","protected":false},"author":2,"featured_media":192030,"comment_status":"open","ping_status":"closed","sticky":false,"template":"","format":"standard","meta":{"footnotes":""},"categories":[7],"tags":[],"class_list":["post-192029","post","type-post","status-publish","format-standard","has-post-thumbnail","hentry","category-news"],"_links":{"self":[{"href":"https:\/\/www.brundisium.net\/index.php\/wp-json\/wp\/v2\/posts\/192029","targetHints":{"allow":["GET"]}}],"collection":[{"href":"https:\/\/www.brundisium.net\/index.php\/wp-json\/wp\/v2\/posts"}],"about":[{"href":"https:\/\/www.brundisium.net\/index.php\/wp-json\/wp\/v2\/types\/post"}],"author":[{"embeddable":true,"href":"https:\/\/www.brundisium.net\/index.php\/wp-json\/wp\/v2\/users\/2"}],"replies":[{"embeddable":true,"href":"https:\/\/www.brundisium.net\/index.php\/wp-json\/wp\/v2\/comments?post=192029"}],"version-history":[{"count":1,"href":"https:\/\/www.brundisium.net\/index.php\/wp-json\/wp\/v2\/posts\/192029\/revisions"}],"predecessor-version":[{"id":192031,"href":"https:\/\/www.brundisium.net\/index.php\/wp-json\/wp\/v2\/posts\/192029\/revisions\/192031"}],"wp:featuredmedia":[{"embeddable":true,"href":"https:\/\/www.brundisium.net\/index.php\/wp-json\/wp\/v2\/media\/192030"}],"wp:attachment":[{"href":"https:\/\/www.brundisium.net\/index.php\/wp-json\/wp\/v2\/media?parent=192029"}],"wp:term":[{"taxonomy":"category","embeddable":true,"href":"https:\/\/www.brundisium.net\/index.php\/wp-json\/wp\/v2\/categories?post=192029"},{"taxonomy":"post_tag","embeddable":true,"href":"https:\/\/www.brundisium.net\/index.php\/wp-json\/wp\/v2\/tags?post=192029"}],"curies":[{"name":"wp","href":"https:\/\/api.w.org\/{rel}","templated":true}]}}