{"id":192038,"date":"2021-08-26T12:31:42","date_gmt":"2021-08-26T10:31:42","guid":{"rendered":"https:\/\/www.brundisium.net\/?p=192038"},"modified":"2021-08-30T19:25:29","modified_gmt":"2021-08-30T17:25:29","slug":"al-barocco-festival-il-genio-dei-bach-una-dinastia-e-una-scuola","status":"publish","type":"post","link":"https:\/\/www.brundisium.net\/index.php\/al-barocco-festival-il-genio-dei-bach-una-dinastia-e-una-scuola\/","title":{"rendered":"Al \u00abBarocco Festival\u00bb il genio dei Bach: una dinastia e una scuola"},"content":{"rendered":"<p>Per il \u00abFestival Barocco Leonardo Leo\u00bb nuova tappa a Brindisi, sabato 28 agosto alle ore 21, nel chiostro del Palazzo Vescovile. In programma il concerto \u00abI Bach. Una dinastia, una scuola\u00bb con l\u2019\u00abAccademia Hermans\u00bb che celebra la grande epopea dei Bach, famiglia che ha regalato capolavori alla musica per oltre due secoli, la pi\u00f9 numerosa, prolifica e influente dinastia nella storia della musica.<\/p>\n<p>Ingresso con prenotazione e ticket &#8211; euro 3 &#8211; T. 347 060 4118. L\u2019accesso e la fruizione del concerto saranno regolati in base alla vigente normativa in materia di contenimento del rischio Covid-19, in particolare riguardo all\u2019uso della mascherina e al possesso del green pass.<\/p>\n<p>Nessuna dinastia musicale pu\u00f2 lontanamente competere per arco cronologico, diffusione regionale, numero di eccellenze artistiche con la grande famiglia della Turingia. Occorre tuttavia sottolineare che il mito della famiglia Bach \u00e8 stato fondato e alimentato dalla famiglia stessa e definitivamente consacrato dal grande Johann Sebastian che, all\u2019et\u00e0 di cinquant\u2019anni, redasse la prima bozza di un documento intitolato \u00abOrigine della famiglia di musicisti Bach\u00bb, ricostruzione di una genealogia capace di mostrare uno sviluppo continuo e progressivo di abilit\u00e0 musicali, di cariche istituzionali, di capacit\u00e0 di far fronte alle difficolt\u00e0 della vita.<\/p>\n<p>Il culmine \u00e8, naturalmente, la generazione del grande Bach e dei suoi numerosi figli. Dal capostipite Veit, un mugnaio fuggito dall\u2019Ungheria a causa della sua fede luterana, abilissimo suonatore di cetra, \u00e8 tutto un crescendo di figure musicali: chi diventa \u201cSpielmann\u201d, una sorta di giullare o intrattenitore musicale di corte, o \u201cStadtpfeifer\u201d, musico municipale, chi si afferma come organista o strumentista, chi poi dirige qualche gruppo piccolo vocale o strumentale, fino a chi compone musica su ordinazione e vive di musica.<\/p>\n<p>In alcuni luoghi \u201cmusico\u201d e \u201cBach\u201d sembra fossero perfino sinonimi, al punto che pi\u00f9 di una volta qualche musicista coevo si trov\u00f2 a protestare contro l\u2019impenetrabilit\u00e0 di quella che si manifestava come una vera e propria corporazione professionale-familiare: l\u2019evoluzione storica dei Bach si aliment\u00f2 di una sempre maggiore maestria compositiva. Johann Sebastian amava dire che i suoi figli erano tutti \u201cmusici nati\u201d. Alcuni tra loro, tuttavia, andarono ben al di l\u00e0 di una generica eredit\u00e0 paterna e divennero figure di spicco nella loro epoca. Carl Philipp Emanuel, ad esempio, divenne prima clavicembalista alla corte di Federico il Grande a Berlino e poi Kantor ad Amburgo.<\/p>\n<p>Sorte del tutto diversa tocc\u00f2 invece a Wilhelm Friedemann, che tent\u00f2 a pi\u00f9 riprese di diventare \u201cKapellmeister\u201d e fu invece costretto a impieghi mal retribuiti come organista, a dispute finanziarie e legali, a ristrettezze economiche. In parte compens\u00f2 le sue sfortune con incarichi saltuari e con l\u2019insegnamento, ma non trov\u00f2 mai la stabilit\u00e0 economica che sognava e che forse gli avrebbe permesso di dedicarsi pi\u00f9 sistematicamente e profondamente alla composizione.<\/p>\n<p>Johann Christoph Friedrich Bach ebbe invece una carriera pi\u00f9 ricca e lineare. Assunto da giovane come clavicembalista alla corte di B\u00fcckeburg, divenne pi\u00f9 tardi \u201cKonzertmeister\u201d, un misto di primo violino e direttore d\u2019orchestra. In questo ruolo doveva procurare o comporre e poi preparare ed eseguire le musiche per due concerti alla settimana, almeno tra il 1764 e il 1776.<\/p>\n<p>Il concerto, con la letteratura per due traversieri e bc, prova a offrire un minimo saggio della grandezza e dell\u2019imponenza di ci\u00f2 che si pu\u00f2 indicare come \u201cfenomeno musicale Bach\u201d: dinastia e scuola, vita dopo vita, interamente dedite all\u2019arte sublime della musica. L\u2019\u00abAccademia Hermans\u00bb, con Fabio Ciofini maestro concertatore, racconta in musica una vicenda corale, in cui vita e musica sono unite intimamente orbitando attorno alla figura centrale di Johann Sebastian, il genio superiore che tocc\u00f2 il cielo e l\u2019anima degli uomini con la sua musica.<\/p>\n<p>\u2022 Sabato 28 agosto ore 21.00<br \/>\nChiostro del Palazzo Vescovile \u2022 Brindisi<br \/>\nI BACH Una dinastia, una scuola<br \/>\nAccademia Hermans<\/p>\n<p>&nbsp;<\/p>\n<p>&nbsp;<\/p>\n<p>Ufficio Stampa \u00abBarocco Festival Leonardo Leo\u00bb<br \/>\nwww.baroccofestival.it<\/p>\n","protected":false},"excerpt":{"rendered":"<p>Per il \u00abFestival Barocco Leonardo Leo\u00bb nuova tappa a Brindisi, sabato 28 agosto alle ore 21, nel chiostro del Palazzo Vescovile. In programma il concerto \u00abI Bach. Una dinastia, una scuola\u00bb con l\u2019\u00abAccademia Hermans\u00bb che celebra la grande epopea dei Bach, famiglia che ha regalato capolavori alla musica per oltre due secoli, la pi\u00f9 numerosa, prolifica e influente dinastia nella storia della musica. Ingresso con prenotazione e ticket &#8211; euro 3 &#8211; T. 347 060 4118. L\u2019accesso e la fruizione del concerto saranno regolati in base alla vigente normativa in materia di contenimento del rischio Covid-19, in particolare riguardo all\u2019uso della mascherina e al possesso del green pass. Nessuna dinastia musicale pu\u00f2 lontanamente competere per arco cronologico, diffusione regionale, numero di eccellenze artistiche con la grande famiglia della Turingia. Occorre tuttavia sottolineare che il mito della famiglia Bach \u00e8 stato fondato e alimentato dalla famiglia stessa e definitivamente consacrato dal grande Johann Sebastian che, all\u2019et\u00e0 di cinquant\u2019anni, redasse la prima bozza di un documento intitolato \u00abOrigine della famiglia di musicisti&#8230;<\/p>\n","protected":false},"author":2,"featured_media":192047,"comment_status":"open","ping_status":"closed","sticky":false,"template":"","format":"standard","meta":{"footnotes":""},"categories":[7],"tags":[],"class_list":["post-192038","post","type-post","status-publish","format-standard","has-post-thumbnail","hentry","category-news"],"_links":{"self":[{"href":"https:\/\/www.brundisium.net\/index.php\/wp-json\/wp\/v2\/posts\/192038","targetHints":{"allow":["GET"]}}],"collection":[{"href":"https:\/\/www.brundisium.net\/index.php\/wp-json\/wp\/v2\/posts"}],"about":[{"href":"https:\/\/www.brundisium.net\/index.php\/wp-json\/wp\/v2\/types\/post"}],"author":[{"embeddable":true,"href":"https:\/\/www.brundisium.net\/index.php\/wp-json\/wp\/v2\/users\/2"}],"replies":[{"embeddable":true,"href":"https:\/\/www.brundisium.net\/index.php\/wp-json\/wp\/v2\/comments?post=192038"}],"version-history":[{"count":1,"href":"https:\/\/www.brundisium.net\/index.php\/wp-json\/wp\/v2\/posts\/192038\/revisions"}],"predecessor-version":[{"id":192051,"href":"https:\/\/www.brundisium.net\/index.php\/wp-json\/wp\/v2\/posts\/192038\/revisions\/192051"}],"wp:featuredmedia":[{"embeddable":true,"href":"https:\/\/www.brundisium.net\/index.php\/wp-json\/wp\/v2\/media\/192047"}],"wp:attachment":[{"href":"https:\/\/www.brundisium.net\/index.php\/wp-json\/wp\/v2\/media?parent=192038"}],"wp:term":[{"taxonomy":"category","embeddable":true,"href":"https:\/\/www.brundisium.net\/index.php\/wp-json\/wp\/v2\/categories?post=192038"},{"taxonomy":"post_tag","embeddable":true,"href":"https:\/\/www.brundisium.net\/index.php\/wp-json\/wp\/v2\/tags?post=192038"}],"curies":[{"name":"wp","href":"https:\/\/api.w.org\/{rel}","templated":true}]}}