{"id":192131,"date":"2021-08-30T17:35:39","date_gmt":"2021-08-30T15:35:39","guid":{"rendered":"https:\/\/www.brundisium.net\/?p=192131"},"modified":"2021-09-09T08:05:51","modified_gmt":"2021-09-09T06:05:51","slug":"la-brigata-marina-san-marco-celebra-il-50-anniversario-dellinsediamento-nella-citta-di-brindisi","status":"publish","type":"post","link":"https:\/\/www.brundisium.net\/index.php\/la-brigata-marina-san-marco-celebra-il-50-anniversario-dellinsediamento-nella-citta-di-brindisi\/","title":{"rendered":"La Brigata Marina San Marco celebra il 50\u00b0 anniversario dell\u2019insediamento nella Citt\u00e0 di Brindisi"},"content":{"rendered":"<p>Gioved\u00ec 2 settembre alle 10.30, presso la Sala Federico II del Castello Svevo, si svolger\u00e0 la Conferenza stampa di presentazione degli eventi riguardanti il Cinquantesimo anniversario dell\u2019insediamento della Fanteria di Marina nella citt\u00e0 di Brindisi.<\/p>\n<p>La storia dei Fucilieri di Marina e delle loro famiglie, si \u00e8 intrecciata in modo indissolubile con quella del capoluogo pugliese e, per sottolineare l\u2019importanza di questo storico evento e suggellare l\u2019importante legame tra il San Marco e la comunit\u00e0 brindisina, la Brigata Marina San Marco ha organizzato una serie di eventi di carattere culturale, sociale e sportivo, nonch\u00e9 attivit\u00e0 dimostrative sulle capacit\u00e0 anfibie della Marina Militare e delle sue peculiarit\u00e0.<\/p>\n<p>&nbsp;<\/p>\n<p style=\"text-align: center;\"><strong>Di seguito il programma degli eventi:<\/strong><\/p>\n<p style=\"text-align: center;\"><strong>VENERDI 3\/9\/2021<\/strong><\/p>\n<p>&nbsp;<\/p>\n<p><strong>09.30 &#8211; 12.30 16.30 &#8211; 19.30<\/strong><br \/>\n<strong>Castello Svevo<\/strong><br \/>\n<strong>Apertura Castello Svevo e mostra fotografica &#8220;50 anni del San Marco a Brindisi&#8221;<\/strong><br \/>\nInfo &amp; prenotazioni: associazione le colonne &#8211; segreterialecolonne@gmail.com &#8211; tel\/whatsapp: 379 2653244<br \/>\nE&#8217; necessario esibire la certificazione verde (green pass)<\/p>\n<p><strong>18.00<\/strong><br \/>\n<strong>Castello Svevo &#8211; Sala &#8220;Federico II&#8221;<\/strong><br \/>\n<strong>Presentazione del libro &#8220;Noi siamo la Marina&#8221;<\/strong> a cura della Dott.ssa Anita Fiaschetti<br \/>\nInfo &amp; prenotazioni: Associazione Le Colonne &#8211; segreterialecolonne@gmail.com &#8211; tel\/whatsapp: 379 2653244<br \/>\nE&#8217; necessario esibire la certificazione verde (green pass)<\/p>\n<p>&nbsp;<\/p>\n<p style=\"text-align: center;\"><strong>DOMENICA 5\/9\/2021<\/strong><\/p>\n<p><strong>09.30 &#8211; 12.30 16.30 &#8211; 19.30<\/strong><br \/>\n<strong>Castello Svevo<\/strong><br \/>\n<strong>Apertura Castello Svevo e mostra fotografica &#8220;50 anni del San Marco a Brindisi&#8221;<\/strong><br \/>\nInfo &amp; prenotazioni: Associazione le Colonne &#8211; segreterialecolonne@gmail.com &#8211; tel\/whatsapp: 379 2653244<br \/>\nE&#8217; necessario esibire la certificazione verde (green pass)<\/p>\n<p><strong>Partenza ore 09.00<\/strong><br \/>\n<strong>Gare podistiche a cura A.S.D. Amatori Brindisi<br \/>\n<\/strong>Partenza da Viale Regina Margherita (Piazzale antistante C.P.) con transito dalla Stazione Navale<\/p>\n<p>&#8211; 5.000 m non competitiva;<br \/>\n&#8211; 10.000 m competitiva.<\/p>\n<p>Iscrizioni c\/o (info tel. 320-7641898 &#8211; tel. 328-6323866):<br \/>\n&#8211; \u201cCisalfa Sport\u201d Centro Commerciale BrinPark nei giorni di luned\u00ec, mercoled\u00ec e venerd\u00ec dalle ore 18.30 alle ore 20.00;<br \/>\n&#8211; Parco Cesare Braico nei giorni di luned\u00ec, mercoled\u00ec e venerd\u00ec dalle ore 18.30 alle ore 20.00.<\/p>\n<p>&nbsp;<\/p>\n<p style=\"text-align: center;\"><strong>LUNEDI 6\/9\/2021<\/strong><\/p>\n<p><strong>09.30 &#8211; 12.30 16.30 &#8211; 19.30<\/strong><br \/>\n<strong>Castello svevo<\/strong><br \/>\n<strong>Apertura Castello Svevo e mostra fotografica &#8220;50 anni del San Marco a Brindisi&#8221;<\/strong><br \/>\nInfo &amp; prenotazioni: Associazione le Colonne &#8211; segreterialecolonne@gmail.com &#8211; tel\/whatsapp: 379 2653244<br \/>\nE&#8217; necessario esibire la certificazione verde (green pass)<\/p>\n<p><strong>10.00 &#8211; 17.00<\/strong><br \/>\n<strong>Partenza a nord della diga di Punta Riso (direzione Punta Penne)<\/strong><br \/>\n<strong>1^ edizione trofeo \u201cSan Marco e citt\u00e0 di Brindisi\u201d<\/strong><br \/>\n<strong>Regata svolta dal Circolo della Vela di Brindisi (imbarcazioni d&#8217;altura)<\/strong><br \/>\nIscrizioni &#8211; https:\/\/www.circolovelabrindisi.it &#8211; info@circolovelabrindisi.it &#8211; telefoni: 329 625 6611 &#8211; 388 344 7687 &#8211; 335 664 0018.<\/p>\n<p><strong>11.00 &#8211; 12.30<\/strong><br \/>\n<strong>Porto di Brindisi<\/strong><br \/>\n<strong>1^ edizione trofeo \u201cSan Marco e citt\u00e0 di Brindisi\u201d<\/strong><br \/>\n<strong>Veleggiata svolta dalla Lega Navale Italiana a favore dei ragazzi (optimist, laser)<\/strong><\/p>\n<p><strong>16.00 &#8211; 18.00<\/strong><br \/>\n<strong>Porto di Brindisi<\/strong><br \/>\n<strong>1^ edizione trofeo \u201cSan Marco e citt\u00e0 di Brindisi\u201d<\/strong><br \/>\n<strong>Gara di canottaggio svolta dalla Lega Navale Italiana<\/strong><\/p>\n<p>&nbsp;<\/p>\n<p style=\"text-align: center;\"><strong>MARTEDI&#8217; 7\/9\/2021<\/strong><\/p>\n<p><strong>Piazzale Lenio Flacco<\/strong><br \/>\n<strong>10.00 &#8211; 22.00<\/strong><br \/>\n<strong>Mostra statica diffusa sugli equipaggiamenti, mezzi e materiali della Brigata Marina San Marco<\/strong>.<br \/>\nE&#8217; necessario esibire la certificazione verde (green pass)<\/p>\n<p><strong>10.00 &#8211; 22.00<\/strong><br \/>\n<strong>Stazione Marittima<\/strong><br \/>\n<strong>Port day a cura dell&#8217;Autorit\u00e0 di Sistema Portuale del Mare Adriatico Meridionale<\/strong><\/p>\n<p><strong>18.00 &#8211; 19.00<\/strong><br \/>\n<strong>Porto di Brindisi<\/strong><br \/>\n<strong>Dimostrazione anfibia con impiego reale degli assetti anfibi della Marina Militare (Unit\u00e0 di superficie, elicotteri, mezzi d&#8217;assalto anfibi)<\/strong><\/p>\n<p>&nbsp;<\/p>\n<p><strong>MERCOLEDI 8\/9\/2021<\/strong><br \/>\n<strong>10.00 &#8211; 22.00<\/strong><br \/>\n<strong>Piazzale Lenio Flacco<\/strong><br \/>\n<strong>Mostra statica diffusa sugli equipaggiamenti, mezzi e materiali della Brigata Marina San Marco.<br \/>\n<\/strong> E&#8217; necessario esibire la certificazione verde (green pass)<\/p>\n<p><strong>16.30 &#8211; 18.30<\/strong><br \/>\n<strong>Piazzale Lenio Flacco<\/strong><br \/>\n<strong>Cerimonia di consegna del basco al Corso di Abilitazione Anfibia, rinnovo del drappo della Bandiera Di Guerra del 1\u00b0 Reggimento San Marco e dimostrazione del Silent Drill Platoon del San Marco<\/strong><br \/>\nIngresso con invito<br \/>\nE&#8217; necessario esibire la certificazione verde (green pass)<\/p>\n<p>&nbsp;<\/p>\n<p><strong>Notte bianca citt\u00e0 di Brindisi con apertura notturna attivit\u00e0 commerciali e musei<\/strong><\/p>\n","protected":false},"excerpt":{"rendered":"<p>Gioved\u00ec 2 settembre alle 10.30, presso la Sala Federico II del Castello Svevo, si svolger\u00e0 la Conferenza stampa di presentazione degli eventi riguardanti il Cinquantesimo anniversario dell\u2019insediamento della Fanteria di Marina nella citt\u00e0 di Brindisi. La storia dei Fucilieri di Marina e delle loro famiglie, si \u00e8 intrecciata in modo indissolubile con quella del capoluogo pugliese e, per sottolineare l\u2019importanza di questo storico evento e suggellare l\u2019importante legame tra il San Marco e la comunit\u00e0 brindisina, la Brigata Marina San Marco ha organizzato una serie di eventi di carattere culturale, sociale e sportivo, nonch\u00e9 attivit\u00e0 dimostrative sulle capacit\u00e0 anfibie della Marina Militare e delle sue peculiarit\u00e0. &nbsp; Di seguito il programma degli eventi: VENERDI 3\/9\/2021 &nbsp; 09.30 &#8211; 12.30 16.30 &#8211; 19.30 Castello Svevo Apertura Castello Svevo e mostra fotografica &#8220;50 anni del San Marco a Brindisi&#8221; Info &amp; prenotazioni: associazione le colonne &#8211; segreterialecolonne@gmail.com &#8211; tel\/whatsapp: 379 2653244 E&#8217; necessario esibire la certificazione verde (green pass) 18.00 Castello Svevo &#8211; Sala &#8220;Federico II&#8221; Presentazione del libro &#8220;Noi siamo la&#8230;<\/p>\n","protected":false},"author":2,"featured_media":192136,"comment_status":"open","ping_status":"closed","sticky":false,"template":"","format":"standard","meta":{"footnotes":""},"categories":[7],"tags":[],"class_list":["post-192131","post","type-post","status-publish","format-standard","has-post-thumbnail","hentry","category-news"],"_links":{"self":[{"href":"https:\/\/www.brundisium.net\/index.php\/wp-json\/wp\/v2\/posts\/192131","targetHints":{"allow":["GET"]}}],"collection":[{"href":"https:\/\/www.brundisium.net\/index.php\/wp-json\/wp\/v2\/posts"}],"about":[{"href":"https:\/\/www.brundisium.net\/index.php\/wp-json\/wp\/v2\/types\/post"}],"author":[{"embeddable":true,"href":"https:\/\/www.brundisium.net\/index.php\/wp-json\/wp\/v2\/users\/2"}],"replies":[{"embeddable":true,"href":"https:\/\/www.brundisium.net\/index.php\/wp-json\/wp\/v2\/comments?post=192131"}],"version-history":[{"count":4,"href":"https:\/\/www.brundisium.net\/index.php\/wp-json\/wp\/v2\/posts\/192131\/revisions"}],"predecessor-version":[{"id":192137,"href":"https:\/\/www.brundisium.net\/index.php\/wp-json\/wp\/v2\/posts\/192131\/revisions\/192137"}],"wp:featuredmedia":[{"embeddable":true,"href":"https:\/\/www.brundisium.net\/index.php\/wp-json\/wp\/v2\/media\/192136"}],"wp:attachment":[{"href":"https:\/\/www.brundisium.net\/index.php\/wp-json\/wp\/v2\/media?parent=192131"}],"wp:term":[{"taxonomy":"category","embeddable":true,"href":"https:\/\/www.brundisium.net\/index.php\/wp-json\/wp\/v2\/categories?post=192131"},{"taxonomy":"post_tag","embeddable":true,"href":"https:\/\/www.brundisium.net\/index.php\/wp-json\/wp\/v2\/tags?post=192131"}],"curies":[{"name":"wp","href":"https:\/\/api.w.org\/{rel}","templated":true}]}}