{"id":19328,"date":"2014-08-06T18:33:36","date_gmt":"2014-08-06T16:33:36","guid":{"rendered":"http:\/\/www.brundisium.net\/brun\/?p=19328"},"modified":"2014-08-09T15:45:16","modified_gmt":"2014-08-09T13:45:16","slug":"il-giro-di-italia-a-vela-nellarea-marina-protetta-di-torre-guaceto","status":"publish","type":"post","link":"https:\/\/www.brundisium.net\/index.php\/il-giro-di-italia-a-vela-nellarea-marina-protetta-di-torre-guaceto\/","title":{"rendered":"Il Giro di Italia a Vela nell&#8217;Area Marina Protetta di Torre Guaceto"},"content":{"rendered":"<p><img loading=\"lazy\" decoding=\"async\" class=\"media-image alignleft\" src=\"https:\/\/pbs.twimg.com\/profile_images\/405268600\/primorullo_08.jpg\" alt=\"\" width=\"364\" height=\"217\" data-width=\"500\" data-height=\"298\" \/>Il giorno 8 agosto, alle ore 12.30, presso la Lega Navale di Brindisi, si terr\u00e0 la conferenza stampa per la presentazione dell&#8217;iniziativa &#8220;Giro d&#8217;Italia a Vela&#8221;, della Lega Navale di Scario (SA), patrocinata dal Ministero dell&#8217;Ambiente, dall&#8217;Istituto Superiore per la Protezione e la Ricerca Ambientale, dalla Federazione Italiana Vela, dall&#8217;Associazione Nazionale Carabinieri e dal Segretariato Permanente per le politiche di stabilit\u00e0 e sviluppo nei Paesi Balcanici, A.I.I. (Adriatic &amp; Ionian Initiative).<br \/>\nIl Giro di Italia a vela, organizzato dal Generale Antonio Gagliardo, durante l&#8217;estate 2014 ha come tappe le Aree Marine Protette lungo le coste del bacino ionico e adriatico, con l&#8217;obiettivo di sensibilizzare sulla necessit\u00e0 della legalit\u00e0 in mare e del rispetto dell&#8217;Ambiente, coinvolgendo tutte le istituzioni interessate, le componenti sociali e la societ\u00e0 civile per un messaggio d&#8217;amore per il mare e per vivere le bellezze del nostro mare in modo rispettoso e legale.<br \/>\nL&#8217;imbarcazione &#8220;La Fedelissima&#8221; protagonista di questo viaggio a vela lungo la sua rotta incontra le Aree Marine Protette adriatico-ioniche, creando una saldatura ideale tra quelle realt\u00e0 che hanno come scopo proprio la difesa del mare, delle sue peculiarit\u00e0 naturali ma anche storiche e socio-culturali. Per ogni tappa, l&#8217;equipaggio de &#8220;La Fedelissima&#8221; effettua rilievi ambientali a cura del personale ISPRA, partecipante a questo progetto.<br \/>\nTappa per il giorno 8 agosto \u00e8 l&#8217;Area Marina Protetta di Torre Guaceto, impegnata da ormai pi\u00f9 di vent&#8217;anni nella difesa di quel tratto incontaminato di mare. Quella di Torre Guaceto sar\u00e0 l&#8217;ultima AMP in ordine cronologico che La Fedelissima visiter\u00e0, dopo aver toccato Capo Rizzuto, Porto Cesareo, successivamente quelle dei Paesi della costa balcanica, per poi rientrare in territorio italiano ed arrivare nell&#8217;Area Marina Protetta di Miramare-Trieste, Torre del Cerrano e infine Isole Tremiti.<br \/>\nObiettivo della conferenza, a cui parteciperanno Autorit\u00e0 civili e militari, oltre all&#8217;equipaggio de &#8220;La Fedelissima&#8221;, sar\u00e0 quello di discutere insieme sulla protezione del Mare e su quali strategie mettere in campo per migliorare l&#8217;efficacia degli sforzi degli attori coinvolti e sui risultati dell&#8217;iniziativa del Giro di Italia a Vela.<\/p>\n<p>&nbsp;<\/p>\n<p>COMUNICATO STAMPA<\/p>\n","protected":false},"excerpt":{"rendered":"<p>Il giorno 8 agosto, alle ore 12.30, presso la Lega Navale di Brindisi, si terr\u00e0 la conferenza stampa per la presentazione dell&#8217;iniziativa &#8220;Giro d&#8217;Italia a Vela&#8221;, della Lega Navale di Scario (SA), patrocinata dal Ministero dell&#8217;Ambiente, dall&#8217;Istituto Superiore per la Protezione e la Ricerca Ambientale, dalla Federazione Italiana Vela, dall&#8217;Associazione Nazionale Carabinieri e dal Segretariato Permanente per le politiche di stabilit\u00e0 e sviluppo nei Paesi Balcanici, A.I.I. (Adriatic &amp; Ionian Initiative). Il Giro di Italia a vela, organizzato dal Generale Antonio Gagliardo, durante l&#8217;estate 2014 ha come tappe le Aree Marine Protette lungo le coste del bacino ionico e adriatico, con l&#8217;obiettivo di sensibilizzare sulla necessit\u00e0 della legalit\u00e0 in mare e del rispetto dell&#8217;Ambiente, coinvolgendo tutte le istituzioni interessate, le componenti sociali e la societ\u00e0 civile per un messaggio d&#8217;amore per il mare e per vivere le bellezze del nostro mare in modo rispettoso e legale. L&#8217;imbarcazione &#8220;La Fedelissima&#8221; protagonista di questo viaggio a vela lungo la sua rotta incontra le Aree Marine Protette adriatico-ioniche, creando una saldatura ideale tra&#8230;<\/p>\n","protected":false},"author":2,"featured_media":19329,"comment_status":"open","ping_status":"open","sticky":false,"template":"","format":"standard","meta":{"footnotes":""},"categories":[1232],"tags":[1126],"class_list":["post-19328","post","type-post","status-publish","format-standard","has-post-thumbnail","hentry","category-vela","tag-torre-guaceto"],"_links":{"self":[{"href":"https:\/\/www.brundisium.net\/index.php\/wp-json\/wp\/v2\/posts\/19328","targetHints":{"allow":["GET"]}}],"collection":[{"href":"https:\/\/www.brundisium.net\/index.php\/wp-json\/wp\/v2\/posts"}],"about":[{"href":"https:\/\/www.brundisium.net\/index.php\/wp-json\/wp\/v2\/types\/post"}],"author":[{"embeddable":true,"href":"https:\/\/www.brundisium.net\/index.php\/wp-json\/wp\/v2\/users\/2"}],"replies":[{"embeddable":true,"href":"https:\/\/www.brundisium.net\/index.php\/wp-json\/wp\/v2\/comments?post=19328"}],"version-history":[{"count":1,"href":"https:\/\/www.brundisium.net\/index.php\/wp-json\/wp\/v2\/posts\/19328\/revisions"}],"predecessor-version":[{"id":19330,"href":"https:\/\/www.brundisium.net\/index.php\/wp-json\/wp\/v2\/posts\/19328\/revisions\/19330"}],"wp:featuredmedia":[{"embeddable":true,"href":"https:\/\/www.brundisium.net\/index.php\/wp-json\/wp\/v2\/media\/19329"}],"wp:attachment":[{"href":"https:\/\/www.brundisium.net\/index.php\/wp-json\/wp\/v2\/media?parent=19328"}],"wp:term":[{"taxonomy":"category","embeddable":true,"href":"https:\/\/www.brundisium.net\/index.php\/wp-json\/wp\/v2\/categories?post=19328"},{"taxonomy":"post_tag","embeddable":true,"href":"https:\/\/www.brundisium.net\/index.php\/wp-json\/wp\/v2\/tags?post=19328"}],"curies":[{"name":"wp","href":"https:\/\/api.w.org\/{rel}","templated":true}]}}