{"id":193880,"date":"2021-10-08T16:38:12","date_gmt":"2021-10-08T14:38:12","guid":{"rendered":"https:\/\/www.brundisium.net\/?p=193880"},"modified":"2021-10-08T16:38:12","modified_gmt":"2021-10-08T14:38:12","slug":"legami-di-comunita-presenta-luci-al-parco-giornata-evento-con-espressioni-artistiche-e-mostre-per-festeggiare-la-ritrovata-illuminazione-del-parco-buscicchio","status":"publish","type":"post","link":"https:\/\/www.brundisium.net\/index.php\/legami-di-comunita-presenta-luci-al-parco-giornata-evento-con-espressioni-artistiche-e-mostre-per-festeggiare-la-ritrovata-illuminazione-del-parco-buscicchio\/","title":{"rendered":"Legami di Comunit\u00e0 presenta \u201cLuci al parco\u201d giornata-evento con espressioni artistiche e mostre per festeggiare la ritrovata illuminazione del Parco Buscicchio"},"content":{"rendered":"<p>Al quartiere Sant\u2019Elia di Brindisi si festeggia insieme a Legami di Comunit\u00e0!<\/p>\n<p>Il percorso della cooperativa brindisina proseguir\u00e0 sabato 9 ottobre alle ore 18:00 con l\u2019evento \u201cLuci al Parco\u201d che si terr\u00e0 nel Parco Buscicchio in Via A. Mantegna, 10.<\/p>\n<p>Nell\u2019occasione il Parco ospiter\u00e0 artisti, attori e musicisti locali che esporranno le proprie opere e si esibiranno dal vivo per rafforzare la scena culturale della citt\u00e0 e, in particolare, del quartiere. L\u2019ingresso \u00e8 totalmente gratuito e prevede il coinvolgimento attivo di tutti coloro che vorranno approcciarsi all\u2019arte nelle sue svariate forme.<\/p>\n<p>La Cooperativa di Comunit\u00e0 \u201cLegami di Comunit\u00e0 \u2013 Brindisi\u201d da tempo lavora sul territorio dando protagonismo e responsabilit\u00e0 a tutte le persone attraverso l\u2019arte, lo sport, il teatro e la musica affinch\u00e9 ognuno possa esprimersi ed essere consapevole delle proprie abilit\u00e0 e potenzialit\u00e0.<\/p>\n<p>\u201cLuci al Parco\u201d esprime questa energia portando in periferia gli artisti della citt\u00e0, in questo modo tutta la comunit\u00e0 potr\u00e0 festeggiare con la bellezza il Parco illuminato e non pi\u00f9 al buio.<\/p>\n<p>La cooperativa intendo inoltre ringraziare gli artisti che hanno voluto donare ulteriore luce al Parco: Sabrina De Mitri, sassofonista e musicista eclettica; Francesca Danese, attrice e insegnante di teatro; Stefania Marianna Robassa in arte Sabrosa, artista versatile; Fabrizio Rel\u00e8 Distante, artista e grafico; Galiano Lombardi, artista; Stefano Iaia, artista iperrealista; Alessandro Ribezzi, artista, fotografo e video maker; Amanda Librale, artista espressionista; Anastasia Luceri, artista e arte terapeuta; Giulia Cristofaro, artista, scultrice e scenografa; Maria Teresa Contaldo, fotografa; Daniele Guadalupi; Matteo D\u2019Astore in arte d3je, musicista e produttore; Giulia Crastolla, curatrice dell\u2019evento; Silvia Erario, fotografa e tutti i cittadini e gli operatori del mondo dell\u2019arte che saranno presenti.<\/p>\n<p>La mostra e le esibizioni si terranno all\u2019ingresso del parco e all\u2019interno della Casa di Quartiere, quindi non abbiate timore del tempo perch\u00e9 abbiamo il piano B!<\/p>\n<p>Al termine della serata \u00e8 previsto un buffet di Comunit\u00e0 alla pizzeria \u201cAl Parco\u201d.<\/p>\n","protected":false},"excerpt":{"rendered":"<p>Al quartiere Sant\u2019Elia di Brindisi si festeggia insieme a Legami di Comunit\u00e0! Il percorso della cooperativa brindisina proseguir\u00e0 sabato 9 ottobre alle ore 18:00 con l\u2019evento \u201cLuci al Parco\u201d che si terr\u00e0 nel Parco Buscicchio in Via A. Mantegna, 10. Nell\u2019occasione il Parco ospiter\u00e0 artisti, attori e musicisti locali che esporranno le proprie opere e si esibiranno dal vivo per rafforzare la scena culturale della citt\u00e0 e, in particolare, del quartiere. L\u2019ingresso \u00e8 totalmente gratuito e prevede il coinvolgimento attivo di tutti coloro che vorranno approcciarsi all\u2019arte nelle sue svariate forme. La Cooperativa di Comunit\u00e0 \u201cLegami di Comunit\u00e0 \u2013 Brindisi\u201d da tempo lavora sul territorio dando protagonismo e responsabilit\u00e0 a tutte le persone attraverso l\u2019arte, lo sport, il teatro e la musica affinch\u00e9 ognuno possa esprimersi ed essere consapevole delle proprie abilit\u00e0 e potenzialit\u00e0. \u201cLuci al Parco\u201d esprime questa energia portando in periferia gli artisti della citt\u00e0, in questo modo tutta la comunit\u00e0 potr\u00e0 festeggiare con la bellezza il Parco illuminato e non pi\u00f9 al buio. La cooperativa intendo inoltre&#8230;<\/p>\n","protected":false},"author":2,"featured_media":193881,"comment_status":"open","ping_status":"closed","sticky":false,"template":"","format":"standard","meta":{"footnotes":""},"categories":[7],"tags":[],"class_list":["post-193880","post","type-post","status-publish","format-standard","has-post-thumbnail","hentry","category-news"],"_links":{"self":[{"href":"https:\/\/www.brundisium.net\/index.php\/wp-json\/wp\/v2\/posts\/193880","targetHints":{"allow":["GET"]}}],"collection":[{"href":"https:\/\/www.brundisium.net\/index.php\/wp-json\/wp\/v2\/posts"}],"about":[{"href":"https:\/\/www.brundisium.net\/index.php\/wp-json\/wp\/v2\/types\/post"}],"author":[{"embeddable":true,"href":"https:\/\/www.brundisium.net\/index.php\/wp-json\/wp\/v2\/users\/2"}],"replies":[{"embeddable":true,"href":"https:\/\/www.brundisium.net\/index.php\/wp-json\/wp\/v2\/comments?post=193880"}],"version-history":[{"count":1,"href":"https:\/\/www.brundisium.net\/index.php\/wp-json\/wp\/v2\/posts\/193880\/revisions"}],"predecessor-version":[{"id":193882,"href":"https:\/\/www.brundisium.net\/index.php\/wp-json\/wp\/v2\/posts\/193880\/revisions\/193882"}],"wp:featuredmedia":[{"embeddable":true,"href":"https:\/\/www.brundisium.net\/index.php\/wp-json\/wp\/v2\/media\/193881"}],"wp:attachment":[{"href":"https:\/\/www.brundisium.net\/index.php\/wp-json\/wp\/v2\/media?parent=193880"}],"wp:term":[{"taxonomy":"category","embeddable":true,"href":"https:\/\/www.brundisium.net\/index.php\/wp-json\/wp\/v2\/categories?post=193880"},{"taxonomy":"post_tag","embeddable":true,"href":"https:\/\/www.brundisium.net\/index.php\/wp-json\/wp\/v2\/tags?post=193880"}],"curies":[{"name":"wp","href":"https:\/\/api.w.org\/{rel}","templated":true}]}}