{"id":193892,"date":"2021-10-08T16:49:22","date_gmt":"2021-10-08T14:49:22","guid":{"rendered":"https:\/\/www.brundisium.net\/?p=193892"},"modified":"2021-10-08T16:49:22","modified_gmt":"2021-10-08T14:49:22","slug":"race-for-the-cure-fara-tappa-anche-a-brindisi","status":"publish","type":"post","link":"https:\/\/www.brundisium.net\/index.php\/race-for-the-cure-fara-tappa-anche-a-brindisi\/","title":{"rendered":"Race for the cure far\u00e0 tappa anche a Brindisi"},"content":{"rendered":"<p>La XV edizione della Race for the Cure, che si svolge a Bari, quest\u2019anno far\u00e0 tappa anche a Brindisi il 16 ottobre, alle ore 16 presso la Piazzetta Sottile De Falco, per sensibilizzare alla prevenzione del tumore del seno e raccogliere fondi a favore dei progetti di Komen Italia dedicati alle donne. <\/p>\n<p>Anche se in scala ridotta, la ripartenza delle Race rappresenta un segnale di speranza per le oltre 56.000 donne che nel corso del 2021 affronteranno un tumore del seno in Italia e contribuire a superare le difficolt\u00e0 che il Covid-19 ha determinato in campo oncologico. <\/p>\n<p>In questa edizione la tradizionale corsa non avr\u00e0 luogo, ma si potr\u00e0 partecipare ad una Passeggiata culturale in rosa; una visita guidata sul tema della presenza femminile nei monumenti, nelle iscrizioni e nelle raffigurazioni artistiche a Brindisi.<br \/>\nUn percorso al quale si potr\u00e0 partecipare con i propri amici e con la famiglia per sostenere le donne che affrontano la malattia.<\/p>\n<p>A Brindisi la Race si svolge con il patrocinio dell&#8217;amministrazione comunale e la collaborazione delle volontarie Komen gruppo Civetta e la Fondazione Tonino Di Giulio con una visita sulla presenza della donna nella storia dell\u2019arte. <\/p>\n<p>\u201cApprezziamo il lavoro di Komen e riteniamo importante sostenere le loro iniziative. La prevenzione \u00e8 uno strumento necessario e saremo al loro fianco per informare e supportare le donne in questo percorso di attenzione per la loro salute\u201d, lo dichiara l\u2019assessore ai Servizi sociali Isabella Lettori. <\/p>\n<p>La partecipazione \u00e8 gratuita, con obbligo di green pass e prenotazione entro il 15 ottobre al numero 3470921569. Per evitare assembramenti i partecipanti saranno divisi in due turni in partenza da Piazzetta Sottile De Falco alle ore 16 ed alle ore 17.30.<br \/>\nLe manifestazioni si svolgono sotto l\u2019Alto Patronato del Presidente della Repubblica.<\/p>\n","protected":false},"excerpt":{"rendered":"<p>La XV edizione della Race for the Cure, che si svolge a Bari, quest\u2019anno far\u00e0 tappa anche a Brindisi il 16 ottobre, alle ore 16 presso la Piazzetta Sottile De Falco, per sensibilizzare alla prevenzione del tumore del seno e raccogliere fondi a favore dei progetti di Komen Italia dedicati alle donne. Anche se in scala ridotta, la ripartenza delle Race rappresenta un segnale di speranza per le oltre 56.000 donne che nel corso del 2021 affronteranno un tumore del seno in Italia e contribuire a superare le difficolt\u00e0 che il Covid-19 ha determinato in campo oncologico. In questa edizione la tradizionale corsa non avr\u00e0 luogo, ma si potr\u00e0 partecipare ad una Passeggiata culturale in rosa; una visita guidata sul tema della presenza femminile nei monumenti, nelle iscrizioni e nelle raffigurazioni artistiche a Brindisi. Un percorso al quale si potr\u00e0 partecipare con i propri amici e con la famiglia per sostenere le donne che affrontano la malattia. A Brindisi la Race si svolge con il patrocinio dell&#8217;amministrazione comunale e la&#8230;<\/p>\n","protected":false},"author":2,"featured_media":193893,"comment_status":"open","ping_status":"closed","sticky":false,"template":"","format":"standard","meta":{"footnotes":""},"categories":[7],"tags":[],"class_list":["post-193892","post","type-post","status-publish","format-standard","has-post-thumbnail","hentry","category-news"],"_links":{"self":[{"href":"https:\/\/www.brundisium.net\/index.php\/wp-json\/wp\/v2\/posts\/193892","targetHints":{"allow":["GET"]}}],"collection":[{"href":"https:\/\/www.brundisium.net\/index.php\/wp-json\/wp\/v2\/posts"}],"about":[{"href":"https:\/\/www.brundisium.net\/index.php\/wp-json\/wp\/v2\/types\/post"}],"author":[{"embeddable":true,"href":"https:\/\/www.brundisium.net\/index.php\/wp-json\/wp\/v2\/users\/2"}],"replies":[{"embeddable":true,"href":"https:\/\/www.brundisium.net\/index.php\/wp-json\/wp\/v2\/comments?post=193892"}],"version-history":[{"count":1,"href":"https:\/\/www.brundisium.net\/index.php\/wp-json\/wp\/v2\/posts\/193892\/revisions"}],"predecessor-version":[{"id":193894,"href":"https:\/\/www.brundisium.net\/index.php\/wp-json\/wp\/v2\/posts\/193892\/revisions\/193894"}],"wp:featuredmedia":[{"embeddable":true,"href":"https:\/\/www.brundisium.net\/index.php\/wp-json\/wp\/v2\/media\/193893"}],"wp:attachment":[{"href":"https:\/\/www.brundisium.net\/index.php\/wp-json\/wp\/v2\/media?parent=193892"}],"wp:term":[{"taxonomy":"category","embeddable":true,"href":"https:\/\/www.brundisium.net\/index.php\/wp-json\/wp\/v2\/categories?post=193892"},{"taxonomy":"post_tag","embeddable":true,"href":"https:\/\/www.brundisium.net\/index.php\/wp-json\/wp\/v2\/tags?post=193892"}],"curies":[{"name":"wp","href":"https:\/\/api.w.org\/{rel}","templated":true}]}}