{"id":194575,"date":"2021-10-21T10:58:49","date_gmt":"2021-10-21T08:58:49","guid":{"rendered":"https:\/\/www.brundisium.net\/?p=194575"},"modified":"2021-10-21T15:06:11","modified_gmt":"2021-10-21T13:06:11","slug":"dcm-aresta-m5s-chi-e-al-governo-attui-lordine-del-giorno-evitare-atteggiamenti-autoreferenziali","status":"publish","type":"post","link":"https:\/\/www.brundisium.net\/index.php\/dcm-aresta-m5s-chi-e-al-governo-attui-lordine-del-giorno-evitare-atteggiamenti-autoreferenziali\/","title":{"rendered":"DCM, Aresta (M5S): &#8220;Chi \u00e8 al Governo attui l&#8217;ordine del giorno, evitare atteggiamenti autoreferenziali&#8221;"},"content":{"rendered":"<p>Giovanni Luca Aresta, deputato del M5S, in merito alle polemiche scaturite in seguito all\u2019approvazione da parte della Camera dei Deputati dell\u2019ordine del giorno Aresta\/D\u2019Attis sulla proroga della cassa integrazione straordinaria per i dipendenti della DCM di Brindisi, ha rilasciato la seguente dichiarazione:<\/p>\n<p>\u201cAlcuni organi di stampa mi danno oggi in rotta verso il centrodestra semplicemente per aver cofirmato un ordine del giorno, approvato dalla Camera dei Deputati, nel quale si auspicava l\u2019estensione della cassa integrazione straordinaria per i lavoratori e le lavoratrici della sede di Brindisi della Societ\u00e0 Distressed Companies Management. Nel recente passato mi si \u00e8 imputata una potenziale fuoriuscita dal M5S per le iniziative unitarie e trasversali fatte sul territorio insieme ad amministratori e rappresentanti del centrosinistra. Bisognerebbe fare pace con il cervello e pi\u00f9 che altro azionarlo adeguatamente.<\/p>\n<p>\u00c8 nello stile e nella natura del M5S trovare punti d\u2019intesa sui contenuti con le altre forze politiche specialmente se queste contribuiscono al benessere della nostra comunit\u00e0 e dei cittadini. Dovrebbe essere patrimonio di una sana politica unire le forze nel territorio venendo incontro a chi \u00e8 in difficolt\u00e0 specialmente in una fase di crisi come quella attuale.<\/p>\n<p>Sono per questo rimasto sinceramente sorpreso del diniego fatto dalla rappresentante del Governo in sede di parere sugli ordini del giorno legati alla conversione in legge del decreto n.118 recante misure urgenti in materia di crisi d&#8217;impresa e di risanamento aziendale. Questo non solo perch\u00e9 la rappresentante del Governo in questione \u00e8 stata eletta nel nostro territorio, ma per il fatto che si sostenga che chi propone iniziative a favore dei lavoratori della DCM sia \u201cun venditore di fumo\u201d. Mi ha sorpreso inoltre l\u2019assoluta indisponibilit\u00e0 al confronto con il Parlamento che ha costretto i proponenti a richiedere il voto dell\u2019aula ed approvare, con un voto trasversale di tutte le forze politiche, l\u2019ordine del giorno in questione. Proprio la trasversalit\u00e0 del voto dimostra che non c\u2019\u00e8 alcuna spaccatura nel M5S, ma semmai un richiamo forte del Parlamento al Governo a non chiudersi in un atteggiamento autoreferenziale e d\u2019insofferenza verso chi pone questioni concrete e reali.<\/p>\n<p>Stamani il Governo per bocca del rappresentante del Ministro del Lavoro, ha risposto in Commissione Lavoro al question time sulla DCM presentato dall\u20190n. D\u2019Attis e sostenuto ancora una volta da me. Si \u00e8 trattata di una risposta positiva in piena linea con quanto approvato ieri dal nostro ordine del giorno. Si afferma, infatti, che ulteriori finanziamenti della CIGS \u201cpotranno sicuramente essere valutati nel corso della prossima legge di bilancio per l\u2019anno 2022\u201d. Esattamente quello che chiedevamo noi.<\/p>\n<p>Noi deputati \u201csemplici\u201d abbiamo fatto quanto di nostra competenza per i lavoratori e il territorio. Sta a chi, ricoprendo incarichi di governo come l\u2019onorevole Anna Macina, ha strumenti pi\u00f9 adeguati ed efficaci del nostro per far valere l\u2019interesse pubblico agire e non perdere il contatto con la realt\u00e0 sociale e il territorio. Il Parlamento ha dato un indirizzo: adesso il Governo lo attui\u201d.<\/p>\n<p>&nbsp;<\/p>\n<p>On. Avv. Giovanni Luca Aresta<br \/>\nPresidente Gruppo M5S in Commissione Difesa, Componente il Comitato per la Legislazione, Camera dei deputati,<\/p>\n","protected":false},"excerpt":{"rendered":"<p>Giovanni Luca Aresta, deputato del M5S, in merito alle polemiche scaturite in seguito all\u2019approvazione da parte della Camera dei Deputati dell\u2019ordine del giorno Aresta\/D\u2019Attis sulla proroga della cassa integrazione straordinaria per i dipendenti della DCM di Brindisi, ha rilasciato la seguente dichiarazione: \u201cAlcuni organi di stampa mi danno oggi in rotta verso il centrodestra semplicemente per aver cofirmato un ordine del giorno, approvato dalla Camera dei Deputati, nel quale si auspicava l\u2019estensione della cassa integrazione straordinaria per i lavoratori e le lavoratrici della sede di Brindisi della Societ\u00e0 Distressed Companies Management. Nel recente passato mi si \u00e8 imputata una potenziale fuoriuscita dal M5S per le iniziative unitarie e trasversali fatte sul territorio insieme ad amministratori e rappresentanti del centrosinistra. Bisognerebbe fare pace con il cervello e pi\u00f9 che altro azionarlo adeguatamente. \u00c8 nello stile e nella natura del M5S trovare punti d\u2019intesa sui contenuti con le altre forze politiche specialmente se queste contribuiscono al benessere della nostra comunit\u00e0 e dei cittadini. Dovrebbe essere patrimonio di una sana politica unire le&#8230;<\/p>\n","protected":false},"author":2,"featured_media":169468,"comment_status":"open","ping_status":"closed","sticky":false,"template":"","format":"standard","meta":{"footnotes":""},"categories":[7],"tags":[],"class_list":["post-194575","post","type-post","status-publish","format-standard","has-post-thumbnail","hentry","category-news"],"_links":{"self":[{"href":"https:\/\/www.brundisium.net\/index.php\/wp-json\/wp\/v2\/posts\/194575","targetHints":{"allow":["GET"]}}],"collection":[{"href":"https:\/\/www.brundisium.net\/index.php\/wp-json\/wp\/v2\/posts"}],"about":[{"href":"https:\/\/www.brundisium.net\/index.php\/wp-json\/wp\/v2\/types\/post"}],"author":[{"embeddable":true,"href":"https:\/\/www.brundisium.net\/index.php\/wp-json\/wp\/v2\/users\/2"}],"replies":[{"embeddable":true,"href":"https:\/\/www.brundisium.net\/index.php\/wp-json\/wp\/v2\/comments?post=194575"}],"version-history":[{"count":1,"href":"https:\/\/www.brundisium.net\/index.php\/wp-json\/wp\/v2\/posts\/194575\/revisions"}],"predecessor-version":[{"id":194577,"href":"https:\/\/www.brundisium.net\/index.php\/wp-json\/wp\/v2\/posts\/194575\/revisions\/194577"}],"wp:featuredmedia":[{"embeddable":true,"href":"https:\/\/www.brundisium.net\/index.php\/wp-json\/wp\/v2\/media\/169468"}],"wp:attachment":[{"href":"https:\/\/www.brundisium.net\/index.php\/wp-json\/wp\/v2\/media?parent=194575"}],"wp:term":[{"taxonomy":"category","embeddable":true,"href":"https:\/\/www.brundisium.net\/index.php\/wp-json\/wp\/v2\/categories?post=194575"},{"taxonomy":"post_tag","embeddable":true,"href":"https:\/\/www.brundisium.net\/index.php\/wp-json\/wp\/v2\/tags?post=194575"}],"curies":[{"name":"wp","href":"https:\/\/api.w.org\/{rel}","templated":true}]}}