{"id":195029,"date":"2021-11-04T08:57:55","date_gmt":"2021-11-04T07:57:55","guid":{"rendered":"https:\/\/www.brundisium.net\/?p=195029"},"modified":"2021-11-04T08:57:55","modified_gmt":"2021-11-04T07:57:55","slug":"4-novembre-le-celebrazioni-a-brindisi-e-provincia","status":"publish","type":"post","link":"https:\/\/www.brundisium.net\/index.php\/4-novembre-le-celebrazioni-a-brindisi-e-provincia\/","title":{"rendered":"4 Novembre: le celebrazioni a Brindisi e Provincia"},"content":{"rendered":"<p>La Prefettura e il Presidio della Marina Militare, in collaborazione con il Comune di Brindisi, l\u2019Ufficio Scolastico Provinciale e le Forze dell\u2019Ordine, hanno programmato in Piazza Santa Teresa, con inizio alle ore 10.30, la cerimonia commemorativa per la celebrazione della festivit\u00e0 del 4 Novembre, Giorno dell\u2019Unit\u00e0 Nazionale e delle Forze Armate.<br \/>\nLa manifestazione, che avr\u00e0 luogo ai piedi del Monumento ai Caduti, caro alla memoria storica della citt\u00e0, si aprir\u00e0 con la deposizione della corona da parte del Prefetto e del Comandante del Presidio Militare, unitamente al Sindaco di Brindisi e al Presidente della Provincia.<br \/>\nLa manifestazione prevede il contributo musicale degli studenti del Liceo \u201cGiustino Durano\u201d di Brindisi.<br \/>\nNel corso della cerimonia saranno consegnate, alla presenza delle Autorit\u00e0 Civili e militari, le Onorificenze al Merito della Repubblica Italiana conferite dal Capo dello Stato ad alcuni cittadini che si sono distinti in vari ambiti dando lustro al territorio brindisino.<\/p>\n<p>&nbsp;<\/p>\n<p>Gioved\u00ec 4 novembre alle 9.00 in Piazza Vittorio Emanuele II, a Francavilla, si terr\u00e0 una cerimonia istituzionale in occasione della Giornata dell\u2019Unit\u00e0 Nazionale e delle Forze Armate.<\/p>\n<p>Come da protocollo la manifestazione si aprir\u00e0 con lo schieramento delle autorit\u00e0 civili e militari, cui seguir\u00e0 l\u2019alzabandiera con l\u2019esecuzione dell\u2019Inno Nazionale a cura della Scuola Musicale Comunale.<\/p>\n<p>Dopo la deposizione di una corona d\u2019alloro al Monumento ai Caduti da parte del Sindaco Antonello Denuzzo, prender\u00e0 la parola il Ten. Col. Osvaldo Regina, Comandante del Centro Logistico Munizionamento e Armamento dell&#8217;Aeronautica Militare &#8211; Gruppo Rifornimenti Area Sud.<\/p>\n<p>Gli studenti Matteo Padula (Primo Istituto Comprensivo), Luigi Argentiero (Secondo Istituto Comprensivo) e Gerardo Luigi Agnusdei (Terzo Istituto Comprensivo) leggeranno alcune riflessioni sul significato di questa giornata.<\/p>\n<p>Le conclusioni saranno a cura del Sindaco Antonello Denuzzo.<\/p>\n<p>Il 4 novembre, oltre a celebrare l&#8217;Armistizio di Villa Giusti del 1918, \u00e8 dedicato alla memoria di tutti coloro che hanno sacrificato la propria vita per l\u2019Italia.<\/p>\n<p>Quest\u2019anno le celebrazioni coincidono con il centenario della tumulazione del Milite Ignoto nel sacello dell\u2019Altare della Patria. Questo soldato anonimo, morto nel corso della Prima guerra mondiale, incarna il sacrificio di tutti i Caduti per la Patria.<\/p>\n<p>L\u2019anonimato di ieri, a distanza di un secolo, si \u00e8 trasformato in un senso di rinnovata appartenenza grazie alla campagna avviata dalle Medaglie d\u2019Oro al valor Militare e ANCI, che hanno promosso il riconoscimento della Cittadinanza Onoraria del Milite Ignoto nei Comuni italiani.<\/p>\n<p>L\u2019iniziativa, dal profondo significato simbolico, \u00e8 stata sposata dal Sindaco Antonello Denuzzo che ha proposto il conferimento della Cittadinanza Onoraria di Francavilla Fontana al Milite Ignoto.<\/p>\n<p>&nbsp;<\/p>\n<p>Anche la Citt\u00e0 di Mesagne ha organizzato iniziative per ricordare l&#8217;Armistizio di Villa Giusti (4 novembre 1918), che consent\u00ec di portare a compimento il processo di unificazione nazionale dell&#8217;Italia iniziato in epoca risorgimentale. Quest\u2019anno ricorre il centesimo anniversario della traslazione del Milite Ignoto, simbolo dei militari caduti durante la prima Guerra Mondiale e dei quali \u00e8 stato impossibile il riconoscimento.<\/p>\n<p>Il sindaco Antonio Matarrelli e il presidente del Consiglio comunale Omar Ture terranno il loro intervento in Piazza Orsini del Balzo a partire dalle ore 9.Tutti i momenti si svolgeranno nel rispetto della vigente normativa anti Covid-19.<\/p>\n","protected":false},"excerpt":{"rendered":"<p>La Prefettura e il Presidio della Marina Militare, in collaborazione con il Comune di Brindisi, l\u2019Ufficio Scolastico Provinciale e le Forze dell\u2019Ordine, hanno programmato in Piazza Santa Teresa, con inizio alle ore 10.30, la cerimonia commemorativa per la celebrazione della festivit\u00e0 del 4 Novembre, Giorno dell\u2019Unit\u00e0 Nazionale e delle Forze Armate. La manifestazione, che avr\u00e0 luogo ai piedi del Monumento ai Caduti, caro alla memoria storica della citt\u00e0, si aprir\u00e0 con la deposizione della corona da parte del Prefetto e del Comandante del Presidio Militare, unitamente al Sindaco di Brindisi e al Presidente della Provincia. La manifestazione prevede il contributo musicale degli studenti del Liceo \u201cGiustino Durano\u201d di Brindisi. Nel corso della cerimonia saranno consegnate, alla presenza delle Autorit\u00e0 Civili e militari, le Onorificenze al Merito della Repubblica Italiana conferite dal Capo dello Stato ad alcuni cittadini che si sono distinti in vari ambiti dando lustro al territorio brindisino. &nbsp; Gioved\u00ec 4 novembre alle 9.00 in Piazza Vittorio Emanuele II, a Francavilla, si terr\u00e0 una cerimonia istituzionale in occasione della&#8230;<\/p>\n","protected":false},"author":2,"featured_media":163453,"comment_status":"open","ping_status":"closed","sticky":false,"template":"","format":"standard","meta":{"footnotes":""},"categories":[7],"tags":[],"class_list":["post-195029","post","type-post","status-publish","format-standard","has-post-thumbnail","hentry","category-news"],"_links":{"self":[{"href":"https:\/\/www.brundisium.net\/index.php\/wp-json\/wp\/v2\/posts\/195029","targetHints":{"allow":["GET"]}}],"collection":[{"href":"https:\/\/www.brundisium.net\/index.php\/wp-json\/wp\/v2\/posts"}],"about":[{"href":"https:\/\/www.brundisium.net\/index.php\/wp-json\/wp\/v2\/types\/post"}],"author":[{"embeddable":true,"href":"https:\/\/www.brundisium.net\/index.php\/wp-json\/wp\/v2\/users\/2"}],"replies":[{"embeddable":true,"href":"https:\/\/www.brundisium.net\/index.php\/wp-json\/wp\/v2\/comments?post=195029"}],"version-history":[{"count":1,"href":"https:\/\/www.brundisium.net\/index.php\/wp-json\/wp\/v2\/posts\/195029\/revisions"}],"predecessor-version":[{"id":195030,"href":"https:\/\/www.brundisium.net\/index.php\/wp-json\/wp\/v2\/posts\/195029\/revisions\/195030"}],"wp:featuredmedia":[{"embeddable":true,"href":"https:\/\/www.brundisium.net\/index.php\/wp-json\/wp\/v2\/media\/163453"}],"wp:attachment":[{"href":"https:\/\/www.brundisium.net\/index.php\/wp-json\/wp\/v2\/media?parent=195029"}],"wp:term":[{"taxonomy":"category","embeddable":true,"href":"https:\/\/www.brundisium.net\/index.php\/wp-json\/wp\/v2\/categories?post=195029"},{"taxonomy":"post_tag","embeddable":true,"href":"https:\/\/www.brundisium.net\/index.php\/wp-json\/wp\/v2\/tags?post=195029"}],"curies":[{"name":"wp","href":"https:\/\/api.w.org\/{rel}","templated":true}]}}