{"id":195100,"date":"2021-11-04T15:01:01","date_gmt":"2021-11-04T14:01:01","guid":{"rendered":"https:\/\/www.brundisium.net\/?p=195100"},"modified":"2021-11-04T15:01:01","modified_gmt":"2021-11-04T14:01:01","slug":"domani-a-brindisi-si-presenta-la-rivista-su-la-testa-con-paolo-ferrero","status":"publish","type":"post","link":"https:\/\/www.brundisium.net\/index.php\/domani-a-brindisi-si-presenta-la-rivista-su-la-testa-con-paolo-ferrero\/","title":{"rendered":"Domani a Brindisi si presenta la Rivista \u201cSu la Testa\u201d con Paolo Ferrero"},"content":{"rendered":"<p>Il Partito della Rifondazione Comunista presenta la rivista Su la testa con il suo direttore Paolo Ferrero. L\u2019evento si terr\u00e0 venerd\u00ec 5 Novembre alle ore 19,30 presso la sede in Via Porta Lecce 134 a Brindisi nel rispetto delle regole \u201ccovid19\u201d.<br \/>\nL\u2019obiettivo \u00e8 quello di mettere a disposizione di Rifondazione Comunista e della sinistra di alternativa uno spazio di ricerca teorica, culturale e politica basata sul confronto, sull\u2019ascolto e sulla proposta. Ogni numero \u2013 che uscir\u00e0 con cadenza bimestrale \u2013 si baser\u00e0 su un nucleo monografico: un editoriale proporr\u00e0 di volta in volta valutazioni e riflessioni su una grande questione del nostro tempo, a cui seguiranno interventi che interloquiranno criticamente e scaveranno a loro volta negli ambiti e nei nodi politici e culturali sollevati. Non \u00e8 perci\u00f2 nostra intenzione rincorrere la contingenza politica; proveremo soprattutto a dare centralit\u00e0 a quei temi che riteniamo debbano interrogare e interessare tutti quelli che intendono lottare per un altro mondo possibile.<br \/>\nLa ricerca e il dibattito non termineranno per\u00f2 con la pubblicazione della rivista. Ci piacerebbe, in particolare, se questa rivista diventasse un cantiere aperto, e che la discussione proseguisse anche successivamente. La ricerca dell\u2019alternativa e la riflessione teorica nella direzione della rifondazione della prospettiva comunista, dal nostro punto di vista, non devono essere patrimonio di pochi, ma un cimento pi\u00f9 largo possibile.<br \/>\nSu la testa proporr\u00e0 anche, di volta in volta, oltre alla parte monografica, ulteriori materiali, riflessioni e recensioni, sempre legate alla tessitura del filo dell\u2019alternativa.<br \/>\nCi sembra fondamentale che una forza liberamente ma ostinatamente comunista si doti di uno strumento come questo. Ci sembra decisivo farlo in maniera aperta, plurale, non dogmatica, con spirito di ricerca, senza steccati, coinvolgendo chi si muove sul terreno dell\u2019alternativa. Coloro che vorranno riflettere con noi saranno nostre e nostri compagne\/i di strada.<br \/>\nSeguir\u00e0 un buffet di autofinanziamento.<\/p>\n<p>&nbsp;<\/p>\n<p>&nbsp;<\/p>\n<p><strong>PRC Brindisi<\/strong><\/p>\n<p>&nbsp;<\/p>\n","protected":false},"excerpt":{"rendered":"<p>Il Partito della Rifondazione Comunista presenta la rivista Su la testa con il suo direttore Paolo Ferrero. L\u2019evento si terr\u00e0 venerd\u00ec 5 Novembre alle ore 19,30 presso la sede in Via Porta Lecce 134 a Brindisi nel rispetto delle regole \u201ccovid19\u201d. L\u2019obiettivo \u00e8 quello di mettere a disposizione di Rifondazione Comunista e della sinistra di alternativa uno spazio di ricerca teorica, culturale e politica basata sul confronto, sull\u2019ascolto e sulla proposta. Ogni numero \u2013 che uscir\u00e0 con cadenza bimestrale \u2013 si baser\u00e0 su un nucleo monografico: un editoriale proporr\u00e0 di volta in volta valutazioni e riflessioni su una grande questione del nostro tempo, a cui seguiranno interventi che interloquiranno criticamente e scaveranno a loro volta negli ambiti e nei nodi politici e culturali sollevati. Non \u00e8 perci\u00f2 nostra intenzione rincorrere la contingenza politica; proveremo soprattutto a dare centralit\u00e0 a quei temi che riteniamo debbano interrogare e interessare tutti quelli che intendono lottare per un altro mondo possibile. La ricerca e il dibattito non termineranno per\u00f2 con la pubblicazione della rivista&#8230;.<\/p>\n","protected":false},"author":2,"featured_media":195101,"comment_status":"open","ping_status":"closed","sticky":false,"template":"","format":"standard","meta":{"footnotes":""},"categories":[7],"tags":[],"class_list":["post-195100","post","type-post","status-publish","format-standard","has-post-thumbnail","hentry","category-news"],"_links":{"self":[{"href":"https:\/\/www.brundisium.net\/index.php\/wp-json\/wp\/v2\/posts\/195100","targetHints":{"allow":["GET"]}}],"collection":[{"href":"https:\/\/www.brundisium.net\/index.php\/wp-json\/wp\/v2\/posts"}],"about":[{"href":"https:\/\/www.brundisium.net\/index.php\/wp-json\/wp\/v2\/types\/post"}],"author":[{"embeddable":true,"href":"https:\/\/www.brundisium.net\/index.php\/wp-json\/wp\/v2\/users\/2"}],"replies":[{"embeddable":true,"href":"https:\/\/www.brundisium.net\/index.php\/wp-json\/wp\/v2\/comments?post=195100"}],"version-history":[{"count":1,"href":"https:\/\/www.brundisium.net\/index.php\/wp-json\/wp\/v2\/posts\/195100\/revisions"}],"predecessor-version":[{"id":195102,"href":"https:\/\/www.brundisium.net\/index.php\/wp-json\/wp\/v2\/posts\/195100\/revisions\/195102"}],"wp:featuredmedia":[{"embeddable":true,"href":"https:\/\/www.brundisium.net\/index.php\/wp-json\/wp\/v2\/media\/195101"}],"wp:attachment":[{"href":"https:\/\/www.brundisium.net\/index.php\/wp-json\/wp\/v2\/media?parent=195100"}],"wp:term":[{"taxonomy":"category","embeddable":true,"href":"https:\/\/www.brundisium.net\/index.php\/wp-json\/wp\/v2\/categories?post=195100"},{"taxonomy":"post_tag","embeddable":true,"href":"https:\/\/www.brundisium.net\/index.php\/wp-json\/wp\/v2\/tags?post=195100"}],"curies":[{"name":"wp","href":"https:\/\/api.w.org\/{rel}","templated":true}]}}