{"id":195607,"date":"2021-11-16T14:58:02","date_gmt":"2021-11-16T13:58:02","guid":{"rendered":"https:\/\/www.brundisium.net\/?p=195607"},"modified":"2021-12-07T17:52:20","modified_gmt":"2021-12-07T16:52:20","slug":"inneggiano-al-fascismo-nel-corso-della-diretta-youtube-del-giorno-della-memoria-denunciati-5-minorenni","status":"publish","type":"post","link":"https:\/\/www.brundisium.net\/index.php\/inneggiano-al-fascismo-nel-corso-della-diretta-youtube-del-giorno-della-memoria-denunciati-5-minorenni\/","title":{"rendered":"Inneggiano al fascismo nel corso della diretta youtube del &#8220;Giorno della Memoria&#8221;: denunciati 5 minorenni"},"content":{"rendered":"<p>Nei giorni scorsi, a conclusione delle indagini preliminari avviate a partire dal 27 gennaio 2021, la Procura della Repubblica presso il Tribunale per i Minorenni di Lecce, ha emesso, a carico di 5 minori e del difensore, il provvedimento di avviso delle conclusione delle indagini stesse per il reato di cui agli artt. 110 e 604 bis c.p. perch\u00e9, \u201cin concorso tra loro e con altre persone allo stato non identificate, in occasione della richiamata celebrazione, mandata in diretta streaming tramite la piattaforma \u201cYoutube\u201d, poich\u00e9 era stata resa attiva una chat pubblica riservata ai commenti da parte dei singoli utenti, si collegavano alla predetta chat e, in contemporanea con la diretta streamimg, pubblicavano dei post inneggianti al partito fascista e nazista nonch\u00e9 numerose frasi aventi manifestazione antisemita, di discriminazione razziale ed in ordine all\u2019orientamento sessuale\u201d.<\/p>\n<p>In data 27 gennaio 2021, presso il salone di rappresentanza della Provincia di Brindisi, organizzata dalla Prefettura di Brindisi, alle ore 10:30, si svolgeva la cerimonia commemorativa del \u201cGiorno della Memoria\u201d, anche in diretta streaming attraverso un canale dedicato sulla piattaforma \u201cyoutube\u201d, in ricordo delle persecuzioni del popolo ebraico e dello sterminio nei campi nazisti dei deportati militari e civili italiani e venivano conferite 4 medaglie ad altrettanti sopravvissuti all\u2019olocausto.<\/p>\n<p>Nello stesso circuito telematico dedicato, veniva resa attiva una chat, ovvero uno spazio riservato ai commenti da parte dei singoli utenti, moltissimi dei quali erano studenti degli istituti di istruzione secondaria della provincia di Brindisi, coinvolti nell\u2019iniziativa dal Provveditorato agli Studi \u2013 Ufficio Scolastico Provinciale.<\/p>\n<p>Durante lo svolgimento della cerimonia, nella chat pubblica, contemporaneamente alla trasmissione delle immagini, venivano diffusi post inneggianti al partito fascista e nazista, espressioni antisemite e di discriminazione razziale, di apologia verso esponenti della criminalit\u00e0 mafiosa, affermazioni discriminanti i generi e gli orientamenti sessuali.<\/p>\n<p>Il numero consistente di soggetti coinvolti, nonch\u00e9 la progressiva intensit\u00e0 degli interventi aggressivi, depongono (ed \u00e8 questa l\u2019ipotesi di lavoro che hanno sviluppato gli investigatori della Digos) per quella strategia preventivamente concordata nota, in gergo, col nome di Shit Storm poich\u00e9 si sostanzia come un attacco telematico di gruppo diffuso in rete con l\u2019obbiettivo di impedire gli eventi (\u201cc.d. crash della live\u201d) ovvero di neutralizzare lo scopo didattico\/educativo. Nell\u2019ambito del gruppo, infatti, alcuni soggetti si sono evidenziati in quanto promotori ed organizzatori del predetto attacco.<\/p>\n<p>Subito dopo il fatto reato, personale Digos, che ha acquisito l\u2019intero contenuto della chat, comprendente 2540 records, e focalizzando l\u2019attenzione su alcuni studenti minorenni, in sinergia con la Procura della Repubblica presso il Tribunale per i Minorenni di Lecce, immediatamente informata, e recependone le direttive che sono sempre indirizzate alla rieducazione e al recupero del minore che non ha interiorizzato, evidentemente, i \u201cmali\u201d della storia e il rispetto delle libert\u00e0 altrui, ha svolto le indagini, prettamente di natura informatica, ed \u00e8 riuscito a raccogliere elementi univoci gravi e concordanti a carico di 5 minori della decina di soggetti coinvolti, classe 2004\/2005, studenti degli istituti di istruzione secondaria, 3 della provincia di Brindisi, 1 della provincia di Taranto e 1 di Bari.<br \/>\nA tutti, compresi gli esercenti la potest\u00e0 genitoriale, \u00e8 stato notificato l\u2019avviso di conclusione delle indagini emesso dalla Procura della Repubblica presso il Tribunale per i Minorenni di Lecce.<\/p>\n<p>Tutti i minori sono risultati inseriti in ottimi contesti familiari, nonch\u00e9 affettivi e culturali e molti di loro sembrano aver compreso la gravit\u00e0 del comportamento assunto il 27 gennaio 2021.<\/p>\n<p>Infine, va evidenziato che molti studenti che hanno partecipato all\u2019iniziativa attraverso la chat e che hanno avuto modo di leggere in diretta le frasi inneggianti al partito fascista e nazista, nonch\u00e9 antisemita e di discriminazione razziale e in ordine all\u2019orientamento sessuale le hanno segnalate all\u2019ufficio Digos dimostrando grande senso di responsabilit\u00e0 e consapevolezza della loro gravit\u00e0.<br \/>\nLa serrata ed efficiente attivit\u00e0 di indagine da parte della Digos ha riscosso il plauso del Questore che ringrazia per la sensibilit\u00e0 e l\u2019attenzione la Procura dei Minori.<\/p>\n","protected":false},"excerpt":{"rendered":"<p>Nei giorni scorsi, a conclusione delle indagini preliminari avviate a partire dal 27 gennaio 2021, la Procura della Repubblica presso il Tribunale per i Minorenni di Lecce, ha emesso, a carico di 5 minori e del difensore, il provvedimento di avviso delle conclusione delle indagini stesse per il reato di cui agli artt. 110 e 604 bis c.p. perch\u00e9, \u201cin concorso tra loro e con altre persone allo stato non identificate, in occasione della richiamata celebrazione, mandata in diretta streaming tramite la piattaforma \u201cYoutube\u201d, poich\u00e9 era stata resa attiva una chat pubblica riservata ai commenti da parte dei singoli utenti, si collegavano alla predetta chat e, in contemporanea con la diretta streamimg, pubblicavano dei post inneggianti al partito fascista e nazista nonch\u00e9 numerose frasi aventi manifestazione antisemita, di discriminazione razziale ed in ordine all\u2019orientamento sessuale\u201d. In data 27 gennaio 2021, presso il salone di rappresentanza della Provincia di Brindisi, organizzata dalla Prefettura di Brindisi, alle ore 10:30, si svolgeva la cerimonia commemorativa del \u201cGiorno della Memoria\u201d, anche in diretta streaming&#8230;<\/p>\n","protected":false},"author":2,"featured_media":182278,"comment_status":"open","ping_status":"closed","sticky":false,"template":"","format":"standard","meta":{"footnotes":""},"categories":[7],"tags":[],"class_list":["post-195607","post","type-post","status-publish","format-standard","has-post-thumbnail","hentry","category-news"],"_links":{"self":[{"href":"https:\/\/www.brundisium.net\/index.php\/wp-json\/wp\/v2\/posts\/195607","targetHints":{"allow":["GET"]}}],"collection":[{"href":"https:\/\/www.brundisium.net\/index.php\/wp-json\/wp\/v2\/posts"}],"about":[{"href":"https:\/\/www.brundisium.net\/index.php\/wp-json\/wp\/v2\/types\/post"}],"author":[{"embeddable":true,"href":"https:\/\/www.brundisium.net\/index.php\/wp-json\/wp\/v2\/users\/2"}],"replies":[{"embeddable":true,"href":"https:\/\/www.brundisium.net\/index.php\/wp-json\/wp\/v2\/comments?post=195607"}],"version-history":[{"count":1,"href":"https:\/\/www.brundisium.net\/index.php\/wp-json\/wp\/v2\/posts\/195607\/revisions"}],"predecessor-version":[{"id":195608,"href":"https:\/\/www.brundisium.net\/index.php\/wp-json\/wp\/v2\/posts\/195607\/revisions\/195608"}],"wp:featuredmedia":[{"embeddable":true,"href":"https:\/\/www.brundisium.net\/index.php\/wp-json\/wp\/v2\/media\/182278"}],"wp:attachment":[{"href":"https:\/\/www.brundisium.net\/index.php\/wp-json\/wp\/v2\/media?parent=195607"}],"wp:term":[{"taxonomy":"category","embeddable":true,"href":"https:\/\/www.brundisium.net\/index.php\/wp-json\/wp\/v2\/categories?post=195607"},{"taxonomy":"post_tag","embeddable":true,"href":"https:\/\/www.brundisium.net\/index.php\/wp-json\/wp\/v2\/tags?post=195607"}],"curies":[{"name":"wp","href":"https:\/\/api.w.org\/{rel}","templated":true}]}}