{"id":19590,"date":"2014-08-11T07:04:03","date_gmt":"2014-08-11T05:04:03","guid":{"rendered":"http:\/\/www.brundisium.net\/brun\/?p=19590"},"modified":"2014-08-13T00:41:18","modified_gmt":"2014-08-12T22:41:18","slug":"festival-blues-2014-intervista-a-giuseppe-albertini","status":"publish","type":"post","link":"https:\/\/www.brundisium.net\/index.php\/festival-blues-2014-intervista-a-giuseppe-albertini\/","title":{"rendered":"Festival Blues 2014: intervista a Giuseppe Albertini"},"content":{"rendered":"<p><a href=\"http:\/\/www.brundisium.net\/brun\/wp-content\/uploads\/2014\/08\/festival-blues.jpg\"><img loading=\"lazy\" decoding=\"async\" class=\"alignleft size-medium wp-image-19592\" src=\"http:\/\/www.brundisium.net\/brun\/wp-content\/uploads\/2014\/08\/festival-blues-300x111.jpg\" alt=\"festival blues\" width=\"300\" height=\"111\" data-id=\"19592\" srcset=\"https:\/\/www.brundisium.net\/brun\/wp-content\/uploads\/2014\/08\/festival-blues-300x111.jpg 300w, https:\/\/www.brundisium.net\/brun\/wp-content\/uploads\/2014\/08\/festival-blues.jpg 851w\" sizes=\"auto, (max-width: 300px) 100vw, 300px\" \/><\/a>Si terr\u00e0 il 14 agosto la 17\u00b0 edizione del Festival del Blues Citt\u00e0 di Brindisi .Per il secondo anno consecutivo, \u00a0la manifestazione dedicata alla &#8220;musica del diavolo&#8221; \u00e8 stata organizzata nello splendido scenario della Scalinata Virgiliana, ai piedi delle Colonne Romane.<\/p>\n<p>Abbiamo incontrato negli studi di Ciccio Riccio, Giuseppe Albertini, storico organizzatore del Festival del Blues, per la presentazione della nuova edizione.<\/p>\n<p>&nbsp;<\/p>\n<p>&#8211; Marco Greco: Cosa ti ricorda l&#8217;estate del 1997?<\/p>\n<p>&#8211; Giuseppe Albertini: L&#8217;estate del 1997 mi ricorda la proposta di un assessore comunale di Brindisi \u00a0di organizzare uno spettacolo che potesse durare nel tempo. Io pensai subito a un festival dedicato al Blues. Una musica fatta di grande qualit\u00e0 e che pu\u00f2 essere ascoltata da tutti. A settembre del 1997 nacque il Festival del Blues Citt\u00e0 di Brindisi.<\/p>\n<p>&nbsp;<\/p>\n<p>&#8211; M. Greco: Cosa ti spinge a distanza di 17 anni di organizzare ancora questa manifestazione?<\/p>\n<p>&#8211; G. Albertini: Il progetto iniziale, quello di un festival che potesse durare nel tempo per essere valido. Ogni anno c&#8217;\u00e8 sempre una nuova scoperta, una nuova sfida. Cerchiamo sempre di non ripeterci. Anche quest&#8217;anno, con una piccola eccezione, ci siamo riusciti.<\/p>\n<p>&nbsp;<\/p>\n<p>&#8211; M. Greco: Per il secondo anno il Festival del Blues si terr\u00e0 nella Scalinata Virgiliana. Credi sia il posto giusto per ascoltare il Blues?<\/p>\n<p>&#8211; G. Albertini: Per tanti anni abbiamo organizzato l&#8217;evento su Piazza S.Teresa, cercando di valorizzare questo luogo, considerato che negli anni 90 su questa piazza non si organizzavano spettacoli. Negli ultimi due anni, con lo sviluppo del lungomare, ci \u00e8 stato proposto questo spostamento che abbiamo accettato volentieri. Lo scenario \u00e8 molto bello e suggestivo. L&#8217;acustica \u00e8 abbastanza buona, con un buon impianto il concerto rende bene.<\/p>\n<p>&nbsp;<\/p>\n<p>&#8211; M. Greco: &#8211; Alla nuova edizione del Festival ritorneranno i Walking Threes, band che oltre ad avere un vasto repertorio, sembra essere molto coinvolgente durante i concerti.<\/p>\n<p>&#8211; G. Albertini: Sono quattro musicisti calabresi focosi e sanguigni che hanno dedicato la loro vita al blues. La band riesce a fare molti concerti durante l&#8217;anno. Tra di loro esiste una strettissima amicizia. Una coesione che si nota anche nella musica. Sul palco sono molto grintosi. La band calabrese rappresenta uno dei gruppi di rock blues pi\u00f9 seguiti e importanti del Sud Italia.<\/p>\n<p>&nbsp;<\/p>\n<p><a href=\"http:\/\/www.brundisium.net\/brun\/wp-content\/uploads\/2014\/08\/festival-blues-2.jpg\"><img loading=\"lazy\" decoding=\"async\" class=\"alignleft size-medium wp-image-19591\" src=\"http:\/\/www.brundisium.net\/brun\/wp-content\/uploads\/2014\/08\/festival-blues-2-214x300.jpg\" alt=\"festival blues 2\" width=\"214\" height=\"300\" data-id=\"19591\" srcset=\"https:\/\/www.brundisium.net\/brun\/wp-content\/uploads\/2014\/08\/festival-blues-2-214x300.jpg 214w, https:\/\/www.brundisium.net\/brun\/wp-content\/uploads\/2014\/08\/festival-blues-2.jpg 403w\" sizes=\"auto, (max-width: 214px) 100vw, 214px\" \/><\/a>&#8211; M.Greco: Il Festival del Blues continua nella tradizione di promuovere e far suonare anche artisti pugliesi. Quest&#8217;anno sul palco ci saranno Angela Esmeralda &amp; Sebastiano Lillo che di recente hanno pubblicato DELTASOUL per la prestigiosa etichetta del Popolo del Blues.<\/p>\n<p>&#8211; G. Albertini: Esmeralda e Lillo sono cresciuti moltissimo negli ultimi anni. Hanno vinto un contest al Pistoia Blues Festival e il prossimo anno si esibiranno a Memphis. Quest&#8217;anno lo spazio dedicato al blues acustico \u00e8 curato dai due musicisti di Monopoli. il loro Delta Blues lo abbiamo inserito al centro della rassegna tra le due esibizioni dedicate al blues elettrico.<\/p>\n<p>&nbsp;<\/p>\n<p>&#8211; M.Greco: Il grande nome della 17\u00b0 edizione del Festival del Blues Citt\u00e0 di Brindisi \u00e8 Eric Sardinas, eccellente chitarrista americano, famoso anche per alcune esibizioni spettacolari&#8230;<\/p>\n<p>&#8211; G. Albertini: Agli inizi della carriera amava incendiare le chitarre dopo le esibizioni. Ora si \u00e8 calmato. Assisteremo sicuramente a una musica fatta di grande tecnica. Eric Sardinas \u00e8 considerato uno dei maggiori esponenti del rock blues attuale e forse il miglior musicista sulla chitarra dobro.<\/p>\n<p>&nbsp;<\/p>\n<p><strong>MARCO GRECO<span id=\"IncrediImageAttachPreview\"><br \/>\n<\/span><\/strong><\/p>\n","protected":false},"excerpt":{"rendered":"<p>Si terr\u00e0 il 14 agosto la 17\u00b0 edizione del Festival del Blues Citt\u00e0 di Brindisi .Per il secondo anno consecutivo, \u00a0la manifestazione dedicata alla &#8220;musica del diavolo&#8221; \u00e8 stata organizzata nello splendido scenario della Scalinata Virgiliana, ai piedi delle Colonne Romane. Abbiamo incontrato negli studi di Ciccio Riccio, Giuseppe Albertini, storico organizzatore del Festival del Blues, per la presentazione della nuova edizione. &nbsp; &#8211; Marco Greco: Cosa ti ricorda l&#8217;estate del 1997? &#8211; Giuseppe Albertini: L&#8217;estate del 1997 mi ricorda la proposta di un assessore comunale di Brindisi \u00a0di organizzare uno spettacolo che potesse durare nel tempo. Io pensai subito a un festival dedicato al Blues. Una musica fatta di grande qualit\u00e0 e che pu\u00f2 essere ascoltata da tutti. A settembre del 1997 nacque il Festival del Blues Citt\u00e0 di Brindisi. &nbsp; &#8211; M. Greco: Cosa ti spinge a distanza di 17 anni di organizzare ancora questa manifestazione? &#8211; G. Albertini: Il progetto iniziale, quello di un festival che potesse durare nel tempo per essere valido. Ogni anno c&#8217;\u00e8 sempre&#8230;<\/p>\n","protected":false},"author":2,"featured_media":19593,"comment_status":"open","ping_status":"open","sticky":false,"template":"","format":"standard","meta":{"footnotes":""},"categories":[198,7],"tags":[1659],"class_list":["post-19590","post","type-post","status-publish","format-standard","has-post-thumbnail","hentry","category-cultura-2","category-news","tag-festivalblues"],"_links":{"self":[{"href":"https:\/\/www.brundisium.net\/index.php\/wp-json\/wp\/v2\/posts\/19590","targetHints":{"allow":["GET"]}}],"collection":[{"href":"https:\/\/www.brundisium.net\/index.php\/wp-json\/wp\/v2\/posts"}],"about":[{"href":"https:\/\/www.brundisium.net\/index.php\/wp-json\/wp\/v2\/types\/post"}],"author":[{"embeddable":true,"href":"https:\/\/www.brundisium.net\/index.php\/wp-json\/wp\/v2\/users\/2"}],"replies":[{"embeddable":true,"href":"https:\/\/www.brundisium.net\/index.php\/wp-json\/wp\/v2\/comments?post=19590"}],"version-history":[{"count":1,"href":"https:\/\/www.brundisium.net\/index.php\/wp-json\/wp\/v2\/posts\/19590\/revisions"}],"predecessor-version":[{"id":19594,"href":"https:\/\/www.brundisium.net\/index.php\/wp-json\/wp\/v2\/posts\/19590\/revisions\/19594"}],"wp:featuredmedia":[{"embeddable":true,"href":"https:\/\/www.brundisium.net\/index.php\/wp-json\/wp\/v2\/media\/19593"}],"wp:attachment":[{"href":"https:\/\/www.brundisium.net\/index.php\/wp-json\/wp\/v2\/media?parent=19590"}],"wp:term":[{"taxonomy":"category","embeddable":true,"href":"https:\/\/www.brundisium.net\/index.php\/wp-json\/wp\/v2\/categories?post=19590"},{"taxonomy":"post_tag","embeddable":true,"href":"https:\/\/www.brundisium.net\/index.php\/wp-json\/wp\/v2\/tags?post=19590"}],"curies":[{"name":"wp","href":"https:\/\/api.w.org\/{rel}","templated":true}]}}