{"id":196467,"date":"2021-12-13T10:21:36","date_gmt":"2021-12-13T09:21:36","guid":{"rendered":"https:\/\/www.brundisium.net\/?p=196467"},"modified":"2021-12-13T13:57:14","modified_gmt":"2021-12-13T12:57:14","slug":"domenica-19-al-nuovo-teatro-verdi-anniversari-diversamente-pugliesi-chiude-la-xxxvi-edizione-di-brindisiclassica","status":"publish","type":"post","link":"https:\/\/www.brundisium.net\/index.php\/domenica-19-al-nuovo-teatro-verdi-anniversari-diversamente-pugliesi-chiude-la-xxxvi-edizione-di-brindisiclassica\/","title":{"rendered":"BrindisiClassica: rinviato il concerto &#8220;Anniversari&#8230; diversamente&#8230; pugliesi&#8221; programmato per Domenica 19 al Nuovo Teatro Verdi"},"content":{"rendered":"<p>CONCERTO RINVIATO<\/p>\n<p>E&#8217; stato rinviato il concerto previsto per domenica 19 dicembre (ore 20:30) al Nuovo Teatro Verdi per la chiusura della XXXVI stagione concertistica &#8220;BrindisiClassica&#8221;, che da giugno a dicembre ha programmato ben ventitr\u00e9 spettacoli di alto livello artistico e culturale con la partecipazione, tra gli altri di Uto Ughi, Michele Mirabella, Michele Marvulli, Benedetto Lupo, Beppe Delre, il duo Parisi\/Maiorca e tanti altri.<\/p>\n<p>&nbsp;<\/p>\n<p>NOTE SU ANNINVERSARI&#8230; DIVERSAMENTE&#8230; PUGLIESI<\/p>\n<p>Il concerto \u00e8 dedicato a due grandi compositori diversamente pugliesi: Nino Rota, milanese di nascita e pugliese d&#8217;adozione, e Astor Piazzolla, argentino di nascita ma di origini pugliesi, per celebrare, rispettivamente, 110\u00b0 e il 100\u00b0 anniversario della nascita. In scena l&#8217;Orchestra del &#8220;Traetta Opera Festival&#8221; diretta da Teresa Laera, e Francesca Salvemini, flautista solista.<\/p>\n<p>Nella prima parte sar\u00e0 eseguita la Suite per archi sui temi cinematografici, trascrizione del M\u00b0 Vincenzo Anselmi, composta dai migliori temi musicali e colonne sonore dei film Fantasmi a Roma, Amarcord, Assassinio sul Nilo, La Strada, Il Gattopardo, 8 \u00bd, Le notti di Cabiria, Il Padrino, Il Padrino &#8211; Parte II, La dolce vita. La seconda parte \u00e8 dedicata ad Astor Piazzolla, del quale saranno eseguiti i celebri brani: Oblivion, Tristango, Tanguedia, Ave Maria e Amelitango, nella trascrizione per flauto e archi di Vincenzo Anselmi.<\/p>\n<p>Teresa Laera, violinista, violista e direttrice d\u2019orchestra, si \u00e8 perfezionata alle Accademie &#8220;Santa Cecilia&#8221; di Roma, &#8220;Stauffer&#8221; di Cremona e, per la Direzione d&#8217;orchestra, con R. Duarte, N. Samale e D. Belardinelli. Ha diretto l\u2019Orchestra del &#8220;Traetta Opera Festival&#8221; in molte produzioni, tra le quali: Regine, con la voce solista di Silvia Mezzanotte, Bonaventura e l\u2019isola dei pappagalli di Rota, \u201cQualcuno ha visto Tommaso Traetta\u201d, \u201cLa Serva Padrona\u201d di Pergolesi. Tre le molte pubblicazioni e incisioni si ricordano \u201cL\u2019Histoire du Soldat\u201d, con la voce recitante di Michele Mirabella, e \u201cCarosello\u201d, recensito con quattro stelle da \u201cLe Monde de la Musique\u201d. Ha partecipato in veste di violino solista a produzioni per il Teatro Abeliano di Bari, per il Festival Internazionale di Opere da Camera \u201cT. Traetta\u201d e l&#8217;opera \u201cThe Little Sweep\u201d di Benjamin Britten.<\/p>\n<p>Francesca Salvemini si \u00e8 diplomata brillantemente al Conservatorio &#8220;G. Verdi&#8221; di Milano e si \u00e8 perfezionata con il grande flautista Maxence Larrieu, conseguendo il Prix de Perfectionnement et Virtuosit\u00e9 del Conservatorio Superiore di Ginevra. Vanta oltre seicento concerti in sale e teatri di prestigio internazionale e collaborazioni da solista con orchestre quali la Sinfonica de Stato del Messico, la State Orchestra of Moscow, i Solisti Veneti, i Solisti Aquilani, i Solisti di Madrid, la State Orchestra of Moscow, la Filarmonica &#8220;Mihai Jora&#8221; di Bacau, la Philarmonie di Opole, la Sinfonica di Izmir e altre.<\/p>\n<p>&nbsp;<\/p>\n","protected":false},"excerpt":{"rendered":"<p>CONCERTO RINVIATO E&#8217; stato rinviato il concerto previsto per domenica 19 dicembre (ore 20:30) al Nuovo Teatro Verdi per la chiusura della XXXVI stagione concertistica &#8220;BrindisiClassica&#8221;, che da giugno a dicembre ha programmato ben ventitr\u00e9 spettacoli di alto livello artistico e culturale con la partecipazione, tra gli altri di Uto Ughi, Michele Mirabella, Michele Marvulli, Benedetto Lupo, Beppe Delre, il duo Parisi\/Maiorca e tanti altri. &nbsp; NOTE SU ANNINVERSARI&#8230; DIVERSAMENTE&#8230; PUGLIESI Il concerto \u00e8 dedicato a due grandi compositori diversamente pugliesi: Nino Rota, milanese di nascita e pugliese d&#8217;adozione, e Astor Piazzolla, argentino di nascita ma di origini pugliesi, per celebrare, rispettivamente, 110\u00b0 e il 100\u00b0 anniversario della nascita. In scena l&#8217;Orchestra del &#8220;Traetta Opera Festival&#8221; diretta da Teresa Laera, e Francesca Salvemini, flautista solista. Nella prima parte sar\u00e0 eseguita la Suite per archi sui temi cinematografici, trascrizione del M\u00b0 Vincenzo Anselmi, composta dai migliori temi musicali e colonne sonore dei film Fantasmi a Roma, Amarcord, Assassinio sul Nilo, La Strada, Il Gattopardo, 8 \u00bd, Le notti di Cabiria, Il&#8230;<\/p>\n","protected":false},"author":2,"featured_media":196475,"comment_status":"open","ping_status":"closed","sticky":false,"template":"","format":"standard","meta":{"footnotes":""},"categories":[189,7],"tags":[],"class_list":["post-196467","post","type-post","status-publish","format-standard","has-post-thumbnail","hentry","category-musica-2","category-news"],"_links":{"self":[{"href":"https:\/\/www.brundisium.net\/index.php\/wp-json\/wp\/v2\/posts\/196467","targetHints":{"allow":["GET"]}}],"collection":[{"href":"https:\/\/www.brundisium.net\/index.php\/wp-json\/wp\/v2\/posts"}],"about":[{"href":"https:\/\/www.brundisium.net\/index.php\/wp-json\/wp\/v2\/types\/post"}],"author":[{"embeddable":true,"href":"https:\/\/www.brundisium.net\/index.php\/wp-json\/wp\/v2\/users\/2"}],"replies":[{"embeddable":true,"href":"https:\/\/www.brundisium.net\/index.php\/wp-json\/wp\/v2\/comments?post=196467"}],"version-history":[{"count":3,"href":"https:\/\/www.brundisium.net\/index.php\/wp-json\/wp\/v2\/posts\/196467\/revisions"}],"predecessor-version":[{"id":196619,"href":"https:\/\/www.brundisium.net\/index.php\/wp-json\/wp\/v2\/posts\/196467\/revisions\/196619"}],"wp:featuredmedia":[{"embeddable":true,"href":"https:\/\/www.brundisium.net\/index.php\/wp-json\/wp\/v2\/media\/196475"}],"wp:attachment":[{"href":"https:\/\/www.brundisium.net\/index.php\/wp-json\/wp\/v2\/media?parent=196467"}],"wp:term":[{"taxonomy":"category","embeddable":true,"href":"https:\/\/www.brundisium.net\/index.php\/wp-json\/wp\/v2\/categories?post=196467"},{"taxonomy":"post_tag","embeddable":true,"href":"https:\/\/www.brundisium.net\/index.php\/wp-json\/wp\/v2\/tags?post=196467"}],"curies":[{"name":"wp","href":"https:\/\/api.w.org\/{rel}","templated":true}]}}