{"id":196665,"date":"2021-12-13T15:17:56","date_gmt":"2021-12-13T14:17:56","guid":{"rendered":"https:\/\/www.brundisium.net\/?p=196665"},"modified":"2021-12-13T15:17:56","modified_gmt":"2021-12-13T14:17:56","slug":"del-passato-non-dimentichiamo-disponibile-il-calendario-brindisino-2022-a-cura-della-professoressa-loredana-vecchio","status":"publish","type":"post","link":"https:\/\/www.brundisium.net\/index.php\/del-passato-non-dimentichiamo-disponibile-il-calendario-brindisino-2022-a-cura-della-professoressa-loredana-vecchio\/","title":{"rendered":"Del passato non dimentichiamo&#8230;: disponibile il &#8220;Calendario Brindisino 2022&#8221;, a cura della professoressa Loredana Vecchio"},"content":{"rendered":"<p>Nelle edicole e librerie di Brindisi e presso &#8220;l&#8217;Hospitale del Turista&#8221; \u00e8 disponibile il &#8220;Calendario Brindisino 2022&#8221;, a cura della professoressa Loredana Vecchio, un lavoro di ricerca e di amore per la nostra terra, che da anni \u00e8 entrato nel cuore dei brindisini e non!&#8230;<\/p>\n<p>Un capolavoro di storia, ricerca e tradizioni locali, una vera impronta di memoria storica e storia locale interamente dedicato alle vecchie e nuove generazioni di Brindisini.<\/p>\n<p>Per il 2022 il tema \u00e8 &#8220;Del passato NON dimentichiamo&#8230;&#8221; perch\u00e8 &#8220;Tramandare il nostro passato e custodire ci\u00f2 che fa parte di noi&#8221;: questo l&#8217;obiettivo del nuovo Calendario Brindisino.<\/p>\n","protected":false},"excerpt":{"rendered":"<p>Nelle edicole e librerie di Brindisi e presso &#8220;l&#8217;Hospitale del Turista&#8221; \u00e8 disponibile il &#8220;Calendario Brindisino 2022&#8221;, a cura della professoressa Loredana Vecchio, un lavoro di ricerca e di amore per la nostra terra, che da anni \u00e8 entrato nel cuore dei brindisini e non!&#8230; Un capolavoro di storia, ricerca e tradizioni locali, una vera impronta di memoria storica e storia locale interamente dedicato alle vecchie e nuove generazioni di Brindisini. Per il 2022 il tema \u00e8 &#8220;Del passato NON dimentichiamo&#8230;&#8221; perch\u00e8 &#8220;Tramandare il nostro passato e custodire ci\u00f2 che fa parte di noi&#8221;: questo l&#8217;obiettivo del nuovo Calendario Brindisino.<\/p>\n","protected":false},"author":2,"featured_media":196666,"comment_status":"open","ping_status":"closed","sticky":false,"template":"","format":"standard","meta":{"footnotes":""},"categories":[7,622],"tags":[],"class_list":["post-196665","post","type-post","status-publish","format-standard","has-post-thumbnail","hentry","category-news","category-storia-locale"],"_links":{"self":[{"href":"https:\/\/www.brundisium.net\/index.php\/wp-json\/wp\/v2\/posts\/196665","targetHints":{"allow":["GET"]}}],"collection":[{"href":"https:\/\/www.brundisium.net\/index.php\/wp-json\/wp\/v2\/posts"}],"about":[{"href":"https:\/\/www.brundisium.net\/index.php\/wp-json\/wp\/v2\/types\/post"}],"author":[{"embeddable":true,"href":"https:\/\/www.brundisium.net\/index.php\/wp-json\/wp\/v2\/users\/2"}],"replies":[{"embeddable":true,"href":"https:\/\/www.brundisium.net\/index.php\/wp-json\/wp\/v2\/comments?post=196665"}],"version-history":[{"count":1,"href":"https:\/\/www.brundisium.net\/index.php\/wp-json\/wp\/v2\/posts\/196665\/revisions"}],"predecessor-version":[{"id":196667,"href":"https:\/\/www.brundisium.net\/index.php\/wp-json\/wp\/v2\/posts\/196665\/revisions\/196667"}],"wp:featuredmedia":[{"embeddable":true,"href":"https:\/\/www.brundisium.net\/index.php\/wp-json\/wp\/v2\/media\/196666"}],"wp:attachment":[{"href":"https:\/\/www.brundisium.net\/index.php\/wp-json\/wp\/v2\/media?parent=196665"}],"wp:term":[{"taxonomy":"category","embeddable":true,"href":"https:\/\/www.brundisium.net\/index.php\/wp-json\/wp\/v2\/categories?post=196665"},{"taxonomy":"post_tag","embeddable":true,"href":"https:\/\/www.brundisium.net\/index.php\/wp-json\/wp\/v2\/tags?post=196665"}],"curies":[{"name":"wp","href":"https:\/\/api.w.org\/{rel}","templated":true}]}}