{"id":196876,"date":"2021-12-20T10:25:15","date_gmt":"2021-12-20T09:25:15","guid":{"rendered":"https:\/\/www.brundisium.net\/?p=196876"},"modified":"2021-12-22T20:03:51","modified_gmt":"2021-12-22T19:03:51","slug":"al-via-la-xxi-edizione-de-i-suoni-della-devozione-la-rassegna-internazionale-musicale-nelle-chiese-dellarcidiocesi-di-brindisi-ostuni","status":"publish","type":"post","link":"https:\/\/www.brundisium.net\/index.php\/al-via-la-xxi-edizione-de-i-suoni-della-devozione-la-rassegna-internazionale-musicale-nelle-chiese-dellarcidiocesi-di-brindisi-ostuni\/","title":{"rendered":"Al via la XXI Edizione de &#8220;I suoni della Devozione&#8221;, la Rassegna internazionale musicale nelle chiese dell\u2019Arcidiocesi di Brindisi &#8211; Ostuni"},"content":{"rendered":"<p>Ritorna attraversando quasi indenne, pandemie incluse, quest\u2019ultimo ventennio la rassegna internazionale di musica nelle chiese dell\u2019Arcidiocesi di Brindisi-Ostuni, de \u201cI suoni della Devozione\u201d. Diretta e ideata da Roberto Caroppo dal 1999, la rassegna che rientra da diversi anni a pieno titolo nelle iniziative previste dal Comune di Brindisi per il periodo del Natale, realizzata anche con la sponsorizzazione di Enel, si propone come un raffinato e affollato suk musicale, un crocevia di linguaggi, anche di quelli meno conosciuti e pi\u00f9 lontani, patrimonio immateriale della tradizione del mondo. Il focus artistico in questi venti anni \u00e8 sempre stato orientato alla rappresentazione delle diverse espressioni religiose e popolari nelle diverse culture, con un particolare interesse per la tradizione popolare italiana del Sud e mediterranea, con artisti legati a nazioni e chiese diverse, laici, che rielaborano il patrimonio religioso della propria cultura, compresa ovviamente quella cattolica. Si definisce cos\u00ec come un festival internazionale, veicolo di ricerca e tradizione, come una lettura del sacro a partire dalla musica di oggi, offrendo al pubblico la possibilit\u00e0 di incontrare e scoprire musicisti di diversa formazione, diversi luoghi di provenienza e diversi modi di vivere la musica stessa permettendo allo stesso tempo ad un pubblico sempre pi\u00f9 interessato di scoprire la raffinata bellezza di tante chiese antiche della citt\u00e0, e tutto questo grazie alla straordinaria sensibilit\u00e0 dei vari arcivescovi succedutisi in questi lunghi anni.<\/p>\n<p>Voci di popoli attraversati dai conflitti e la loro capacit\u00e0 di trasformare in sublimi canti le ferite, sono stati ospiti della rassegna nel corso di questi anni, dividendo con un pubblico sempre pi\u00f9 numeroso e fidelizzato l&#8217;emozione pi\u00f9 grande di concerti per i quali \u00e8 stato scelto il nostro tempo del Natale:<\/p>\n<p>Rozaneh (Iran), Dijvan Gasparyan (Armenia), Martin O&#8217;Connor (Irlanda), Karen Matheson Band (Scotland), Janet Arbison e Belfast Harp Orchestra (Irlanda), Maire Ni Chatasaigh (Irlanda), Shine (Scotland), Timna Brauer e Elias Meiri (Yemen-Israele), Orchestra araba di Nazareth (Israele\/Palestina), Kathryn Tickell band (Inghilterra), Savina Yannatou e Primavera en Salonico (Grecia), Silvia Malagugini e la Compagnia Nona Sima (Francia), Dave Swarbrick (Inghilterra), Zar (Danimarca), Moni Ovadia, Ensemble Micrologus, Peppe Barra e Lino Cannavacciuolo, Enzo Avitabile, Luigi Lai e Baba Sissoko, Elena Ledda, Theatrum Instrumentorum, Chominciamento di Gioia, Musica Officinalis, Gianni Perilli, Solis String Quartet, Alice, Antonella Ruggero e Ark\u00e8 String Quartet, Ambrogio Sparagna, La Confraternita de Musici, Franca Masu e Fausto Beccalossi, Peppe Servillo, Nafra (Malta), Robin Brown and the Triumphant of Delegation (U.S.A.), Grainne Hambly Billy Jackson (Irlanda), Hevia (Asturie,Spagna)e Blackvoices (Inghilterra), Michele Gazich, Quintana Ensemble del Mediterraneo, Raffaello Simeoni con Gabriele Russo e Goffredo Degli Esposti di Ensemble Micrologus, Michele Gazich, Trio Fassler-Kolbener (CH) e in ultimo lo scorso anno il prestigioso trio femminile Lamorivostri, la pi\u00f9 importante voce popolare della Puglia Maria Moramarco e Uaragniaun e dalla Notte della Taranta Enza Pagliara accompagnata da Dario Muci e Marco Bardoscia, Raffaello Simeoni, Patrizia Bovi, Leah Stuttard, Arturo Stalteri, Sancto Janne, Claudio Prima &amp; Progetto Se.Me, La Manticora, Jodel-Duett Kiser-Hodel, Il Duo Rocca-Benigni.<\/p>\n<p>&nbsp;<\/p>\n<p><strong><a href=\"https:\/\/www.brundisium.net\/brun\/wp-content\/uploads\/2021\/12\/Il-Soffio-dellOtre-ight-scaled.jpg\"><img loading=\"lazy\" decoding=\"async\" class=\"alignleft size-medium wp-image-196881\" src=\"https:\/\/www.brundisium.net\/brun\/wp-content\/uploads\/2021\/12\/Il-Soffio-dellOtre-ight-300x187.jpg\" alt=\"\" width=\"300\" height=\"187\" srcset=\"https:\/\/www.brundisium.net\/brun\/wp-content\/uploads\/2021\/12\/Il-Soffio-dellOtre-ight-300x187.jpg 300w, https:\/\/www.brundisium.net\/brun\/wp-content\/uploads\/2021\/12\/Il-Soffio-dellOtre-ight-1024x637.jpg 1024w, https:\/\/www.brundisium.net\/brun\/wp-content\/uploads\/2021\/12\/Il-Soffio-dellOtre-ight-768x478.jpg 768w, https:\/\/www.brundisium.net\/brun\/wp-content\/uploads\/2021\/12\/Il-Soffio-dellOtre-ight-1536x955.jpg 1536w, https:\/\/www.brundisium.net\/brun\/wp-content\/uploads\/2021\/12\/Il-Soffio-dellOtre-ight-2048x1274.jpg 2048w, https:\/\/www.brundisium.net\/brun\/wp-content\/uploads\/2021\/12\/Il-Soffio-dellOtre-ight-112x70.jpg 112w\" sizes=\"auto, (max-width: 300px) 100vw, 300px\" \/><\/a>20 dicembre 2021<\/strong><br \/>\n<strong>Chiesa di Santa Maria degli Angeli ore 20,00<\/strong><\/p>\n<p><strong>Nico Berardi<\/strong><br \/>\n<strong>Il soffio dell\u2019otre<\/strong><br \/>\n<strong>Voce: Antonio Amato<\/strong><\/p>\n<p><strong>Ensemble strumentale: Il soffio dell\u2019otre<\/strong><br \/>\n<strong>Nico Berardi: zampogna e strumenti etnici<\/strong><br \/>\n<strong>Roberto Gemma fisarmonica Valerio Rizzello, oboe e tastiere<\/strong><\/p>\n<p>Raffinato polistrumentista, Emanuele Nico Berardi propone un concerto originale con un ensemble acustico e per certi versi cameristico, che mescola i timbri popolari di strumenti come la zampogna e la ciaramella con fisarmonica, oboe, tamburelli, tastiere mentre nelle splendide composizioni e rielaborazioni si fondono echi di numerose culture del mondo.<br \/>\nSenza rinnegare la tradizione di cui Berardi \u00e8 un profondo conoscitore, \u201cIl soffio dell\u2019Otre\u201d ci fa gustare un distillato di sonorit\u00e0 preziose, frutto di una creativit\u00e0 curativa e contemporanea.<br \/>\nNella formazione di Nico Berardi c\u2019\u00e8 la cultura del Meridione d\u2019Italia, ma anche la musica del Sudamerica: ce lo ricordano strumenti come il charango (tradizionalmente \u00e8 una chitarrina con guscio di armadillo) o i flauti diritti (quena, sikus, etc.) utilizzati con naturalezza e virtuosismo anche fuori dal loro contesto tipico. Ed infine, la zampogna, strumento ad ancia di cui Berardi \u00e8 uno dei maestri assoluti. Parliamo della principessa delle zampogne, quella molisana che nel piccolo paese di Scapoli ha il suo tempio di memoria e di rinnovamento.<br \/>\nAl canto vi \u00e8 il Antonio Amato, indiscusso protagonista della rinascita del canto popolare Salentino e voce storica dell\u2019Orchestra della Notte della Taranta. Profondo conoscitore della tradizione pi\u00f9 autentica, Antonio Amato interpreta per l\u2019occasione i canti natalizi tipici del Salento e le pi\u00f9 belle e rappresentative ballate della sua terra.<br \/>\nA completare la formazione vi sono il M\u00b0 Roberto Gemma alla fisarmonica e il M\u00b0 Valerio Rizzello, oboe e tastiere. Veterani della musica popolare, entrambi rappresentano forti riferimenti locali per le nuove generazioni di musicisti salentini.<\/p>\n<p>&nbsp;<\/p>\n<p><strong><a href=\"https:\/\/www.brundisium.net\/brun\/wp-content\/uploads\/2021\/12\/anonima-frottolisti-light.jpg\"><img loading=\"lazy\" decoding=\"async\" class=\"alignleft size-medium wp-image-196878\" src=\"https:\/\/www.brundisium.net\/brun\/wp-content\/uploads\/2021\/12\/anonima-frottolisti-light-300x195.jpg\" alt=\"\" width=\"300\" height=\"195\" srcset=\"https:\/\/www.brundisium.net\/brun\/wp-content\/uploads\/2021\/12\/anonima-frottolisti-light-300x195.jpg 300w, https:\/\/www.brundisium.net\/brun\/wp-content\/uploads\/2021\/12\/anonima-frottolisti-light-1024x666.jpg 1024w, https:\/\/www.brundisium.net\/brun\/wp-content\/uploads\/2021\/12\/anonima-frottolisti-light-768x499.jpg 768w, https:\/\/www.brundisium.net\/brun\/wp-content\/uploads\/2021\/12\/anonima-frottolisti-light-1536x999.jpg 1536w, https:\/\/www.brundisium.net\/brun\/wp-content\/uploads\/2021\/12\/anonima-frottolisti-light-2048x1331.jpg 2048w\" sizes=\"auto, (max-width: 300px) 100vw, 300px\" \/><\/a>21 dicembre 2021<\/strong><br \/>\n<strong>Chiesa di Cristo dei Domenicani ore 20,00<\/strong><\/p>\n<p><strong>Anonima frottolisti di Perugia<\/strong><br \/>\n<strong>Noe noe, nato canut omnia<\/strong><br \/>\n<strong>il Natale della Musica tra medioevo e Rinascimento europeo<\/strong><\/p>\n<p>Noe Noe, racconta un viaggio attreverso la storia del Natale nella musica tra XIII e XVI secolo, dalla monodia del gregoriano alla polifonia del primo Rinascimento. Repertori diversi, dal punto di vista estetico, che segnano il passaggio dei secoli, del gusto , della ricerca compositiva. Il repertorio<\/p>\n<p>eseguito da Anonima Frottolisti, \u00e8 frutto della ricerca minuziosa di manoscritti e prime opere a stampa del &#8216;500, una ricerca filologica e accurata che evidenzia la caratteristica stessa dell&#8217;ensemble. Anonima utilizza copie di strumenti originali e affida la propria interpretazione alle rigorose regole della prassi antica.<\/p>\n<p>IL PROGRAMMA :<br \/>\nXIII SECOLO<\/p>\n<p>1.NOVUS ANNUS DIES MAGNUS, conductus (Paris, BNF Ms. lat. 1139)<br \/>\n2.STELLA NOVA N FRA LA GENTE, lauda (Cortona, Biblioteca del Comune e dell&#8217;Accademia Etrusca, Ms. 91)<br \/>\n3.ALLELUYA DIES SANCTIFICATUS \u2013 DESCENDIT (Paris, BNF Ms. lat. 903 \u2013 Graduel de St. Yrieux)<br \/>\n4.VERBUM BONUM, sequenza (Assisi, Biblioteca del Sacro Convento, Cantorino di Reims 695) XIV SECOLO<br \/>\n5.SALVE VIRGO VIRGINUM, mottetto (GB-Lbl Arundel 248)<br \/>\n6. LETARE FELIX, ( Anonimo, Oxford Library, XIV sec.)<br \/>\n7.BEATA ES MARIA, LAUDARIO DI BOBBIO (Anonimo, secolo XIII)<\/p>\n<p>XV SECOLO<br \/>\n8.AVE MARIS STELLA (Montecassino, Ms. 871)<br \/>\n9.MADRE CHE FESTI COLUI CHE TE FECE (Firenze, Ms. Panciatichi 27)<br \/>\n10.NOE&#8217; NOE&#8217;, Antoine Brumel (Canti B Numero Cinquanta, Ottaviano Petrucci, Venezia 1502)<br \/>\n11.VERBUM CARO FACTUM EST, mottetto (Ascoli Piceno, Ms. APa, Notarile di Amandola, Vol. 918)<br \/>\n12.GRATULEMUR CHRISTICOLE, Johannes Brassart (Bologna, Ms. Q15)<br \/>\n13. VERBUM CARO FACTUM EST, villancico (Cancionero de Uppsala, Venezia, Geronimo Scotto, 1556 )<\/p>\n<p>Formazione a 6 elementi<br \/>\nLuca Piccioni, liuto, chitarrino medievale e voce<br \/>\nMassimiliano Dragoni, organistrum, dulcimelo a battenti,<br \/>\npercussioni, carillon di campane ,zampogna.<br \/>\nMauro Presazzi, voce<br \/>\nSimone Marcelli, organo portativo,claviciterium, voce<br \/>\nEmiliano Finucci, viella e voce<br \/>\nAlessio Nalli, cornamusa, bombarda, cennamella, flauti.<\/p>\n<p>&nbsp;<\/p>\n<p><strong><a href=\"https:\/\/www.brundisium.net\/brun\/wp-content\/uploads\/2021\/12\/concentus.jpg\"><img loading=\"lazy\" decoding=\"async\" class=\"alignleft size-medium wp-image-196880\" src=\"https:\/\/www.brundisium.net\/brun\/wp-content\/uploads\/2021\/12\/concentus-300x182.jpg\" alt=\"\" width=\"300\" height=\"182\" srcset=\"https:\/\/www.brundisium.net\/brun\/wp-content\/uploads\/2021\/12\/concentus-300x182.jpg 300w, https:\/\/www.brundisium.net\/brun\/wp-content\/uploads\/2021\/12\/concentus.jpg 556w\" sizes=\"auto, (max-width: 300px) 100vw, 300px\" \/><\/a>28 dicembre 2021<\/strong><br \/>\n<strong>Chiesa di Santa Lucia o della Santissima Trinit\u00e0 ore 20,00<\/strong><\/p>\n<p><strong>Ensemble Concentus<\/strong><br \/>\n<strong>Il racconto del Natale di Nostro Signore<\/strong><br \/>\n<strong>Gabriele Polimeno: voce recitante<\/strong><br \/>\n<strong>Vania Palumbo: Canto, Lyra, Percussioni<\/strong><br \/>\n<strong>Sara Valli: Canto, Organistrum<\/strong><br \/>\n<strong>Maurizio Ria: Viella, Quinterna<\/strong><br \/>\n<strong>Andrea Cataldo: Liuto, Oud<\/strong><\/p>\n<p>Con il programma \u201cDal ciel venne messo novello\u201d, il gruppo di musica antica \u201cEnsemble Concentus\u201d, intende proporre un viaggio letterario e musicale nella fede e nella devozione semplice ma autentica del medioevo e del primo rinascimento, evocando con antichi suoni e linguaggi, la religiosit\u00e0 di un\u2019epoca erroneamente definita oscura. Il nostro programma \u00e8 innanzi tutto una narrazione, il racconto di come Nostro Signore volle entrare nella Storia diventando Egli stesso uomo tra gli uomini. Attraverso la lettura di testi tratti dalle Laude medievali e dalle fonti francescane, racconteremo l\u2019annuncio dell\u2019Arcangelo Gabriele, il \u201cS\u00ec\u201d di Maria, l\u2019umile nascita del Divino Fanciullo, lo stupore e la gioiosa adorazione dei pastori e dei Magi. Le letture saranno precedute e seguite da brani musicali provenienti da preziosi codici risalenti ai secoli XIII, XIV e XV, conservati in Italia, Francia, Spagna e Paesi Scandinavi. Concluderemo il programma con la lettura del racconto del primo Presepe Vivente della storia, voluto da San Francesco e Greccio e descritto da Tommaso da Celano nella sua \u201cVita prima di San Francesco\u201d. Le musiche saranno eseguite su copie fedeli di strumenti antichi.<\/p>\n<p>&nbsp;<\/p>\n<p><strong><a href=\"https:\/\/www.brundisium.net\/brun\/wp-content\/uploads\/2021\/12\/Aronne-DellOro.jpg\"><img loading=\"lazy\" decoding=\"async\" class=\"alignleft size-medium wp-image-196879\" src=\"https:\/\/www.brundisium.net\/brun\/wp-content\/uploads\/2021\/12\/Aronne-DellOro-300x189.jpg\" alt=\"\" width=\"300\" height=\"189\" srcset=\"https:\/\/www.brundisium.net\/brun\/wp-content\/uploads\/2021\/12\/Aronne-DellOro-300x189.jpg 300w, https:\/\/www.brundisium.net\/brun\/wp-content\/uploads\/2021\/12\/Aronne-DellOro-768x484.jpg 768w, https:\/\/www.brundisium.net\/brun\/wp-content\/uploads\/2021\/12\/Aronne-DellOro-112x70.jpg 112w, https:\/\/www.brundisium.net\/brun\/wp-content\/uploads\/2021\/12\/Aronne-DellOro.jpg 899w\" sizes=\"auto, (max-width: 300px) 100vw, 300px\" \/><\/a>6 gennaio 2022<\/strong><br \/>\n<strong>Chiesa di San Benedetto ore 20,00<\/strong><br \/>\n<strong>Lu munno rennovella<\/strong><br \/>\n<strong>Aronne Dell&#8217;Oro: voce e chitarra<\/strong><br \/>\n<strong>Peppe Frana: Ud turco e tarhu<\/strong><br \/>\n<strong>Antonio Alemanno: violoncello e contrabasso<\/strong><\/p>\n<p>La voce e la chitarra di Aronne Dell&#8217;Oro si fondono ai suoni del polistrumentista Peppe Frana in un concerto che esplora echi e corrispondenze tra le tradizioni del sud Italia e quelle di altre culture mediterranee (greca, arabo-andalusa, sefardita) ed orientali Un repertorio fondato su serenate e canti d&#8217;amore che, tradizionalmente separati dal senso del Sacro nel pensiero comune, sono in realt\u00e0 per loro eterna natura intrecciati a radici devozionali, a lmistero della rinascita del divino ed al valore estatico di un arte umile in cui terra ed anima si sono sempre incontrate; per cui il &#8216;bel giardino&#8217; e la fonte delle tarantelle di Carpino risuonano nelle liriche del Cantico dei Cantici, dei poeti mistici dell&#8217;Islam, del primo trovatore Guglielmo IX, fino alle odi al dio pastore Krishna nel canto classico indiano. Un viaggio tra gemme meno conosciute del nostro repertorio tradizionale, rivisitate in arrangiamenti che testimoniano la libert\u00e0 di esprimere, in un brano antico, qualcosa che appartiene all&#8217;accadere irripetibile del presente, allo stupore del mondo che sempre rinasce e rifiorisce.<\/p>\n<p>&nbsp;<\/p>\n<p>&nbsp;<\/p>\n","protected":false},"excerpt":{"rendered":"<p>Ritorna attraversando quasi indenne, pandemie incluse, quest\u2019ultimo ventennio la rassegna internazionale di musica nelle chiese dell\u2019Arcidiocesi di Brindisi-Ostuni, de \u201cI suoni della Devozione\u201d. Diretta e ideata da Roberto Caroppo dal 1999, la rassegna che rientra da diversi anni a pieno titolo nelle iniziative previste dal Comune di Brindisi per il periodo del Natale, realizzata anche con la sponsorizzazione di Enel, si propone come un raffinato e affollato suk musicale, un crocevia di linguaggi, anche di quelli meno conosciuti e pi\u00f9 lontani, patrimonio immateriale della tradizione del mondo. Il focus artistico in questi venti anni \u00e8 sempre stato orientato alla rappresentazione delle diverse espressioni religiose e popolari nelle diverse culture, con un particolare interesse per la tradizione popolare italiana del Sud e mediterranea, con artisti legati a nazioni e chiese diverse, laici, che rielaborano il patrimonio religioso della propria cultura, compresa ovviamente quella cattolica. Si definisce cos\u00ec come un festival internazionale, veicolo di ricerca e tradizione, come una lettura del sacro a partire dalla musica di oggi, offrendo al pubblico la&#8230;<\/p>\n","protected":false},"author":2,"featured_media":196882,"comment_status":"open","ping_status":"closed","sticky":false,"template":"","format":"standard","meta":{"footnotes":""},"categories":[189],"tags":[],"class_list":["post-196876","post","type-post","status-publish","format-standard","has-post-thumbnail","hentry","category-musica-2"],"_links":{"self":[{"href":"https:\/\/www.brundisium.net\/index.php\/wp-json\/wp\/v2\/posts\/196876","targetHints":{"allow":["GET"]}}],"collection":[{"href":"https:\/\/www.brundisium.net\/index.php\/wp-json\/wp\/v2\/posts"}],"about":[{"href":"https:\/\/www.brundisium.net\/index.php\/wp-json\/wp\/v2\/types\/post"}],"author":[{"embeddable":true,"href":"https:\/\/www.brundisium.net\/index.php\/wp-json\/wp\/v2\/users\/2"}],"replies":[{"embeddable":true,"href":"https:\/\/www.brundisium.net\/index.php\/wp-json\/wp\/v2\/comments?post=196876"}],"version-history":[{"count":1,"href":"https:\/\/www.brundisium.net\/index.php\/wp-json\/wp\/v2\/posts\/196876\/revisions"}],"predecessor-version":[{"id":196884,"href":"https:\/\/www.brundisium.net\/index.php\/wp-json\/wp\/v2\/posts\/196876\/revisions\/196884"}],"wp:featuredmedia":[{"embeddable":true,"href":"https:\/\/www.brundisium.net\/index.php\/wp-json\/wp\/v2\/media\/196882"}],"wp:attachment":[{"href":"https:\/\/www.brundisium.net\/index.php\/wp-json\/wp\/v2\/media?parent=196876"}],"wp:term":[{"taxonomy":"category","embeddable":true,"href":"https:\/\/www.brundisium.net\/index.php\/wp-json\/wp\/v2\/categories?post=196876"},{"taxonomy":"post_tag","embeddable":true,"href":"https:\/\/www.brundisium.net\/index.php\/wp-json\/wp\/v2\/tags?post=196876"}],"curies":[{"name":"wp","href":"https:\/\/api.w.org\/{rel}","templated":true}]}}