{"id":197007,"date":"2021-12-22T15:47:05","date_gmt":"2021-12-22T14:47:05","guid":{"rendered":"https:\/\/www.brundisium.net\/?p=197007"},"modified":"2021-12-22T15:47:05","modified_gmt":"2021-12-22T14:47:05","slug":"francavilla-nuova-vita-per-il-parco-forleo-brayda","status":"publish","type":"post","link":"https:\/\/www.brundisium.net\/index.php\/francavilla-nuova-vita-per-il-parco-forleo-brayda\/","title":{"rendered":"Francavilla: nuova vita per il parco Forleo Brayda"},"content":{"rendered":"<p>Un parco cittadino attrezzato per l\u2019attivit\u00e0 fisica all\u2019aria aperta, capace di accogliere famiglie e amici per momenti conviviali e ideale per trascorrere le ore di relax. \u00c8 questo il nuovo volto di parco Forleo Brayda in via Papa Giovanni Paolo I all\u2019indomani dell\u2019ultimazione dei lavori realizzati dall\u2019Amministrazione Comunale.<\/p>\n<p>\u201cCon il posizionamento delle ultime attrezzature per il fitness \u2013 spiega il Sindaco Antonello Denuzzo \u2013 abbiamo completato il percorso di rigenerazione di un\u2019area verde che diventa a tutti gli effetti un parco. Francavilla Fontana da oggi ha uno spazio inedito che potr\u00e0 essere liberamente utilizzato, ma di cui tutti dobbiamo prenderci cura.\u201d<\/p>\n<p>Il nuovo volto del parco Forleo Brayda nasce dal bilancio partecipato del 2019 quando le Radici e le Ali Arciragazzi e Generazione 72021 candidarono la riqualificazione dell\u2019area con il progetto \u201cA cielo aperto\u201d. Al termine della consultazione online questa progettualit\u00e0 si classific\u00f2 al secondo posto ottenendo 307 voti, pochi in meno del progetto vincitore \u201c6 proposte per il randagismo\u201d.<\/p>\n<p>L\u2019Amministrazione comunale, che per il bilancio partecipato aveva stanziato 50 mila euro, \u00e8 riuscita quindi a portare a compimento anche la seconda progettualit\u00e0 maggiormente suffragata dal voto popolare.<\/p>\n<p>\u201cIl bilancio partecipato, che presto ritorner\u00e0, \u00e8 stato un esperimento innovativo per Francavilla Fontana. Grazie a questa esperienza \u2013 prosegue l\u2019Assessore alla Partecipazione Sergio Tatarano \u2013 abbiamo realizzato due progetti proposti e votati direttamente dalla cittadinanza. Abbiamo provato a superare l&#8217;autoreferenzialit\u00e0 della politica attraverso l&#8217;ascolto raccogliendo un&#8217;ampia partecipazione della cittadinanza che deve sentire questo luogo come proprio.\u201d<\/p>\n<p>La rinascita di questa area verde ha avuto inizio con la sua intitolazione, avvenuta nel 2019 con l\u2019iniziativa \u201cUn parco per una donna\u201d, promossa dall\u2019Assessorato alla Pubblica Istruzione e dalla Commissione Pari Opportunit\u00e0 con l\u2019obiettivo di stimolare negli studenti un lavoro di ricerca sul ruolo storico, politico e culturale che hanno ricoperto le donne nella Citt\u00e0 degli Imperiali. La proposta di intitolazione, successivamente avallata dall\u2019Amministrazione Comunale, all\u2019artista Francesca Forleo Brayda venne formulata dalle studentesse e dagli studenti del Secondo Istituto Comprensivo.<\/p>\n<p>\u201cIn questi tre anni \u2013 conclude il Sindaco Denuzzo &#8211; ci siamo impegnati per migliorare la qualit\u00e0 dei parchi cittadini dotandoli di spazi per lo sport, come nel caso dei campi da basket, o avviando delle forme inedite di gestione come per la Villa Comunale e Parco Caniglia. Pertanto, il nuovo parco Brayda \u00e8 in perfetta continuit\u00e0 con il percorso di valorizzazione delle aree verdi cittadine. Non ci fermeremo e, presto, arriveranno importanti novit\u00e0 su altre progettualit\u00e0.\u201d<\/p>\n<p>Francavilla Fontana<\/p>\n","protected":false},"excerpt":{"rendered":"<p>Un parco cittadino attrezzato per l\u2019attivit\u00e0 fisica all\u2019aria aperta, capace di accogliere famiglie e amici per momenti conviviali e ideale per trascorrere le ore di relax. \u00c8 questo il nuovo volto di parco Forleo Brayda in via Papa Giovanni Paolo I all\u2019indomani dell\u2019ultimazione dei lavori realizzati dall\u2019Amministrazione Comunale. \u201cCon il posizionamento delle ultime attrezzature per il fitness \u2013 spiega il Sindaco Antonello Denuzzo \u2013 abbiamo completato il percorso di rigenerazione di un\u2019area verde che diventa a tutti gli effetti un parco. Francavilla Fontana da oggi ha uno spazio inedito che potr\u00e0 essere liberamente utilizzato, ma di cui tutti dobbiamo prenderci cura.\u201d Il nuovo volto del parco Forleo Brayda nasce dal bilancio partecipato del 2019 quando le Radici e le Ali Arciragazzi e Generazione 72021 candidarono la riqualificazione dell\u2019area con il progetto \u201cA cielo aperto\u201d. Al termine della consultazione online questa progettualit\u00e0 si classific\u00f2 al secondo posto ottenendo 307 voti, pochi in meno del progetto vincitore \u201c6 proposte per il randagismo\u201d. L\u2019Amministrazione comunale, che per il bilancio partecipato aveva stanziato 50&#8230;<\/p>\n","protected":false},"author":2,"featured_media":197010,"comment_status":"open","ping_status":"closed","sticky":false,"template":"","format":"standard","meta":{"footnotes":""},"categories":[7],"tags":[],"class_list":["post-197007","post","type-post","status-publish","format-standard","has-post-thumbnail","hentry","category-news"],"_links":{"self":[{"href":"https:\/\/www.brundisium.net\/index.php\/wp-json\/wp\/v2\/posts\/197007","targetHints":{"allow":["GET"]}}],"collection":[{"href":"https:\/\/www.brundisium.net\/index.php\/wp-json\/wp\/v2\/posts"}],"about":[{"href":"https:\/\/www.brundisium.net\/index.php\/wp-json\/wp\/v2\/types\/post"}],"author":[{"embeddable":true,"href":"https:\/\/www.brundisium.net\/index.php\/wp-json\/wp\/v2\/users\/2"}],"replies":[{"embeddable":true,"href":"https:\/\/www.brundisium.net\/index.php\/wp-json\/wp\/v2\/comments?post=197007"}],"version-history":[{"count":1,"href":"https:\/\/www.brundisium.net\/index.php\/wp-json\/wp\/v2\/posts\/197007\/revisions"}],"predecessor-version":[{"id":197011,"href":"https:\/\/www.brundisium.net\/index.php\/wp-json\/wp\/v2\/posts\/197007\/revisions\/197011"}],"wp:featuredmedia":[{"embeddable":true,"href":"https:\/\/www.brundisium.net\/index.php\/wp-json\/wp\/v2\/media\/197010"}],"wp:attachment":[{"href":"https:\/\/www.brundisium.net\/index.php\/wp-json\/wp\/v2\/media?parent=197007"}],"wp:term":[{"taxonomy":"category","embeddable":true,"href":"https:\/\/www.brundisium.net\/index.php\/wp-json\/wp\/v2\/categories?post=197007"},{"taxonomy":"post_tag","embeddable":true,"href":"https:\/\/www.brundisium.net\/index.php\/wp-json\/wp\/v2\/tags?post=197007"}],"curies":[{"name":"wp","href":"https:\/\/api.w.org\/{rel}","templated":true}]}}