{"id":198210,"date":"2022-01-31T14:38:28","date_gmt":"2022-01-31T13:38:28","guid":{"rendered":"https:\/\/www.brundisium.net\/?p=198210"},"modified":"2022-01-31T14:38:28","modified_gmt":"2022-01-31T13:38:28","slug":"francavilla-fontana-si-conferma-comune-ciclabile","status":"publish","type":"post","link":"https:\/\/www.brundisium.net\/index.php\/francavilla-fontana-si-conferma-comune-ciclabile\/","title":{"rendered":"Francavilla Fontana si conferma Comune ciclabile"},"content":{"rendered":"<p>Francavilla Fontana conferma per il secondo anno consecutivo la bandiera gialla attribuita dalla Federazione Italiana Ambiente e Bicicletta (FIAB) agli Enti locali che promuovono politiche orientate a favorire l\u2019uso della bici.<\/p>\n<p>Il riconoscimento, consegnato virtualmente nelle mani dell\u2019Assessore Sergio Tatarano, \u00e8 stato ufficializzato nel corso dell\u2019annuale cerimonia tenutasi lo scorso 28 gennaio in diretta streaming. Il premio \u00e8 il frutto del lavoro portato avanti dall\u2019Amministrazione Comunale in tema di mobilit\u00e0 sostenibile.<\/p>\n<p>\u201cSin dal nostro insediamento abbiamo portato al centro dell\u2019azione amministrativa il tema della mobilit\u00e0 sostenibile. Si tratta di un percorso \u2013 spiega l\u2019Assessore alla Mobilit\u00e0 Sostenibile Sergio Tatarano \u2013 avviato con l\u2019adozione di strumenti urbanistici orientati a innovare la viabilit\u00e0 cittadina partendo dagli utenti deboli della strada, in primis ciclisti e pedoni.\u201d<\/p>\n<p>A pochi mesi dall\u2019adozione del PUMS, la nuova sfida intrapresa dall\u2019Amministrazione Comunale si chiama Piano Urbano della Mobilit\u00e0 Ciclistica (PUMC) che ha lo scopo di delineare una ridistribuzione dei flussi di viabilit\u00e0 per permettere il transito in sicurezza delle biciclette con la creazione di nuovi percorsi o con la rifunzionalizzazione degli esistenti.<\/p>\n<p>Intanto, sempre in materia di mobilit\u00e0, a breve avr\u00e0 inizio la creazione della \u201cZona 30\u201d del quartiere Peraro che consentir\u00e0 di contenere la velocit\u00e0 dei veicoli e impedire la sosta selvaggia delle auto per aumentare la sicurezza e garantire la compresenza \u201cpacifica\u201d di biciclette e mezzi a motore. Tra gli interventi \u00e8 prevista anche la creazione di una pista ciclabile in via Caniglia che si collegher\u00e0 con il percorso esistente nel quartiere San Lorenzo. La rete qui presente, inoltre, sar\u00e0 ulteriormente potenziata grazie alla Rigenerazione Urbana Sostenibile. Recentemente, infine, il Ministero delle Infrastrutture ha finanziato il progetto da 853 mila euro per la realizzazione di percorsi ciclopedonali legati ai luoghi storici cittadini.<\/p>\n<p>\u201cIn questi anni abbiamo intercettato finanziamenti e avviato progettualit\u00e0 che nel medio periodo cambieranno il volto della Citt\u00e0. Il riconoscimento della FIAB \u2013 conclude l\u2019Assessore Tatarano \u2013 attesta la qualit\u00e0 del cammino che abbiamo intrapreso e ci spinge a fare ancora di pi\u00f9. Se lo scorso anno il progetto di bike sharing ci ha consentito di entrare in questa esclusiva graduatoria, ora dobbiamo pedalare per rafforzare il processo culturale che con fatica abbiamo avviato.\u201d<\/p>\n<p>FIAB ha confermato il suo \u201cbike smile\u201d per \u201cl\u2019impegno nella promozione e nella realizzazione di infrastrutture e politiche a favore della bicicletta\u201d e ha preannunciato il conferimento di un secondo smile al completamento degli interventi gi\u00e0 finanziati nel quartiere Peraro e l\u2019adozione del PUMC.<\/p>\n<p>La rete dei Comuni Ciclabili coinvolge 156 Enti locali ed \u00e8 una iniziativa patrocinata dal Ministero delle Infrastrutture e dei Trasporti e dal Ministero dell\u2019Ambiente.<\/p>\n<p>Comune di Francavilla Fontana<\/p>\n","protected":false},"excerpt":{"rendered":"<p>Francavilla Fontana conferma per il secondo anno consecutivo la bandiera gialla attribuita dalla Federazione Italiana Ambiente e Bicicletta (FIAB) agli Enti locali che promuovono politiche orientate a favorire l\u2019uso della bici. Il riconoscimento, consegnato virtualmente nelle mani dell\u2019Assessore Sergio Tatarano, \u00e8 stato ufficializzato nel corso dell\u2019annuale cerimonia tenutasi lo scorso 28 gennaio in diretta streaming. Il premio \u00e8 il frutto del lavoro portato avanti dall\u2019Amministrazione Comunale in tema di mobilit\u00e0 sostenibile. \u201cSin dal nostro insediamento abbiamo portato al centro dell\u2019azione amministrativa il tema della mobilit\u00e0 sostenibile. Si tratta di un percorso \u2013 spiega l\u2019Assessore alla Mobilit\u00e0 Sostenibile Sergio Tatarano \u2013 avviato con l\u2019adozione di strumenti urbanistici orientati a innovare la viabilit\u00e0 cittadina partendo dagli utenti deboli della strada, in primis ciclisti e pedoni.\u201d A pochi mesi dall\u2019adozione del PUMS, la nuova sfida intrapresa dall\u2019Amministrazione Comunale si chiama Piano Urbano della Mobilit\u00e0 Ciclistica (PUMC) che ha lo scopo di delineare una ridistribuzione dei flussi di viabilit\u00e0 per permettere il transito in sicurezza delle biciclette con la creazione di nuovi percorsi o&#8230;<\/p>\n","protected":false},"author":2,"featured_media":198222,"comment_status":"open","ping_status":"closed","sticky":false,"template":"","format":"standard","meta":{"footnotes":""},"categories":[7],"tags":[],"class_list":["post-198210","post","type-post","status-publish","format-standard","has-post-thumbnail","hentry","category-news"],"_links":{"self":[{"href":"https:\/\/www.brundisium.net\/index.php\/wp-json\/wp\/v2\/posts\/198210","targetHints":{"allow":["GET"]}}],"collection":[{"href":"https:\/\/www.brundisium.net\/index.php\/wp-json\/wp\/v2\/posts"}],"about":[{"href":"https:\/\/www.brundisium.net\/index.php\/wp-json\/wp\/v2\/types\/post"}],"author":[{"embeddable":true,"href":"https:\/\/www.brundisium.net\/index.php\/wp-json\/wp\/v2\/users\/2"}],"replies":[{"embeddable":true,"href":"https:\/\/www.brundisium.net\/index.php\/wp-json\/wp\/v2\/comments?post=198210"}],"version-history":[{"count":1,"href":"https:\/\/www.brundisium.net\/index.php\/wp-json\/wp\/v2\/posts\/198210\/revisions"}],"predecessor-version":[{"id":198224,"href":"https:\/\/www.brundisium.net\/index.php\/wp-json\/wp\/v2\/posts\/198210\/revisions\/198224"}],"wp:featuredmedia":[{"embeddable":true,"href":"https:\/\/www.brundisium.net\/index.php\/wp-json\/wp\/v2\/media\/198222"}],"wp:attachment":[{"href":"https:\/\/www.brundisium.net\/index.php\/wp-json\/wp\/v2\/media?parent=198210"}],"wp:term":[{"taxonomy":"category","embeddable":true,"href":"https:\/\/www.brundisium.net\/index.php\/wp-json\/wp\/v2\/categories?post=198210"},{"taxonomy":"post_tag","embeddable":true,"href":"https:\/\/www.brundisium.net\/index.php\/wp-json\/wp\/v2\/tags?post=198210"}],"curies":[{"name":"wp","href":"https:\/\/api.w.org\/{rel}","templated":true}]}}