{"id":198254,"date":"2022-02-01T15:45:40","date_gmt":"2022-02-01T14:45:40","guid":{"rendered":"https:\/\/www.brundisium.net\/?p=198254"},"modified":"2022-02-01T15:45:40","modified_gmt":"2022-02-01T14:45:40","slug":"capitale-italiana-della-cultura-2024-mesagne-corre-per-lo-sprint-finale","status":"publish","type":"post","link":"https:\/\/www.brundisium.net\/index.php\/capitale-italiana-della-cultura-2024-mesagne-corre-per-lo-sprint-finale\/","title":{"rendered":"Capitale italiana della Cultura 2024: Mesagne corre per lo sprint finale"},"content":{"rendered":"<p><img loading=\"lazy\" decoding=\"async\" class=\"alignleft size-medium wp-image-198256\" src=\"https:\/\/www.brundisium.net\/brun\/wp-content\/uploads\/2022\/02\/Mesagne-capitale-cultura-cs010222-1-300x225.jpg\" alt=\"\" width=\"300\" height=\"225\" srcset=\"https:\/\/www.brundisium.net\/brun\/wp-content\/uploads\/2022\/02\/Mesagne-capitale-cultura-cs010222-1-300x225.jpg 300w, https:\/\/www.brundisium.net\/brun\/wp-content\/uploads\/2022\/02\/Mesagne-capitale-cultura-cs010222-1-1024x768.jpg 1024w, https:\/\/www.brundisium.net\/brun\/wp-content\/uploads\/2022\/02\/Mesagne-capitale-cultura-cs010222-1-768x576.jpg 768w, https:\/\/www.brundisium.net\/brun\/wp-content\/uploads\/2022\/02\/Mesagne-capitale-cultura-cs010222-1-1536x1152.jpg 1536w, https:\/\/www.brundisium.net\/brun\/wp-content\/uploads\/2022\/02\/Mesagne-capitale-cultura-cs010222-1.jpg 1824w\" sizes=\"auto, (max-width: 300px) 100vw, 300px\" \/> Mesagne \u00e8 tra le citt\u00e0 finaliste per il titolo di Capitale italiana della Cultura 2024: la comunicazione, giunta con nota ufficiale del MiC poco dopo le 13 di luned\u00ec 31 gennaio, ha sprigionato in pochi minuti un clima di festa, che dal messaggio facebook del sindaco Antonio Matarrelli si \u00e8 propagato a gran velocit\u00e0 grazie al potere dirompente dei social.<\/p>\n<p>&nbsp;<\/p>\n<p>\u201cCi abbiamo sperato e creduto in tanti, tantissimi, mettendoci anima e cuore, ora il sogno si fa ancora pi\u00f9 vicino\u201d, ha scritto il primo cittadino, commentando a caldo un risultato che non era affatto scontato, considerato il profilo delle altre concorrenti in corsa per l\u2019ambizioso riconoscimento. \u201cIl lavoro di squadra messo in campo da professionisti qualificati, guidati con competenza e passione dall\u2019arch. Simonetta Dellomonaco, progettista e direttore della candidatura, ha dato i frutti sperati combinandosi alla perfezione con il coinvolgimento attivo degli uffici e di numerose istituzioni, personalit\u00e0 e associazioni, che ci hanno espresso prezioso sostegno contribuendo ad un successo che ci riempie di gioia\u201d, ha aggiunto il primo cittadino.<\/p>\n<p>&nbsp;<\/p>\n<p><img loading=\"lazy\" decoding=\"async\" class=\"size-medium wp-image-198257 alignright\" src=\"https:\/\/www.brundisium.net\/brun\/wp-content\/uploads\/2022\/02\/Mesagne-capitale-cultura-cs010222-2-300x225.jpg\" alt=\"\" width=\"300\" height=\"225\" srcset=\"https:\/\/www.brundisium.net\/brun\/wp-content\/uploads\/2022\/02\/Mesagne-capitale-cultura-cs010222-2-300x225.jpg 300w, https:\/\/www.brundisium.net\/brun\/wp-content\/uploads\/2022\/02\/Mesagne-capitale-cultura-cs010222-2-1024x768.jpg 1024w, https:\/\/www.brundisium.net\/brun\/wp-content\/uploads\/2022\/02\/Mesagne-capitale-cultura-cs010222-2-768x576.jpg 768w, https:\/\/www.brundisium.net\/brun\/wp-content\/uploads\/2022\/02\/Mesagne-capitale-cultura-cs010222-2-1536x1152.jpg 1536w, https:\/\/www.brundisium.net\/brun\/wp-content\/uploads\/2022\/02\/Mesagne-capitale-cultura-cs010222-2.jpg 1824w\" sizes=\"auto, (max-width: 300px) 100vw, 300px\" \/>Durante la conferenza stampa che si \u00e8 svolta stamattina nell\u2019Aula consiliare di Palazzo dei Celestini, \u00e8 stata l\u2019architetto Dellomonaco a tornare sulle peculiarit\u00e0 di un progetto che ha convinto la Commissione ministeriale, facendo superare l&#8217;importante fase e proiettando la candidatura direttamente verso lo sprint finale con cui si decreter\u00e0 la capitale culturale del Belpaese per il 2024. E sulla qualit\u00e0 di una proposta curata a pi\u00f9 mani si \u00e8 soffermato anche il coordinatore politico di \u201cMesagne2024\u201d, l\u2019avvocato Marco Cal\u00f2. \u201cSi tratta di un risultato straordinario, ma non ci fermiamo. Ringraziamo tutti coloro che ci hanno creduto e che continuano a crederci, ma il riscatto oggi \u00e8 compiuto\u201d. Da questo momento l\u2019attenzione si sposta sulle date del 3 e 4 marzo, quando gli Enti che hanno superato la selezione presenteranno i propri dossier alla Giuria ministeriale nel corso di un\u2019audizione pubblica in streaming della durata di un\u2019ora che servir\u00e0 ai componenti della commissione ad acquisire gli elementi di approfondimento della proposta inoltrata lo scorso 19 ottobre. \u201cIl nostro progetto \u00e8 innovativo e sostenibile, l\u2019umanit\u00e0 \u00e8 al centro, non come soggetto ma come percorso di riscatto e di rinascita. Abbiamo oggi la responsabilit\u00e0 di proporre una nuova modalit\u00e0 del nostro agire nel mondo. La cultura, a mio avviso, ha un ruolo chiave in questo momento di grande sofferenza. Ci faremo trovare pronti per la fase finale che ci attende, continuando a sognare e a puntare in alto\u201d, ha concluso l\u2019architetto Dellomonaco nel suo dettagliato intervento.<\/p>\n<p>Marzo \u00e8 vicino e la citt\u00e0 di Mesagne \u00e8 pi\u00f9 carica di entusiasmo che mai.<\/p>\n","protected":false},"excerpt":{"rendered":"<p>Mesagne \u00e8 tra le citt\u00e0 finaliste per il titolo di Capitale italiana della Cultura 2024: la comunicazione, giunta con nota ufficiale del MiC poco dopo le 13 di luned\u00ec 31 gennaio, ha sprigionato in pochi minuti un clima di festa, che dal messaggio facebook del sindaco Antonio Matarrelli si \u00e8 propagato a gran velocit\u00e0 grazie al potere dirompente dei social. &nbsp; \u201cCi abbiamo sperato e creduto in tanti, tantissimi, mettendoci anima e cuore, ora il sogno si fa ancora pi\u00f9 vicino\u201d, ha scritto il primo cittadino, commentando a caldo un risultato che non era affatto scontato, considerato il profilo delle altre concorrenti in corsa per l\u2019ambizioso riconoscimento. \u201cIl lavoro di squadra messo in campo da professionisti qualificati, guidati con competenza e passione dall\u2019arch. Simonetta Dellomonaco, progettista e direttore della candidatura, ha dato i frutti sperati combinandosi alla perfezione con il coinvolgimento attivo degli uffici e di numerose istituzioni, personalit\u00e0 e associazioni, che ci hanno espresso prezioso sostegno contribuendo ad un successo che ci riempie di gioia\u201d, ha aggiunto il primo&#8230;<\/p>\n","protected":false},"author":2,"featured_media":198259,"comment_status":"open","ping_status":"closed","sticky":false,"template":"","format":"standard","meta":{"footnotes":""},"categories":[7],"tags":[],"class_list":["post-198254","post","type-post","status-publish","format-standard","has-post-thumbnail","hentry","category-news"],"_links":{"self":[{"href":"https:\/\/www.brundisium.net\/index.php\/wp-json\/wp\/v2\/posts\/198254","targetHints":{"allow":["GET"]}}],"collection":[{"href":"https:\/\/www.brundisium.net\/index.php\/wp-json\/wp\/v2\/posts"}],"about":[{"href":"https:\/\/www.brundisium.net\/index.php\/wp-json\/wp\/v2\/types\/post"}],"author":[{"embeddable":true,"href":"https:\/\/www.brundisium.net\/index.php\/wp-json\/wp\/v2\/users\/2"}],"replies":[{"embeddable":true,"href":"https:\/\/www.brundisium.net\/index.php\/wp-json\/wp\/v2\/comments?post=198254"}],"version-history":[{"count":1,"href":"https:\/\/www.brundisium.net\/index.php\/wp-json\/wp\/v2\/posts\/198254\/revisions"}],"predecessor-version":[{"id":198260,"href":"https:\/\/www.brundisium.net\/index.php\/wp-json\/wp\/v2\/posts\/198254\/revisions\/198260"}],"wp:featuredmedia":[{"embeddable":true,"href":"https:\/\/www.brundisium.net\/index.php\/wp-json\/wp\/v2\/media\/198259"}],"wp:attachment":[{"href":"https:\/\/www.brundisium.net\/index.php\/wp-json\/wp\/v2\/media?parent=198254"}],"wp:term":[{"taxonomy":"category","embeddable":true,"href":"https:\/\/www.brundisium.net\/index.php\/wp-json\/wp\/v2\/categories?post=198254"},{"taxonomy":"post_tag","embeddable":true,"href":"https:\/\/www.brundisium.net\/index.php\/wp-json\/wp\/v2\/tags?post=198254"}],"curies":[{"name":"wp","href":"https:\/\/api.w.org\/{rel}","templated":true}]}}