{"id":198619,"date":"2022-02-11T17:47:48","date_gmt":"2022-02-11T16:47:48","guid":{"rendered":"https:\/\/www.brundisium.net\/?p=198619"},"modified":"2022-02-11T17:47:48","modified_gmt":"2022-02-11T16:47:48","slug":"tutela-della-salute-e-della-sicurezza-nei-luoghi-di-lavoro-sottoscritto-in-prefettura-il-protocollo-dintesa-unitario","status":"publish","type":"post","link":"https:\/\/www.brundisium.net\/index.php\/tutela-della-salute-e-della-sicurezza-nei-luoghi-di-lavoro-sottoscritto-in-prefettura-il-protocollo-dintesa-unitario\/","title":{"rendered":"Tutela della salute e della sicurezza nei luoghi di lavoro: sottoscritto in Prefettura il Protocollo d\u2019intesa unitario"},"content":{"rendered":"<p><img loading=\"lazy\" decoding=\"async\" class=\"alignleft size-medium wp-image-198620\" src=\"https:\/\/www.brundisium.net\/brun\/wp-content\/uploads\/2022\/02\/Protocollo-intesa-Tutela-salute-e-sicurezza-nei-luoghi-di-lavoro-1-300x225.jpg\" alt=\"\" width=\"300\" height=\"225\" srcset=\"https:\/\/www.brundisium.net\/brun\/wp-content\/uploads\/2022\/02\/Protocollo-intesa-Tutela-salute-e-sicurezza-nei-luoghi-di-lavoro-1-300x225.jpg 300w, https:\/\/www.brundisium.net\/brun\/wp-content\/uploads\/2022\/02\/Protocollo-intesa-Tutela-salute-e-sicurezza-nei-luoghi-di-lavoro-1-768x576.jpg 768w, https:\/\/www.brundisium.net\/brun\/wp-content\/uploads\/2022\/02\/Protocollo-intesa-Tutela-salute-e-sicurezza-nei-luoghi-di-lavoro-1.jpg 1024w\" sizes=\"auto, (max-width: 300px) 100vw, 300px\" \/><br \/>\n\u00c8 stato sottoscritto stamane il Protocollo d\u2019intesa unitario sulla salute e la sicurezza sui luoghi di lavoro, condiviso da tutti gli attori istituzionali che hanno partecipato ai lavori della Conferenza Provinciale Permanente, che ha dedicato, negli ultimi mesi, uno specifico focus all\u2019andamento degli infortuni sui luoghi di lavoro ed alla individuazione di una strategia comune di intervento in termini di prevenzione, informazione ed informazione per la salvaguardia dei lavoratori.<br \/>\nHanno partecipato all\u2019incontro i vertici territoriali delle Forze dell\u2019Ordine, il Comando Provinciale dei Vigili del Fuoco, l\u2019Ispettorato Territoriale del Lavoro, l\u2019Ufficio Scolastico provinciale, lo Spesal, INAIL, INPS, le Organizzazioni sindacali dei lavoratori CGIL, CISL, UIL, Confindustria, ANCE, Coldiretti, Confagricoltura, COPAGRI, Confederazione Italiana Agricoltori, CONFAPI, Confcommercio, Confesercenti, Confartigianato Brindisi, CNA, C.L.A.A. I, Associazione Nazionale Costruttori Edili.<\/p>\n<p><img loading=\"lazy\" decoding=\"async\" class=\"size-medium wp-image-198621 alignright\" src=\"https:\/\/www.brundisium.net\/brun\/wp-content\/uploads\/2022\/02\/Protocollo-intesa-Tutela-salute-e-sicurezza-nei-luoghi-di-lavoro-2-225x300.jpg\" alt=\"\" width=\"225\" height=\"300\" srcset=\"https:\/\/www.brundisium.net\/brun\/wp-content\/uploads\/2022\/02\/Protocollo-intesa-Tutela-salute-e-sicurezza-nei-luoghi-di-lavoro-2-225x300.jpg 225w, https:\/\/www.brundisium.net\/brun\/wp-content\/uploads\/2022\/02\/Protocollo-intesa-Tutela-salute-e-sicurezza-nei-luoghi-di-lavoro-2-768x1024.jpg 768w, https:\/\/www.brundisium.net\/brun\/wp-content\/uploads\/2022\/02\/Protocollo-intesa-Tutela-salute-e-sicurezza-nei-luoghi-di-lavoro-2-1152x1536.jpg 1152w, https:\/\/www.brundisium.net\/brun\/wp-content\/uploads\/2022\/02\/Protocollo-intesa-Tutela-salute-e-sicurezza-nei-luoghi-di-lavoro-2-300x400.jpg 300w, https:\/\/www.brundisium.net\/brun\/wp-content\/uploads\/2022\/02\/Protocollo-intesa-Tutela-salute-e-sicurezza-nei-luoghi-di-lavoro-2.jpg 1500w\" sizes=\"auto, (max-width: 225px) 100vw, 225px\" \/>Il Protocollo in argomento \u00e8 basato su linee di azione fondamentali:<br \/>\n&#8211; informazione e formazione sui luoghi di lavoro, ponendosi nella ottica di un complessivo accrescimento della cultura della sicurezza, anche in relazione all\u2019applicazione dei protocolli sanitari correlati al COVID 19;<br \/>\n-promozione di eventi di diffusione della cultura della sicurezza in ambito scolastico e, in particolare, per gli studenti degli ultimi anni degli Istituti Superiori di secondo grado;<br \/>\n&#8211; impegno delle parti, nel rispetto delle proprie competenze e nello spirito della leale collaborazione, ad attuare gli scambi informativi tra gli Enti istituzionali e i diversi soggetti pubblici e privati interessati, allo scopo di favorire la condivisione di elementi di analisi, nonch\u00e9 la valutazione di specifiche criticit\u00e0, al fine di potenziare le capacit\u00e0 di intervento dei soggetti che operano nel campo della prevenzione e della vigilanza a tutela della sicurezza sui luoghi di lavoro.<\/p>\n<p>L\u2019 analisi delle attivit\u00e0 svolte, nonch\u00e9 i risultati conseguiti in applicazione del Protocollo saranno oggetto di approfondimento nell\u2019ambito della Conferenza Provinciale Permanente, nell\u2019ottica di verificare eventuali interventi da adottare o da rimodulare.<\/p>\n<p>Al contempo, le situazioni di criticit\u00e0 emergenti formeranno oggetto di esame da parte del Comitato Provinciale per l&#8217;Ordine e la Sicurezza Pubblica, per gli approfondimenti di competenza, nell\u2019ambito delle prerogative del Prefetto, nella qualit\u00e0 di Autorit\u00e0 Provinciale di P.S. in materia di prevenzione.<\/p>\n<p>&nbsp;<\/p>\n<p>COMUNICATO STAMPA PREFETTURA DI BRINDISI<\/p>\n","protected":false},"excerpt":{"rendered":"<p>\u00c8 stato sottoscritto stamane il Protocollo d\u2019intesa unitario sulla salute e la sicurezza sui luoghi di lavoro, condiviso da tutti gli attori istituzionali che hanno partecipato ai lavori della Conferenza Provinciale Permanente, che ha dedicato, negli ultimi mesi, uno specifico focus all\u2019andamento degli infortuni sui luoghi di lavoro ed alla individuazione di una strategia comune di intervento in termini di prevenzione, informazione ed informazione per la salvaguardia dei lavoratori. Hanno partecipato all\u2019incontro i vertici territoriali delle Forze dell\u2019Ordine, il Comando Provinciale dei Vigili del Fuoco, l\u2019Ispettorato Territoriale del Lavoro, l\u2019Ufficio Scolastico provinciale, lo Spesal, INAIL, INPS, le Organizzazioni sindacali dei lavoratori CGIL, CISL, UIL, Confindustria, ANCE, Coldiretti, Confagricoltura, COPAGRI, Confederazione Italiana Agricoltori, CONFAPI, Confcommercio, Confesercenti, Confartigianato Brindisi, CNA, C.L.A.A. I, Associazione Nazionale Costruttori Edili. Il Protocollo in argomento \u00e8 basato su linee di azione fondamentali: &#8211; informazione e formazione sui luoghi di lavoro, ponendosi nella ottica di un complessivo accrescimento della cultura della sicurezza, anche in relazione all\u2019applicazione dei protocolli sanitari correlati al COVID 19; -promozione di eventi di diffusione&#8230;<\/p>\n","protected":false},"author":2,"featured_media":198622,"comment_status":"open","ping_status":"closed","sticky":false,"template":"","format":"standard","meta":{"footnotes":""},"categories":[7],"tags":[],"class_list":["post-198619","post","type-post","status-publish","format-standard","has-post-thumbnail","hentry","category-news"],"_links":{"self":[{"href":"https:\/\/www.brundisium.net\/index.php\/wp-json\/wp\/v2\/posts\/198619","targetHints":{"allow":["GET"]}}],"collection":[{"href":"https:\/\/www.brundisium.net\/index.php\/wp-json\/wp\/v2\/posts"}],"about":[{"href":"https:\/\/www.brundisium.net\/index.php\/wp-json\/wp\/v2\/types\/post"}],"author":[{"embeddable":true,"href":"https:\/\/www.brundisium.net\/index.php\/wp-json\/wp\/v2\/users\/2"}],"replies":[{"embeddable":true,"href":"https:\/\/www.brundisium.net\/index.php\/wp-json\/wp\/v2\/comments?post=198619"}],"version-history":[{"count":1,"href":"https:\/\/www.brundisium.net\/index.php\/wp-json\/wp\/v2\/posts\/198619\/revisions"}],"predecessor-version":[{"id":198623,"href":"https:\/\/www.brundisium.net\/index.php\/wp-json\/wp\/v2\/posts\/198619\/revisions\/198623"}],"wp:featuredmedia":[{"embeddable":true,"href":"https:\/\/www.brundisium.net\/index.php\/wp-json\/wp\/v2\/media\/198622"}],"wp:attachment":[{"href":"https:\/\/www.brundisium.net\/index.php\/wp-json\/wp\/v2\/media?parent=198619"}],"wp:term":[{"taxonomy":"category","embeddable":true,"href":"https:\/\/www.brundisium.net\/index.php\/wp-json\/wp\/v2\/categories?post=198619"},{"taxonomy":"post_tag","embeddable":true,"href":"https:\/\/www.brundisium.net\/index.php\/wp-json\/wp\/v2\/tags?post=198619"}],"curies":[{"name":"wp","href":"https:\/\/api.w.org\/{rel}","templated":true}]}}