{"id":198636,"date":"2022-02-12T11:36:31","date_gmt":"2022-02-12T10:36:31","guid":{"rendered":"https:\/\/www.brundisium.net\/?p=198636"},"modified":"2022-02-12T11:36:31","modified_gmt":"2022-02-12T10:36:31","slug":"cis-palmisano-e-aresta-m5s-questo-programma-puo-essere-davvero-unoccasione-di-sviluppo-per-le-province-di-brindisi-e-lecce","status":"publish","type":"post","link":"https:\/\/www.brundisium.net\/index.php\/cis-palmisano-e-aresta-m5s-questo-programma-puo-essere-davvero-unoccasione-di-sviluppo-per-le-province-di-brindisi-e-lecce\/","title":{"rendered":"Cis, Palmisano e Aresta (M5S): &#8220;Questo programma pu\u00f2 essere davvero un\u2019occasione di sviluppo per le province di Brindisi e Lecce&#8221;"},"content":{"rendered":"<p>\u00abE\u2019 necessario fare rete tra le realt\u00e0 locali: il programma Cis pu\u00f2 essere davvero un\u2019occasione di sviluppo per le province di Brindisi e Lecce\u00bb. E\u2019 quanto affermano i parlamentari del Movimento Cinque Stelle On. Valentina Palmisano e On. Giovanni Luca Aresta, a margine dell\u2019incontro di ieri con la Sottosegretaria per il Sud e Coesione Sociale On.Dalila Nesci (M5S). \u00abDurante il tavolo di confronto, al quale ha partecipato anche la struttura tecnica del Ministro per il Sud e Coesione Sociale Mara Carfagna, abbiamo rilevato come molteplici siano state negli anni le criticit\u00e0, le aspettative e gli annunci in riferimento a questo importante contratto istituzionale di sviluppo del territorio. Purtroppo per\u00f2 -commentano Palmisano e Aresta- \u00e8 sempre stato difficile rendere effettivamente operativi questi programmi. Ed \u00e8 per questo che nell\u2019attuale momento storico rendere concrete tutte quelle progettualit\u00e0 \u00e8 una condizione non pi\u00f9 rinviabile per implementare processi virtuosi di crescita all\u2019interno delle due province\u00bb. I due portavoce del Movimento 5 Stelle continueranno in queste settimane a seguire da vicino ogni fase del \u201cContratto di Sviluppo Lecce-Brindisi Costa adriatica\u201d. \u00abRiteniamo importante fare una premessa: non occorrono misure o progetti di campanile, che possano favorire un Comune piuttosto che un altro. Serve invece sintonizzarsi sulla qualit\u00e0 delle proposte in campo anche allargando i singoli confini. E\u2019 necessario che possa rafforzarsi e divenire materialmente operativa una rete tra le amministrazioni comunali coinvolte direttamente in questo contratto di sviluppo e tutti coloro i quali hanno incarichi di responsabilit\u00e0 in ambito istituzionale e sociale nel territorio. Occorre unire e non dividere.  Crediamo che le citt\u00e0 di Lecce e Brindisi con le loro province possano diventare pi\u00f9 forti se si rapportano con il resto dei territori. Un progetto di area vasta con opere in grado di rinnovare profondamente il sistema infrastrutturale e servire fasce estese di popolazione, anche oltre i comuni della costa. E per far ci\u00f2 -concludono Valentina Palmisano e Giovanni Luca Aresta- fondamentale sar\u00e0 individuare delle direttrici strategiche d\u2019intervento a beneficio dell\u2019intero territorio. Noi continueremo a lavorare per unire e non per dividere i territori\u00bb<\/p>\n","protected":false},"excerpt":{"rendered":"<p>\u00abE\u2019 necessario fare rete tra le realt\u00e0 locali: il programma Cis pu\u00f2 essere davvero un\u2019occasione di sviluppo per le province di Brindisi e Lecce\u00bb. E\u2019 quanto affermano i parlamentari del Movimento Cinque Stelle On. Valentina Palmisano e On. Giovanni Luca Aresta, a margine dell\u2019incontro di ieri con la Sottosegretaria per il Sud e Coesione Sociale On.Dalila Nesci (M5S). \u00abDurante il tavolo di confronto, al quale ha partecipato anche la struttura tecnica del Ministro per il Sud e Coesione Sociale Mara Carfagna, abbiamo rilevato come molteplici siano state negli anni le criticit\u00e0, le aspettative e gli annunci in riferimento a questo importante contratto istituzionale di sviluppo del territorio. Purtroppo per\u00f2 -commentano Palmisano e Aresta- \u00e8 sempre stato difficile rendere effettivamente operativi questi programmi. Ed \u00e8 per questo che nell\u2019attuale momento storico rendere concrete tutte quelle progettualit\u00e0 \u00e8 una condizione non pi\u00f9 rinviabile per implementare processi virtuosi di crescita all\u2019interno delle due province\u00bb. I due portavoce del Movimento 5 Stelle continueranno in queste settimane a seguire da vicino ogni fase del \u201cContratto&#8230;<\/p>\n","protected":false},"author":2,"featured_media":196960,"comment_status":"open","ping_status":"closed","sticky":false,"template":"","format":"standard","meta":{"footnotes":""},"categories":[7],"tags":[],"class_list":["post-198636","post","type-post","status-publish","format-standard","has-post-thumbnail","hentry","category-news"],"_links":{"self":[{"href":"https:\/\/www.brundisium.net\/index.php\/wp-json\/wp\/v2\/posts\/198636","targetHints":{"allow":["GET"]}}],"collection":[{"href":"https:\/\/www.brundisium.net\/index.php\/wp-json\/wp\/v2\/posts"}],"about":[{"href":"https:\/\/www.brundisium.net\/index.php\/wp-json\/wp\/v2\/types\/post"}],"author":[{"embeddable":true,"href":"https:\/\/www.brundisium.net\/index.php\/wp-json\/wp\/v2\/users\/2"}],"replies":[{"embeddable":true,"href":"https:\/\/www.brundisium.net\/index.php\/wp-json\/wp\/v2\/comments?post=198636"}],"version-history":[{"count":1,"href":"https:\/\/www.brundisium.net\/index.php\/wp-json\/wp\/v2\/posts\/198636\/revisions"}],"predecessor-version":[{"id":198637,"href":"https:\/\/www.brundisium.net\/index.php\/wp-json\/wp\/v2\/posts\/198636\/revisions\/198637"}],"wp:featuredmedia":[{"embeddable":true,"href":"https:\/\/www.brundisium.net\/index.php\/wp-json\/wp\/v2\/media\/196960"}],"wp:attachment":[{"href":"https:\/\/www.brundisium.net\/index.php\/wp-json\/wp\/v2\/media?parent=198636"}],"wp:term":[{"taxonomy":"category","embeddable":true,"href":"https:\/\/www.brundisium.net\/index.php\/wp-json\/wp\/v2\/categories?post=198636"},{"taxonomy":"post_tag","embeddable":true,"href":"https:\/\/www.brundisium.net\/index.php\/wp-json\/wp\/v2\/tags?post=198636"}],"curies":[{"name":"wp","href":"https:\/\/api.w.org\/{rel}","templated":true}]}}