{"id":199662,"date":"2022-03-09T15:12:55","date_gmt":"2022-03-09T14:12:55","guid":{"rendered":"https:\/\/www.brundisium.net\/?p=199662"},"modified":"2022-03-11T19:47:32","modified_gmt":"2022-03-11T18:47:32","slug":"le-contrizioni-e-i-mea-culpa-di-milena-gabanelli-di-giorgio-sciarra","status":"publish","type":"post","link":"https:\/\/www.brundisium.net\/index.php\/le-contrizioni-e-i-mea-culpa-di-milena-gabanelli-di-giorgio-sciarra\/","title":{"rendered":"Le contrizioni e i \u201cmea culpa\u201d di Milena Gabanelli. Di Giorgio Sciarra"},"content":{"rendered":"<p>Non \u00e8 dato sapere quando termineranno gli atti di contrizione e i \u201cmea culpa\u201d della nota giornalista Milena Gabanelli.<\/p>\n<p>Sono iniziati, per quanto ci riguarda, criticando il \u201cblocco\u201d di alcuni impianti fotovoltaici a Brindisi e sono continuati con i mea culpa sulla vicenda del rigassificatore. E\u2019 plausibile che tale mutamento di pensiero possa far sorgere qualche dubbio sulle sue passate inchieste grazie alle quali \u00e8 divenuta la famosa \u201cMilena Gabanelli\u201d icona del giornalismo d\u2019inchiesta.<\/p>\n<p>Grazie a questa fama \u2013 \u00e8 bene ricordarlo \u2013 ebbe l\u2019onore di essere indicata quale candidata alla Presidenza della Repubblica dal M5S.<\/p>\n<p>Non \u00e8 vietato cambiare idea, ci mancherebbe! Sarebbe bene, per\u00f2, farlo tenendo presente i diversi momenti e contesti storici. Approfondendo e spiegando meglio le problematiche che hanno indotto al \u201cravvedimento\u201d, possibilmente con un maggiore puntiglio di quanto, evidentemente, si ritiene di non aver fatto nel passato. E\u2019 ovvio che tali \u201cmea culpa\u201d, specie quando sono autorevoli, vengono sempre sfruttati, come nel caso del rigassificatore di Brindisi, dal \u201csistema\u201d che trae giustificazione e vigore per un nuovo attacco alla diligenza rinnovando le tante speculazioni sui territori.<\/p>\n<p>Personalmente sono sempre stato convinto che la mancata realizzazione a Brindisi del rigassificatore fu causata non dalla massiccia mobilitazione popolare e condivisa dalle istituzioni (Comune, Provincia e Regione) ma da ben altro. E\u2019 bene precisare che la protesta contestava il sito prescelto per l\u2019impianto, tant\u2019\u00e8 che lo slogan fu \u201cNo al rigassificatore a Capobianco\u201d. Mi sono sempre chiesto se la British Gas avesse deciso di farlo in un altro sito, sarebbe mai nata una mobilitazione popolare di quelle dimensioni? Non credo e non lo sapremo mai, la BG non prese mai in considerazione tale ipotesi, per una ragione molto semplice, pensava di avere in pugno la situazione e perch\u00e9 collocarlo a Capobianco le permetteva di risparmiare centinaia di milioni di euro.<\/p>\n<p>Un po\u2019 come accade oggi col deposito di gas progettato da Edison a Costa Morena Est, su un sito strategico per il porto, si sacrificava ieri come oggi la portualit\u00e0 per interessi aziendali non pensando a quelli generali.<\/p>\n<p>Ma se la mobilitazione popolare fu importante (e lo fu certamente dal punto di vista sociale e d\u2019identit\u00e0 territoriale) ma non decisiva per impedire la costruzione del rigassificatore, cosa in realt\u00e0 ferm\u00f2 quel progetto? Altri interessi economici e diverse strategie industriali, oltre ovviamente alle tante irregolarit\u00e0, illegalit\u00e0 e reati di cui la vicenda fu disseminata. A chi dava fastidio, allora, \u201cl\u2019odore del gas\u201d? Forse allo stesso Stato o, per meglio dire, alla sua controllata Enel? Il colosso energetico in quel periodo storico non aveva alcuna intenzione di cambiare il combustibile delle sue centrali: il carbone.<\/p>\n<p>Questo fu uno dei motivi che la spinse ad uscire dopo poco pi\u00f9 di un anno dalla societ\u00e0 Brindisi LNG SpA, lasciandola alla sola British Gas, con la quale era entrata in \u201caffari\u201d, presumibilmente, per meglio controllare e monitorare la situazione.<\/p>\n<p>Ed \u00e8 anche sotto questa luce che andrebbe vista la scelta dell\u2019approdo di Tap a Melendugno e non a Brindisi. Qui, nella zona industriale o a Cerano, sarebbe stato troppo vicino alla centrale elettrica, meglio tenere lontane le \u201ctentazioni\u201d.<\/p>\n<p>Il TAP, a dispetto di una notevolissima, vasta e agguerrita mobilitazione popolare, si \u00e8 realizzato comunque, anche con scelte peggiori e pi\u00f9 costose che hanno inflitto, col metanodotto, una ferita al territorio lunga 55 Km.<\/p>\n<p>Pura teoria? Possibile, ma \u00e8 certo che in Italia chi ha dettato l\u2019agenda, imponendo la propria strategia industriale, \u00e8 stata l\u2019Enel, mai il contrario.<\/p>\n<p>Bisogna interrogarsi, come riconosce la stessa Gabanelli, sui motivi cha hanno impedito all\u2019Italia di dotarsi di un serio piano energetico e sul perch\u00e9 non si sono sviluppate in modo altrettanto serio le energie rinnovabili. A chi \u00e8 convenuto? Si \u00e8 lasciato, irresponsabilmente, ad un \u201csistema\u201d composto da vari poteri la possibilit\u00e0 di consumare le peggio speculazioni sul territorio e che oggi trova un nuovo \u201cvigore\u201d con i \u201cmea culpa\u201d.<\/p>\n<p>&nbsp;<\/p>\n<p><em><strong>Giorgio Sciarra<\/strong><\/em><\/p>\n","protected":false},"excerpt":{"rendered":"<p>Non \u00e8 dato sapere quando termineranno gli atti di contrizione e i \u201cmea culpa\u201d della nota giornalista Milena Gabanelli. Sono iniziati, per quanto ci riguarda, criticando il \u201cblocco\u201d di alcuni impianti fotovoltaici a Brindisi e sono continuati con i mea culpa sulla vicenda del rigassificatore. E\u2019 plausibile che tale mutamento di pensiero possa far sorgere qualche dubbio sulle sue passate inchieste grazie alle quali \u00e8 divenuta la famosa \u201cMilena Gabanelli\u201d icona del giornalismo d\u2019inchiesta. Grazie a questa fama \u2013 \u00e8 bene ricordarlo \u2013 ebbe l\u2019onore di essere indicata quale candidata alla Presidenza della Repubblica dal M5S. Non \u00e8 vietato cambiare idea, ci mancherebbe! Sarebbe bene, per\u00f2, farlo tenendo presente i diversi momenti e contesti storici. Approfondendo e spiegando meglio le problematiche che hanno indotto al \u201cravvedimento\u201d, possibilmente con un maggiore puntiglio di quanto, evidentemente, si ritiene di non aver fatto nel passato. E\u2019 ovvio che tali \u201cmea culpa\u201d, specie quando sono autorevoli, vengono sempre sfruttati, come nel caso del rigassificatore di Brindisi, dal \u201csistema\u201d che trae giustificazione e vigore per&#8230;<\/p>\n","protected":false},"author":2,"featured_media":559,"comment_status":"open","ping_status":"closed","sticky":false,"template":"","format":"standard","meta":{"footnotes":""},"categories":[9],"tags":[],"class_list":["post-199662","post","type-post","status-publish","format-standard","has-post-thumbnail","hentry","category-interventi"],"_links":{"self":[{"href":"https:\/\/www.brundisium.net\/index.php\/wp-json\/wp\/v2\/posts\/199662","targetHints":{"allow":["GET"]}}],"collection":[{"href":"https:\/\/www.brundisium.net\/index.php\/wp-json\/wp\/v2\/posts"}],"about":[{"href":"https:\/\/www.brundisium.net\/index.php\/wp-json\/wp\/v2\/types\/post"}],"author":[{"embeddable":true,"href":"https:\/\/www.brundisium.net\/index.php\/wp-json\/wp\/v2\/users\/2"}],"replies":[{"embeddable":true,"href":"https:\/\/www.brundisium.net\/index.php\/wp-json\/wp\/v2\/comments?post=199662"}],"version-history":[{"count":1,"href":"https:\/\/www.brundisium.net\/index.php\/wp-json\/wp\/v2\/posts\/199662\/revisions"}],"predecessor-version":[{"id":199665,"href":"https:\/\/www.brundisium.net\/index.php\/wp-json\/wp\/v2\/posts\/199662\/revisions\/199665"}],"wp:featuredmedia":[{"embeddable":true,"href":"https:\/\/www.brundisium.net\/index.php\/wp-json\/wp\/v2\/media\/559"}],"wp:attachment":[{"href":"https:\/\/www.brundisium.net\/index.php\/wp-json\/wp\/v2\/media?parent=199662"}],"wp:term":[{"taxonomy":"category","embeddable":true,"href":"https:\/\/www.brundisium.net\/index.php\/wp-json\/wp\/v2\/categories?post=199662"},{"taxonomy":"post_tag","embeddable":true,"href":"https:\/\/www.brundisium.net\/index.php\/wp-json\/wp\/v2\/tags?post=199662"}],"curies":[{"name":"wp","href":"https:\/\/api.w.org\/{rel}","templated":true}]}}