{"id":199854,"date":"2022-03-12T19:02:27","date_gmt":"2022-03-12T18:02:27","guid":{"rendered":"https:\/\/www.brundisium.net\/?p=199854"},"modified":"2022-03-13T19:03:22","modified_gmt":"2022-03-13T18:03:22","slug":"coronavirus-verso-un-nuovo-percorso-diagnostico-terapeutico-per-la-gestione-dei-pazienti","status":"publish","type":"post","link":"https:\/\/www.brundisium.net\/index.php\/coronavirus-verso-un-nuovo-percorso-diagnostico-terapeutico-per-la-gestione-dei-pazienti\/","title":{"rendered":"Coronavirus: verso un nuovo percorso diagnostico-terapeutico per la gestione dei pazienti"},"content":{"rendered":"<p>Una giornata di approfondimento e condivisione per fare il punto sulle esperienze accumulate durante i due anni segnati dalla pandemia e prepararsi alla nuova fase che vedr\u00e0 la gestione della malattia sempre meno ospedaliera e pi\u00f9 domiciliare.<br \/>\nNel corso di Coronavirus 2.0: a due anni dall&#8217;apocalisse, convegno svoltosi questa mattina nell&#8217;hotel Monte Sarago di Ostuni e organizzato da Emanuela Cirac\u00ec, direttore dell&#8217;Unit\u00e0 operativa di Medicina interna all&#8217;ospedale di Ostuni, sono stati affrontati molti aspetti: si \u00e8 parlato di biologia ed evoluzione del Coronavirus, di ultrasuoni nella diagnosi della malattia da Sars Cov-2, di test diagnostici, di ossigenoterapia non invasiva e di sequele polmonari post Covid, tra i vari argomenti.<br \/>\n\u201cA due anni dall&#8217;inizio della pandemia \u2013 spiega Cirac\u00ec &#8211; ho sentito la necessit\u00e0 di fare il punto della situazione con i colleghi che si sono occupati di Covid nei diversi setting assistenziali, sia a livello territoriale che a livello ospedaliero. Stiamo per entrare, si spera, in una nuova era, con una patologia a prevalente gestione domiciliare: bisogna consolidare le conoscenze acquisite e organizzare le cure e l&#8217;assistenza al meglio per arrivare pronti al prossimo futuro\u201d.<br \/>\nL&#8217;approccio multidisciplinare scelto per il convegno \u00e8 stato voluto per avere una circolazione del sapere scientifico tra gli interpreti della medicina in vista delle novit\u00e0 che presto potrebbero arrivare in tema di gestione dei pazienti affetti da Covid.<br \/>\n\u201cIl titolo del convegno \u00e8 significativo \u2013 ragiona il direttore sanitario della Asl, Vito Campanile &#8211; perch\u00e9 racchiude in s\u00e9 tutta la complessit\u00e0 che il sistema sanitario ha dovuto affrontare durante l&#8217;emergenza pandemica. In questi due anni \u00e8 stato fatto tanto sia in termini di procedure che di farmaci, dagli antivirali agli anticorpi monoclonali, con il grande contributo della campagna vaccinale. Adesso registriamo la lenta decrescita dei ricoveri che sono prevalentemente gestiti in area medica e non in terapia intensiva. Dobbiamo guardare al futuro: l&#8217;obiettivo \u00e8 creare un assetto assistenziale che unisca il territorio, ossia medici di medicina generale, pediatri di libera scelta, Usca, Pta e ospedali di comunit\u00e0 con la rete di emergenza costituita dagli ospedali. Tutte queste funzioni verranno collegate anche formalmente da un documento, un Percorso diagnostico terapeutico assistenziale per rispondere in maniera pi\u00f9 efficace alle esigenze dei cittadini\u201d.<br \/>\nLe nuove disposizioni sono attualmente allo studio della struttura aziendale che terr\u00e0 in considerazione gli elementi emersi nel corso del convegno per mettere a punto la strategia pi\u00f9 efficace nella lotta alla malattia.<br \/>\n\u201cSiamo qui dopo due anni di Covid \u2013 conclude Pietro Gatti, direttore del Dipartimento di Area medica &#8211; per tirare le somme dell&#8217;esperienza maturata nella Asl di Brindisi e delle nuove acquisizioni terapeutiche, utili a capire come programmare la nuova fase della pandemia e rivedere la valutazione dei pazienti. Ci sono i nuovi farmaci e c&#8217;\u00e8 un&#8217;esperienza che dall&#8217;ospedale deve arrivare al territorio per ridurre le ospedalizzazioni e lasciare liberi i posti nelle strutture per i pazienti non Covid\u201d.<\/p>\n<p>UFFICIO STAMPA ASL BR<\/p>\n","protected":false},"excerpt":{"rendered":"<p>Una giornata di approfondimento e condivisione per fare il punto sulle esperienze accumulate durante i due anni segnati dalla pandemia e prepararsi alla nuova fase che vedr\u00e0 la gestione della malattia sempre meno ospedaliera e pi\u00f9 domiciliare. Nel corso di Coronavirus 2.0: a due anni dall&#8217;apocalisse, convegno svoltosi questa mattina nell&#8217;hotel Monte Sarago di Ostuni e organizzato da Emanuela Cirac\u00ec, direttore dell&#8217;Unit\u00e0 operativa di Medicina interna all&#8217;ospedale di Ostuni, sono stati affrontati molti aspetti: si \u00e8 parlato di biologia ed evoluzione del Coronavirus, di ultrasuoni nella diagnosi della malattia da Sars Cov-2, di test diagnostici, di ossigenoterapia non invasiva e di sequele polmonari post Covid, tra i vari argomenti. \u201cA due anni dall&#8217;inizio della pandemia \u2013 spiega Cirac\u00ec &#8211; ho sentito la necessit\u00e0 di fare il punto della situazione con i colleghi che si sono occupati di Covid nei diversi setting assistenziali, sia a livello territoriale che a livello ospedaliero. Stiamo per entrare, si spera, in una nuova era, con una patologia a prevalente gestione domiciliare: bisogna consolidare le conoscenze&#8230;<\/p>\n","protected":false},"author":2,"featured_media":199855,"comment_status":"open","ping_status":"closed","sticky":false,"template":"","format":"standard","meta":{"footnotes":""},"categories":[7],"tags":[],"class_list":["post-199854","post","type-post","status-publish","format-standard","has-post-thumbnail","hentry","category-news"],"_links":{"self":[{"href":"https:\/\/www.brundisium.net\/index.php\/wp-json\/wp\/v2\/posts\/199854","targetHints":{"allow":["GET"]}}],"collection":[{"href":"https:\/\/www.brundisium.net\/index.php\/wp-json\/wp\/v2\/posts"}],"about":[{"href":"https:\/\/www.brundisium.net\/index.php\/wp-json\/wp\/v2\/types\/post"}],"author":[{"embeddable":true,"href":"https:\/\/www.brundisium.net\/index.php\/wp-json\/wp\/v2\/users\/2"}],"replies":[{"embeddable":true,"href":"https:\/\/www.brundisium.net\/index.php\/wp-json\/wp\/v2\/comments?post=199854"}],"version-history":[{"count":1,"href":"https:\/\/www.brundisium.net\/index.php\/wp-json\/wp\/v2\/posts\/199854\/revisions"}],"predecessor-version":[{"id":199856,"href":"https:\/\/www.brundisium.net\/index.php\/wp-json\/wp\/v2\/posts\/199854\/revisions\/199856"}],"wp:featuredmedia":[{"embeddable":true,"href":"https:\/\/www.brundisium.net\/index.php\/wp-json\/wp\/v2\/media\/199855"}],"wp:attachment":[{"href":"https:\/\/www.brundisium.net\/index.php\/wp-json\/wp\/v2\/media?parent=199854"}],"wp:term":[{"taxonomy":"category","embeddable":true,"href":"https:\/\/www.brundisium.net\/index.php\/wp-json\/wp\/v2\/categories?post=199854"},{"taxonomy":"post_tag","embeddable":true,"href":"https:\/\/www.brundisium.net\/index.php\/wp-json\/wp\/v2\/tags?post=199854"}],"curies":[{"name":"wp","href":"https:\/\/api.w.org\/{rel}","templated":true}]}}