{"id":200135,"date":"2022-03-20T11:03:46","date_gmt":"2022-03-20T10:03:46","guid":{"rendered":"https:\/\/www.brundisium.net\/?p=200135"},"modified":"2022-03-20T13:09:20","modified_gmt":"2022-03-20T12:09:20","slug":"emergenza-energia-progressisti-per-brindisi-condivisibile-lordine-del-giorno-del-m5s-che-sara-discusso-nel-prossimo-consiglio-comunale","status":"publish","type":"post","link":"https:\/\/www.brundisium.net\/index.php\/emergenza-energia-progressisti-per-brindisi-condivisibile-lordine-del-giorno-del-m5s-che-sara-discusso-nel-prossimo-consiglio-comunale\/","title":{"rendered":"Emergenza energia, Progressisti per Brindisi: &#8220;condivisibile l\u2019ordine del giorno del M5S che sar\u00e0 discusso nel prossimo Consiglio Comunale&#8221;&#8221;"},"content":{"rendered":"<p>La guerra in Ucraina ci ricorda quanto l\u2019uomo possa essere folle e come gli equilibri geopolitici possano essere fragili ed al tempo stesso devastanti per le persone comuni ignare e lontane dai giochi di potere.<br \/>\nGli ultimi avvenimenti insieme alla pandemia ci suggeriscono come ognuno di noi, secondo capacit\u00e0 e responsabilit\u00e0, debba impegnarsi per rendere questo un mondo migliore e non ritornare allo status quo.<br \/>\nCos\u00ec chi amministra una provincia, una citt\u00e0, deve volgere il proprio impegno per raggiungere quel benessere che possa rendere \u201cpi\u00f9 uguali\u201d i cittadini.<br \/>\nE per fare questo chi amministra ha il dovere di occuparsi del territorio e del suo sviluppo; non delle poltrone.<br \/>\nL\u2019emergenza della pandemia ed ancora di pi\u00f9 la guerra ci dimostrano che la crisi climatica va inquadrata in un quadro di fragilit\u00e0 che va ben oltre la dimensione ambientale.<br \/>\nCos\u00ec \u00e8 indispensabile che chi amministra una citt\u00e0 complessa e sofferente come Brindisi (come promesso in campagna elettorale) si impegni a creare senza indugio un dialogo fitto e proficuo con il Governo e la grande impresa per disegnare insieme un nuovo modello che tenga insieme sviluppo, lavoro, salute e ambiente, industria turismo ed agricoltura cercando di trasformare la transizione verde in una soluzione integrata piuttosto che in un problema multiforme.<br \/>\nLa decarbonizzazione \u00e8 uno di quei passaggi del sistema integrato.<br \/>\nBisogna, allora, costruire un percorso virtuoso che necessariamente coinvolga Governo Centrale e Governo Regionale e tutti gli attori locali, imprese e loro rappresentanze, associazioni sindacali; e non pu\u00f2 risolversi come spesso accaduto in questi anni con una sfida o con \u201cno ideologici\u201d abbandonando il falso ambientalismo di facciata magari teso a sostenere progetti che sono mero greenwashing (l\u2019unico vantaggio \u00e8 per l\u2019impresa che migliora la sua reputazione ambientalista) come ad esempio il progetto di A2A di realizzare un impianto per il trattamento di rifiuti provenienti dallo spazzamento stradale e dalla pulizia degli arenili dai depositi di alghe; o, ancora, come il progetto Prometeo finalizzato alla produzione di idrogeno buono solo per l\u2019ottenimento di certificati bianchi e per instillare un po\u2019 di idrogeno nella rete gas.<br \/>\nServono visione e la capacit\u00e0 di rappresentare con autorevolezza un territorio; la capacit\u00e0 di aprire e gestire tavoli nazionali e regionali sui quali \u201capparecchiare\u201d temi delicati come quello della decarbonizzazione, della disoccupazione, delle politiche di sviluppo.<br \/>\nEnel, al di l\u00e0 del livello produttivo attuale, nel 2025 chiuder\u00e0 la centrale di Cerano.<br \/>\nMa perch\u00e9 la decarbonizzazione non sia solo un affare della grande impresa o di qualche appassionato e competente scienziato bisogna assumere la consapevolezza che la questione \u00e8 prettamente politica.<br \/>\nGli scienziati, infatti, mettono  a disposizione un importante quantit\u00e0 di dati e studi per abbattere le emissioni di anidride carbonica e l\u2019inquinamento. Poi sulla base di quelle informazioni \u00e8 necessario fare delle scelte che competono a chi amministra.<br \/>\nEd il ruolo della politica, di chi amministra, \u00e8 quello di incastrare perfettamente la decarbonizzazione nella nostra realt\u00e0.<br \/>\n\u00c8 il momento di dimostrare, da parte di chi amministra la citt\u00e0, quella maturit\u00e0 politica con la quale affrontare un cambiamento epocale, una rivoluzione nei paradigmi dello sviluppo industriale senza affossare ulteriormente la competitivit\u00e0 di un territorio dove ai giovani si chiede di accontentarsi di lavori precari.<br \/>\nNon c\u2019\u00e8 pi\u00f9 tempo da perdere: oggi dopo quattro anni stiamo ancora cercando di capire cosa sar\u00e0 Brindisi oltre il Tommaseo, l\u2019Ostello della Giovent\u00f9 o l\u2019Universit\u00e0 che se ne va!!<br \/>\nIn questo scenario immobile e cupo utile e del tutto condivisibile la proposizione dell\u2019ordine del giorno del Movimento Cinque Stelle che sar\u00e0 discusso nel prossimo Consiglio Comunale con il quale riporta nell\u2019agenda di questa amministrazione il tema specifico del ruolo di ENEL sul nostro territorio per affrontare la fase di decarbonizzazione ormai in corso ma, soprattutto, ripropone implicitamente il tema pi\u00f9 complesso dello sviluppo.<br \/>\nUno sviluppo che non si costruisce con i no snobistici o inseguendo la chimera dei CIS ma con un dialogo serrato con il Governo Regionale, con quello Centrale e con il coinvolgimento di tutti gli attori del territorio.<br \/>\nPer questo auspichiamo che il Consiglio Comunale tutto si pronunci favorevolmente sull\u2019ordine del giorno dimostrando responsabilit\u00e0 e maturit\u00e0.<\/p>\n<p>progressisti per brindisi<\/p>\n","protected":false},"excerpt":{"rendered":"<p>La guerra in Ucraina ci ricorda quanto l\u2019uomo possa essere folle e come gli equilibri geopolitici possano essere fragili ed al tempo stesso devastanti per le persone comuni ignare e lontane dai giochi di potere. Gli ultimi avvenimenti insieme alla pandemia ci suggeriscono come ognuno di noi, secondo capacit\u00e0 e responsabilit\u00e0, debba impegnarsi per rendere questo un mondo migliore e non ritornare allo status quo. Cos\u00ec chi amministra una provincia, una citt\u00e0, deve volgere il proprio impegno per raggiungere quel benessere che possa rendere \u201cpi\u00f9 uguali\u201d i cittadini. E per fare questo chi amministra ha il dovere di occuparsi del territorio e del suo sviluppo; non delle poltrone. L\u2019emergenza della pandemia ed ancora di pi\u00f9 la guerra ci dimostrano che la crisi climatica va inquadrata in un quadro di fragilit\u00e0 che va ben oltre la dimensione ambientale. Cos\u00ec \u00e8 indispensabile che chi amministra una citt\u00e0 complessa e sofferente come Brindisi (come promesso in campagna elettorale) si impegni a creare senza indugio un dialogo fitto e proficuo con il Governo e&#8230;<\/p>\n","protected":false},"author":2,"featured_media":200137,"comment_status":"open","ping_status":"closed","sticky":false,"template":"","format":"standard","meta":{"footnotes":""},"categories":[7],"tags":[],"class_list":["post-200135","post","type-post","status-publish","format-standard","has-post-thumbnail","hentry","category-news"],"_links":{"self":[{"href":"https:\/\/www.brundisium.net\/index.php\/wp-json\/wp\/v2\/posts\/200135","targetHints":{"allow":["GET"]}}],"collection":[{"href":"https:\/\/www.brundisium.net\/index.php\/wp-json\/wp\/v2\/posts"}],"about":[{"href":"https:\/\/www.brundisium.net\/index.php\/wp-json\/wp\/v2\/types\/post"}],"author":[{"embeddable":true,"href":"https:\/\/www.brundisium.net\/index.php\/wp-json\/wp\/v2\/users\/2"}],"replies":[{"embeddable":true,"href":"https:\/\/www.brundisium.net\/index.php\/wp-json\/wp\/v2\/comments?post=200135"}],"version-history":[{"count":1,"href":"https:\/\/www.brundisium.net\/index.php\/wp-json\/wp\/v2\/posts\/200135\/revisions"}],"predecessor-version":[{"id":200139,"href":"https:\/\/www.brundisium.net\/index.php\/wp-json\/wp\/v2\/posts\/200135\/revisions\/200139"}],"wp:featuredmedia":[{"embeddable":true,"href":"https:\/\/www.brundisium.net\/index.php\/wp-json\/wp\/v2\/media\/200137"}],"wp:attachment":[{"href":"https:\/\/www.brundisium.net\/index.php\/wp-json\/wp\/v2\/media?parent=200135"}],"wp:term":[{"taxonomy":"category","embeddable":true,"href":"https:\/\/www.brundisium.net\/index.php\/wp-json\/wp\/v2\/categories?post=200135"},{"taxonomy":"post_tag","embeddable":true,"href":"https:\/\/www.brundisium.net\/index.php\/wp-json\/wp\/v2\/tags?post=200135"}],"curies":[{"name":"wp","href":"https:\/\/api.w.org\/{rel}","templated":true}]}}