{"id":200465,"date":"2022-03-30T12:02:01","date_gmt":"2022-03-30T10:02:01","guid":{"rendered":"https:\/\/www.brundisium.net\/?p=200465"},"modified":"2022-04-08T15:37:24","modified_gmt":"2022-04-08T13:37:24","slug":"parte-la-rassegna-musicale-euterpe","status":"publish","type":"post","link":"https:\/\/www.brundisium.net\/index.php\/parte-la-rassegna-musicale-euterpe\/","title":{"rendered":"Parte la &#8220;Rassegna Musicale Euterpe&#8221;"},"content":{"rendered":"<p>Riparte finalmente la nuova stagione concertistica che dopo la pausa pandemica torna sotto il nuovo nome di &#8220;Rassegna Musicale Euterpe&#8221;.<\/p>\n<p>&nbsp;<\/p>\n<p>L&#8217;intera stagione \u00e8 organizzata dal Centro Euterpe, con la direzione artistica di Francesco Silvestro e la partnership del Centro Giovanile Salesiani di Brindisi, in collaborazione sempre con la Societ\u00e0 Culturale &#8220;Dante Alighieri&#8221;, le associazioni &#8220;Acli Arte e Spettacolo&#8221; e &#8220;Sincopatici&#8221;. Un graditissimo supporto arriva ancora una volta da &#8220;Brinflora&#8221; di Tonino e Luca Giustizieri.<\/p>\n<p>&nbsp;<\/p>\n<p>&#8220;Dopo tre anni ci risiamo&#8221;, annuncia il M\u00b0 Silvestro, &#8220;siamo pronti a ripartire pi\u00f9 forti di prima e con tante novit\u00e0 rispetto al passato. Oggi lavoriamo infatti su pi\u00f9 fronti: concertistico, didattico, propedeutico e formativo. E abbiamo in programma l&#8217;apertura di altre discipline artistiche come per esempio i laboratori teatrali.&#8221;<\/p>\n<p>&nbsp;<\/p>\n<p>Uno degli appuntamenti della Rassegna vedr\u00e0 protagonista infatti la voce narrante di Stefania Savarese che reciter\u00e0 una fiaba di Gianni Rodari, accompagnata dai suoni della chitarra dello stesso Silvestro che eseguir\u00e0 una composizione del M\u00b0 Oronzo Persano, realizzata appositamente per questa favola. Sar\u00e0 una Rassegna quindi rivolta a tutti, dai pi\u00f9 grandi ai pi\u00f9 piccoli, con la promessa di non annoiare nessuno, anzi di riabituare la gente a rivivere la meraviglia che la vita ci offre, la magia della musica, la riscoperta e la bellezza dell&#8217;ascolto.<\/p>\n<p>&nbsp;<\/p>\n<p>La cittadinanza \u00e8 invitata, si parte il 31 marzo con il soprano Marcella Diviggiano accompagnata dal pianista Federico Dell&#8217;Olivo. Si prosegue con violino, violoncello e chitarra. E ci avvieremo alla conclusione il giorno 8 luglio con l&#8217;esibizione dei Maestri che hanno preso parte a questa Edizione della Rassegna Musicale Euterpe.<\/p>\n<p>&nbsp;<\/p>\n<p>Non ci resta che attendere le ore 20 del 31 marzo, presso il Teatro&#8221;Don Bosco&#8221; la prima importante serata della Rassegna Musicale Euterpe, protagonisti saranno il soprano Marcella Diviggiano e il pianista Federico Dell&#8217;Olivo, grandi Maestri della Scuola di Musica Euterpe, che apriranno la stagione concertistica.<\/p>\n","protected":false},"excerpt":{"rendered":"<p>Riparte finalmente la nuova stagione concertistica che dopo la pausa pandemica torna sotto il nuovo nome di &#8220;Rassegna Musicale Euterpe&#8221;. &nbsp; L&#8217;intera stagione \u00e8 organizzata dal Centro Euterpe, con la direzione artistica di Francesco Silvestro e la partnership del Centro Giovanile Salesiani di Brindisi, in collaborazione sempre con la Societ\u00e0 Culturale &#8220;Dante Alighieri&#8221;, le associazioni &#8220;Acli Arte e Spettacolo&#8221; e &#8220;Sincopatici&#8221;. Un graditissimo supporto arriva ancora una volta da &#8220;Brinflora&#8221; di Tonino e Luca Giustizieri. &nbsp; &#8220;Dopo tre anni ci risiamo&#8221;, annuncia il M\u00b0 Silvestro, &#8220;siamo pronti a ripartire pi\u00f9 forti di prima e con tante novit\u00e0 rispetto al passato. Oggi lavoriamo infatti su pi\u00f9 fronti: concertistico, didattico, propedeutico e formativo. E abbiamo in programma l&#8217;apertura di altre discipline artistiche come per esempio i laboratori teatrali.&#8221; &nbsp; Uno degli appuntamenti della Rassegna vedr\u00e0 protagonista infatti la voce narrante di Stefania Savarese che reciter\u00e0 una fiaba di Gianni Rodari, accompagnata dai suoni della chitarra dello stesso Silvestro che eseguir\u00e0 una composizione del M\u00b0 Oronzo Persano, realizzata appositamente per questa favola. Sar\u00e0&#8230;<\/p>\n","protected":false},"author":2,"featured_media":200468,"comment_status":"open","ping_status":"closed","sticky":false,"template":"","format":"standard","meta":{"footnotes":""},"categories":[189,7],"tags":[],"class_list":["post-200465","post","type-post","status-publish","format-standard","has-post-thumbnail","hentry","category-musica-2","category-news"],"_links":{"self":[{"href":"https:\/\/www.brundisium.net\/index.php\/wp-json\/wp\/v2\/posts\/200465","targetHints":{"allow":["GET"]}}],"collection":[{"href":"https:\/\/www.brundisium.net\/index.php\/wp-json\/wp\/v2\/posts"}],"about":[{"href":"https:\/\/www.brundisium.net\/index.php\/wp-json\/wp\/v2\/types\/post"}],"author":[{"embeddable":true,"href":"https:\/\/www.brundisium.net\/index.php\/wp-json\/wp\/v2\/users\/2"}],"replies":[{"embeddable":true,"href":"https:\/\/www.brundisium.net\/index.php\/wp-json\/wp\/v2\/comments?post=200465"}],"version-history":[{"count":1,"href":"https:\/\/www.brundisium.net\/index.php\/wp-json\/wp\/v2\/posts\/200465\/revisions"}],"predecessor-version":[{"id":200469,"href":"https:\/\/www.brundisium.net\/index.php\/wp-json\/wp\/v2\/posts\/200465\/revisions\/200469"}],"wp:featuredmedia":[{"embeddable":true,"href":"https:\/\/www.brundisium.net\/index.php\/wp-json\/wp\/v2\/media\/200468"}],"wp:attachment":[{"href":"https:\/\/www.brundisium.net\/index.php\/wp-json\/wp\/v2\/media?parent=200465"}],"wp:term":[{"taxonomy":"category","embeddable":true,"href":"https:\/\/www.brundisium.net\/index.php\/wp-json\/wp\/v2\/categories?post=200465"},{"taxonomy":"post_tag","embeddable":true,"href":"https:\/\/www.brundisium.net\/index.php\/wp-json\/wp\/v2\/tags?post=200465"}],"curies":[{"name":"wp","href":"https:\/\/api.w.org\/{rel}","templated":true}]}}