{"id":200777,"date":"2022-04-08T17:34:36","date_gmt":"2022-04-08T15:34:36","guid":{"rendered":"https:\/\/www.brundisium.net\/?p=200777"},"modified":"2022-04-08T16:40:37","modified_gmt":"2022-04-08T14:40:37","slug":"wow-fasano-brunori-sas-in-concerto-il-6-agosto","status":"publish","type":"post","link":"https:\/\/www.brundisium.net\/index.php\/wow-fasano-brunori-sas-in-concerto-il-6-agosto\/","title":{"rendered":"\u00abWow! Fasano\u00bb, Brunori Sas in concerto il 6 agosto"},"content":{"rendered":"<p>Sar\u00e0 Brunori Sas ad aprire l\u2019agosto di grandi eventi in citt\u00e0. L\u2019appuntamento \u00e8 il 6 agosto alle 21 al Parco Archeologico Di Egnazia. Il giorno dopo, nello stesso posto, toccher\u00e0 a Caparezza. Poi, il 19, piazza Ciaia ospiter\u00e0 Francesco De Gregori e Antonello Venditti. E\u2019 l\u2019estate Wow di Fasano: da giugno a settembre ci saranno grandi eventi tra musica, teatro, cinema, con appuntamenti imperdibili.<br \/>\nIl calendario di \u00abWow!Fasano\u00bb, in fase di definizione, sar\u00e0 completato con spettacoli, concerti, rappresentazioni per grandi e piccoli e per tutta la famiglia.<br \/>\nDa piazza Ciaia al Parco archeologico di Egnazia, dalle marine di Savelletri e Torre Canne al Minareto di Selva, tutto il territorio di Fasano sar\u00e0 il palcoscenico di artisti di successo internazionale.<br \/>\nBrunori \u00e8 un evento targato Locus Festival (prevendita su ticketone).  <\/p>\n<p>\u00abInaugureremo l\u2019agosto di Fasano con un grandissimo nome della musica italiana che aprir\u00e0 tutti gli eventi del mese \u2013 dice il sindaco Francesco Zaccaria \u2013. Un mese che sar\u00e0 ricco di appuntamenti per un calendario di manifestazioni che far\u00e0 vivere ogni luogo di Fasano ogni giorno d\u2019estate. Spettacoli di qualit\u00e0, valorizzazione del territorio, manifestazioni per tutta la famiglia e per ogni generazione: sono questi i pilastri su cui anche quest\u2019anno sar\u00e0 costruito il cartellone di Wow affinch\u00e9 tutti, cittadini e visitatori, possano sentirsi parte della nostra estate\u00bb. <\/p>\n<p>Ufficio Stampa<br \/>\nCitt\u00e0 di Fasano<\/p>\n","protected":false},"excerpt":{"rendered":"<p>Sar\u00e0 Brunori Sas ad aprire l\u2019agosto di grandi eventi in citt\u00e0. L\u2019appuntamento \u00e8 il 6 agosto alle 21 al Parco Archeologico Di Egnazia. Il giorno dopo, nello stesso posto, toccher\u00e0 a Caparezza. Poi, il 19, piazza Ciaia ospiter\u00e0 Francesco De Gregori e Antonello Venditti. E\u2019 l\u2019estate Wow di Fasano: da giugno a settembre ci saranno grandi eventi tra musica, teatro, cinema, con appuntamenti imperdibili. Il calendario di \u00abWow!Fasano\u00bb, in fase di definizione, sar\u00e0 completato con spettacoli, concerti, rappresentazioni per grandi e piccoli e per tutta la famiglia. Da piazza Ciaia al Parco archeologico di Egnazia, dalle marine di Savelletri e Torre Canne al Minareto di Selva, tutto il territorio di Fasano sar\u00e0 il palcoscenico di artisti di successo internazionale. Brunori \u00e8 un evento targato Locus Festival (prevendita su ticketone). \u00abInaugureremo l\u2019agosto di Fasano con un grandissimo nome della musica italiana che aprir\u00e0 tutti gli eventi del mese \u2013 dice il sindaco Francesco Zaccaria \u2013. Un mese che sar\u00e0 ricco di appuntamenti per un calendario di manifestazioni che far\u00e0 vivere ogni&#8230;<\/p>\n","protected":false},"author":2,"featured_media":200780,"comment_status":"open","ping_status":"closed","sticky":false,"template":"","format":"standard","meta":{"footnotes":""},"categories":[189,7],"tags":[],"class_list":["post-200777","post","type-post","status-publish","format-standard","has-post-thumbnail","hentry","category-musica-2","category-news"],"_links":{"self":[{"href":"https:\/\/www.brundisium.net\/index.php\/wp-json\/wp\/v2\/posts\/200777","targetHints":{"allow":["GET"]}}],"collection":[{"href":"https:\/\/www.brundisium.net\/index.php\/wp-json\/wp\/v2\/posts"}],"about":[{"href":"https:\/\/www.brundisium.net\/index.php\/wp-json\/wp\/v2\/types\/post"}],"author":[{"embeddable":true,"href":"https:\/\/www.brundisium.net\/index.php\/wp-json\/wp\/v2\/users\/2"}],"replies":[{"embeddable":true,"href":"https:\/\/www.brundisium.net\/index.php\/wp-json\/wp\/v2\/comments?post=200777"}],"version-history":[{"count":1,"href":"https:\/\/www.brundisium.net\/index.php\/wp-json\/wp\/v2\/posts\/200777\/revisions"}],"predecessor-version":[{"id":200781,"href":"https:\/\/www.brundisium.net\/index.php\/wp-json\/wp\/v2\/posts\/200777\/revisions\/200781"}],"wp:featuredmedia":[{"embeddable":true,"href":"https:\/\/www.brundisium.net\/index.php\/wp-json\/wp\/v2\/media\/200780"}],"wp:attachment":[{"href":"https:\/\/www.brundisium.net\/index.php\/wp-json\/wp\/v2\/media?parent=200777"}],"wp:term":[{"taxonomy":"category","embeddable":true,"href":"https:\/\/www.brundisium.net\/index.php\/wp-json\/wp\/v2\/categories?post=200777"},{"taxonomy":"post_tag","embeddable":true,"href":"https:\/\/www.brundisium.net\/index.php\/wp-json\/wp\/v2\/tags?post=200777"}],"curies":[{"name":"wp","href":"https:\/\/api.w.org\/{rel}","templated":true}]}}