{"id":201898,"date":"2022-05-13T08:44:15","date_gmt":"2022-05-13T06:44:15","guid":{"rendered":"https:\/\/www.brundisium.net\/?p=201898"},"modified":"2022-05-15T20:14:59","modified_gmt":"2022-05-15T18:14:59","slug":"piazza-del-salento-una-piazza-in-agonia-di-enzo-albano","status":"publish","type":"post","link":"https:\/\/www.brundisium.net\/index.php\/piazza-del-salento-una-piazza-in-agonia-di-enzo-albano\/","title":{"rendered":"Piazza del Salento, una piazza in agonia. Di Enzo Albano"},"content":{"rendered":"<p>In molti si chiedono se l&#8217;Amministrazione Comunale sia in grado di reggere la responsabilit\u00e0 del proprio ruolo.<br \/>\nUna domanda legittima se si fa riferimento allo stato di abbandono e di degrado in cui si trova da troppo, troppo tempo Piazza del Salento ( al rione Commenda), rimasta impantanata da anni nel labirinto delle tante amnesie che hanno connotato l&#8217;attivit\u00e0 di questa Amministrazione, che in verit\u00e0 non si \u00e8 dovuta impegnare molto a rimanere estranea a quanto accade, protetta dalla sua attitudine all&#8217;immobilismo, che la tiene al riparo dai problemi della citt\u00e0.<\/p>\n<p>Refrattaria alle tante richieste di intervento da parte dei cittadini, che evidentemente, lontano dalle elezioni, vengono avvertite con fastidio, in questa, come in tante altre situazioni.<br \/>\nNon credo che in questa circostanza vada sottovalutato, oltre al danno all&#8217;immagine, il pericolo determinato dallo stato di estremo degrado della pavimentazione, delle tante buche, dei rigonfiamenti, dei cordoli inclinati, dissestati, dell&#8217;asfalto sgretolato della carreggiata delle strade circostanti con la presenza di diverse buche, dello stato delle panchine e tant&#8217;altro, che rendono estremamente desolante lo scenario della piazza.<\/p>\n<p>Quello del decoro e della sicurezza urbana purtroppo \u00e8 un esercizio che non sempre viene declinato con la necessaria diligenza e continuit\u00e0 da parte della amministrazione comunale.<\/p>\n<p>Eppure il decoro urbano e la sicurezza sono stati sempre stati individuati, dalle varie amministrazioni che si sono succedute in questi anni, come obiettivi strategici sui quali intervenire per elevare, si diceva, il livello di vivibilit\u00e0 della citt\u00e0, ma anche per dare sostanza alle sue ambizioni turistiche .<\/p>\n<p>Quello che stupisce \u00e8 il contrasto fra le tante e appassionate dichiarazioni di attenzione da parte dell&#8217;amministrazione comunale e la totale mancanza di impegno che viene concretamente riservata in questa ed tante altre situazioni.<br \/>\nParole vuote senza conseguenze pratiche, consegnate in tutta fretta alla labilit\u00e0 della memoria.<br \/>\nPurtroppo la situazione da conto della presbiopia di questa amministrazione e del suo sindaco che, mentre asseriscono di aver chiaro la visione del futuro della citt\u00e0, hanno completamente smarrito quella che gli sta sotto gli occhi, costituita della vita della citt\u00e0, delle sue sofferenze, delle difficolt\u00e0, della sua vivibilit\u00e0, della sua immagine.<\/p>\n<p>I cittadini sono stanchi, non accettano pi\u00f9 di convivere e subire in silenzio le tante dimenticanze, le tante inefficienze. Sono delusi e amareggiati da chi li tollera facendo finta di niente, voltandosi dall\u2019altra parte.<br \/>\nAmare la propria citt\u00e0 e i propri cittadini, non si esprime solo con le parole, con le fantasie, come sta accadendo troppo spesso, ma avendone cura, evitando e\/o eliminando quelle situazioni, che ledono il diritto di vivere in luoghi urbani che offrano sicurezza e un dignitoso decoro igienico ed estetico, impedendo lo scadimento della qualit\u00e0 e della vivibilit\u00e0 urbana.<\/p>\n<p>Credo che non ci sia pi\u00f9 spazio per le promesse e per i giochi di prestigio. E\u2019 necessario che l&#8217;amministrazione comunale dia senso e spessore alla delega dei cittadini, cogliendo e non sprecando, ancora una volta, la richiesta di attenzione e di cambiamento che viene dalla citt\u00e0, disponendo un intervento immediato su piazza del salento per eliminare tutte le fonti di pericolo e di disagio dei cittadini, smarcandosi da quell&#8217;immobilismo che ne ha connotato finora l&#8217;attivit\u00e0, per recuperare finalmente la dignit\u00e0 del ruolo e dell\u2019impegno politico.<br \/>\nSarebbe una straordinaria novit\u00e0, ma forse anche la dimostrazione che l&#8217;amministrazione forse non ha del tutto marrito il senso della propria funzione.<br \/>\nE\u2019 sempre pi\u00f9 difficile e faticoso vivere nell\u2019indifferenza di chi deve provvedere e non lo fa.<\/p>\n<p>&nbsp;<\/p>\n<p><strong>Vincenzo Albano<\/strong><\/p>\n","protected":false},"excerpt":{"rendered":"<p>In molti si chiedono se l&#8217;Amministrazione Comunale sia in grado di reggere la responsabilit\u00e0 del proprio ruolo. Una domanda legittima se si fa riferimento allo stato di abbandono e di degrado in cui si trova da troppo, troppo tempo Piazza del Salento ( al rione Commenda), rimasta impantanata da anni nel labirinto delle tante amnesie che hanno connotato l&#8217;attivit\u00e0 di questa Amministrazione, che in verit\u00e0 non si \u00e8 dovuta impegnare molto a rimanere estranea a quanto accade, protetta dalla sua attitudine all&#8217;immobilismo, che la tiene al riparo dai problemi della citt\u00e0. Refrattaria alle tante richieste di intervento da parte dei cittadini, che evidentemente, lontano dalle elezioni, vengono avvertite con fastidio, in questa, come in tante altre situazioni. Non credo che in questa circostanza vada sottovalutato, oltre al danno all&#8217;immagine, il pericolo determinato dallo stato di estremo degrado della pavimentazione, delle tante buche, dei rigonfiamenti, dei cordoli inclinati, dissestati, dell&#8217;asfalto sgretolato della carreggiata delle strade circostanti con la presenza di diverse buche, dello stato delle panchine e tant&#8217;altro, che rendono estremamente&#8230;<\/p>\n","protected":false},"author":2,"featured_media":201907,"comment_status":"open","ping_status":"closed","sticky":false,"template":"","format":"standard","meta":{"footnotes":""},"categories":[9],"tags":[],"class_list":["post-201898","post","type-post","status-publish","format-standard","has-post-thumbnail","hentry","category-interventi"],"_links":{"self":[{"href":"https:\/\/www.brundisium.net\/index.php\/wp-json\/wp\/v2\/posts\/201898","targetHints":{"allow":["GET"]}}],"collection":[{"href":"https:\/\/www.brundisium.net\/index.php\/wp-json\/wp\/v2\/posts"}],"about":[{"href":"https:\/\/www.brundisium.net\/index.php\/wp-json\/wp\/v2\/types\/post"}],"author":[{"embeddable":true,"href":"https:\/\/www.brundisium.net\/index.php\/wp-json\/wp\/v2\/users\/2"}],"replies":[{"embeddable":true,"href":"https:\/\/www.brundisium.net\/index.php\/wp-json\/wp\/v2\/comments?post=201898"}],"version-history":[{"count":1,"href":"https:\/\/www.brundisium.net\/index.php\/wp-json\/wp\/v2\/posts\/201898\/revisions"}],"predecessor-version":[{"id":201909,"href":"https:\/\/www.brundisium.net\/index.php\/wp-json\/wp\/v2\/posts\/201898\/revisions\/201909"}],"wp:featuredmedia":[{"embeddable":true,"href":"https:\/\/www.brundisium.net\/index.php\/wp-json\/wp\/v2\/media\/201907"}],"wp:attachment":[{"href":"https:\/\/www.brundisium.net\/index.php\/wp-json\/wp\/v2\/media?parent=201898"}],"wp:term":[{"taxonomy":"category","embeddable":true,"href":"https:\/\/www.brundisium.net\/index.php\/wp-json\/wp\/v2\/categories?post=201898"},{"taxonomy":"post_tag","embeddable":true,"href":"https:\/\/www.brundisium.net\/index.php\/wp-json\/wp\/v2\/tags?post=201898"}],"curies":[{"name":"wp","href":"https:\/\/api.w.org\/{rel}","templated":true}]}}