{"id":201959,"date":"2022-05-17T17:30:12","date_gmt":"2022-05-17T15:30:12","guid":{"rendered":"https:\/\/www.brundisium.net\/?p=201959"},"modified":"2022-05-17T17:30:12","modified_gmt":"2022-05-17T15:30:12","slug":"brindisi-si-prepara-per-il-palio-di-santelia-in-programma-dal-18-al-26-giugno-2022","status":"publish","type":"post","link":"https:\/\/www.brundisium.net\/index.php\/brindisi-si-prepara-per-il-palio-di-santelia-in-programma-dal-18-al-26-giugno-2022\/","title":{"rendered":"Brindisi si prepara per il Palio di Sant\u2019Elia in programma dal 18 al 26 giugno 2022"},"content":{"rendered":"<p>Una festa di colori, condivisione e socialit\u00e0, la citt\u00e0 di Brindisi si prepara per il Palio Urbano di Sant\u2019Elia in programma dal 18 al 26 giugno 2022. I cittadini saranno i veri protagonisti del Palio e per partecipare sono aperte le iscrizioni: i moduli di adesione e il regolamento sono scaricabili on line sul sito www.santeliabrindisi.it oppure sono gi\u00e0 disponibili in copia da compilare direttamente nel quartier generale del progetto, nella Casa di Quartiere di Parco Buscicchio, a Brindisi in via Mantegna, al civico 10. Entra cos\u00ec nel vivo la fase organizzativa del progetto di rigenerazione urbana e sociale \u201cCeloCeloManca \u2013 L\u2019album dei desideri di Sant\u2019Elia\u201d, vincitore della terza edizione di \u201cCreative Living Lab\u201d, avviso pubblico promosso dalla Direzione Generale Creativit\u00e0 Contemporanea del Ministero della Cultura realizzato dal collettivo ImmaginAbile in collaborazione con Comune di Brindisi, Arca Nord Salento, la cooperativa di comunit\u00e0 Legami di Comunit\u00e0 \u2013 Brindisi, Pazlab e Panini Comics Italia.<\/p>\n<p>Sant\u2019Elia, il santo laico che non esiste, \u00e8 sempre pi\u00f9 popolare sui social, di lui ne parla tutta la citt\u00e0 e ora lancia l\u2019invito al Primo Palio Urbano, un vero e proprio momento di riflessione sul quartiere e con il quartiere, un percorso di co-creazione e co-progettazione che vede i residenti, i professionisti, le scuole, le parrocchie, le associazioni, tutti coinvolti nell\u2019immaginare un nuovo modo di stare insieme e prendersi cura gli uni degli altri, un nuovo format di progettazione partecipata che si concretizza in una settimana di giochi, sport, attivit\u00e0 di ogni tipo con al centro la comunit\u00e0.<\/p>\n<p>Al Palio possono partecipare tutti i cittadini di Brindisi, non solo i residenti del quartiere Sant\u2019Elia. Le squadre si strutturano in quattro contrade composte da diverse compagini che si affronteranno nell\u2019ambito delle diverse discipline. Ad ogni contrada \u00e8 assegnato un nome (Pavone, Delfino, Lucertola e Fenice), uno stemma e un abbinamento di colori identitari. Le squadre saranno miste per genere ed et\u00e0, ci si pu\u00f2 iscrivere ad una sola contrada (se si \u00e8 Lucertola non si pu\u00f2 gareggiare anche nella squadra della Fenice) e nell\u2019ambito della stessa contrada ci saranno pi\u00f9 squadre ma ogni partecipante pu\u00f2 scegliere di prendere parte ad un massimo di due sport. Le squadre si sfideranno nelle seguenti discipline: torneo calcio 5&#215;5 (19 giugno, piazza T. Cremona), torneo pallavolo 3&#215;3 (20 giugno, piazza Canaletto), torneo basket 3&#215;3 (21 giugno, piazza Carr\u00e0), torneo touch rugby (22 giugno, Spiazzo Contrada FENICE &#8211; Via B. Cellini), ciclismo per le vie del quartiere (25 giugno), corsa per le vie del quartiere (26 giugno), creativit\u00e0, sfide improbabili (19-22 giugno), cucina e convivialit\u00e0 (19-22 giugno).<\/p>\n<p>L\u2019aspetto pi\u00f9 importante del Palio non \u00e8 la competizione. Peculiarit\u00e0 del progetto sono la condivisione, l\u2019inclusivit\u00e0, le buone pratiche sociali, la collaborazione tra cittadini. Per fare questo, ad ogni contrada verr\u00e0 assegnata una tana, un luogo del quartiere che sar\u00e0 bardato con i simboli e i colori delle compagini. Nel quartiere sar\u00e0 allestita una sartoria sociale che cucir\u00e0 grandi stendardi e bandiere da appendere ai balconi, le divise dei partecipanti con i colori sociali delle squadre, le vele per le tante barche \u201cparcheggiate\u201d nelle aree comuni del quartiere che, pur essendo lontano dagli accessi alle aree portuali e marine in genere, testimoniano una forte persistenza della vocazione marinaresca di una parte di popolazione cittadina. Ogni contrada organizzer\u00e0 inoltre il Terzo tempo che consiste in quattro cene di comunit\u00e0 durante le quali tutti siederanno con tutti dopo le finali. Altro punto di forza del progetto \u00e8 la fruibilit\u00e0 e la riqualificazione urbana di luoghi pubblici simbolo del quartiere attraverso arte e rigenerazione urbana. E poi libero spazio al folklore delle tifoserie che si stanno gi\u00e0 organizzando per gli allestimenti della parata di apertura. Il Palio inizier\u00e0 sabato 18 giugno, dalle ore 17 alle 20, con la parata di apertura che partir\u00e0 da Parco Buscicchio per fare tappa alla parrocchia Cristo Salvatore, Piazza Raffaello e parrocchia San Lorenzo. Una vera e propria festa dedicata al quartiere e alla citt\u00e0, con la presentazione ufficiale dei partecipanti e il via alle gare in programma per tutta la settimana, che culmineranno domenica 26 giugno con le premiazioni finali.<\/p>\n<p>&nbsp;<\/p>\n<p>Per seguire il Santo, e il progetto, questi sono i canali social a cui fare riferimento:<br \/>\nFacebook https:\/\/www.facebook.com\/santeliadabrindisi<br \/>\nInstagram https:\/\/www.instagram.com\/santelia_brindisi\/<\/p>\n","protected":false},"excerpt":{"rendered":"<p>Una festa di colori, condivisione e socialit\u00e0, la citt\u00e0 di Brindisi si prepara per il Palio Urbano di Sant\u2019Elia in programma dal 18 al 26 giugno 2022. I cittadini saranno i veri protagonisti del Palio e per partecipare sono aperte le iscrizioni: i moduli di adesione e il regolamento sono scaricabili on line sul sito www.santeliabrindisi.it oppure sono gi\u00e0 disponibili in copia da compilare direttamente nel quartier generale del progetto, nella Casa di Quartiere di Parco Buscicchio, a Brindisi in via Mantegna, al civico 10. Entra cos\u00ec nel vivo la fase organizzativa del progetto di rigenerazione urbana e sociale \u201cCeloCeloManca \u2013 L\u2019album dei desideri di Sant\u2019Elia\u201d, vincitore della terza edizione di \u201cCreative Living Lab\u201d, avviso pubblico promosso dalla Direzione Generale Creativit\u00e0 Contemporanea del Ministero della Cultura realizzato dal collettivo ImmaginAbile in collaborazione con Comune di Brindisi, Arca Nord Salento, la cooperativa di comunit\u00e0 Legami di Comunit\u00e0 \u2013 Brindisi, Pazlab e Panini Comics Italia. Sant\u2019Elia, il santo laico che non esiste, \u00e8 sempre pi\u00f9 popolare sui social, di lui ne parla&#8230;<\/p>\n","protected":false},"author":2,"featured_media":201961,"comment_status":"open","ping_status":"closed","sticky":false,"template":"","format":"standard","meta":{"footnotes":""},"categories":[7],"tags":[],"class_list":["post-201959","post","type-post","status-publish","format-standard","has-post-thumbnail","hentry","category-news"],"_links":{"self":[{"href":"https:\/\/www.brundisium.net\/index.php\/wp-json\/wp\/v2\/posts\/201959","targetHints":{"allow":["GET"]}}],"collection":[{"href":"https:\/\/www.brundisium.net\/index.php\/wp-json\/wp\/v2\/posts"}],"about":[{"href":"https:\/\/www.brundisium.net\/index.php\/wp-json\/wp\/v2\/types\/post"}],"author":[{"embeddable":true,"href":"https:\/\/www.brundisium.net\/index.php\/wp-json\/wp\/v2\/users\/2"}],"replies":[{"embeddable":true,"href":"https:\/\/www.brundisium.net\/index.php\/wp-json\/wp\/v2\/comments?post=201959"}],"version-history":[{"count":1,"href":"https:\/\/www.brundisium.net\/index.php\/wp-json\/wp\/v2\/posts\/201959\/revisions"}],"predecessor-version":[{"id":201962,"href":"https:\/\/www.brundisium.net\/index.php\/wp-json\/wp\/v2\/posts\/201959\/revisions\/201962"}],"wp:featuredmedia":[{"embeddable":true,"href":"https:\/\/www.brundisium.net\/index.php\/wp-json\/wp\/v2\/media\/201961"}],"wp:attachment":[{"href":"https:\/\/www.brundisium.net\/index.php\/wp-json\/wp\/v2\/media?parent=201959"}],"wp:term":[{"taxonomy":"category","embeddable":true,"href":"https:\/\/www.brundisium.net\/index.php\/wp-json\/wp\/v2\/categories?post=201959"},{"taxonomy":"post_tag","embeddable":true,"href":"https:\/\/www.brundisium.net\/index.php\/wp-json\/wp\/v2\/tags?post=201959"}],"curies":[{"name":"wp","href":"https:\/\/api.w.org\/{rel}","templated":true}]}}