{"id":202268,"date":"2022-06-09T16:09:09","date_gmt":"2022-06-09T14:09:09","guid":{"rendered":"https:\/\/www.brundisium.net\/?p=202268"},"modified":"2022-06-18T08:39:41","modified_gmt":"2022-06-18T06:39:41","slug":"tre-anni-senza-dario-di-marco-greco","status":"publish","type":"post","link":"https:\/\/www.brundisium.net\/index.php\/tre-anni-senza-dario-di-marco-greco\/","title":{"rendered":"Tre anni senza Dario. Di Marco Greco"},"content":{"rendered":"<p><img loading=\"lazy\" decoding=\"async\" class=\"alignleft size-full wp-image-202270\" src=\"https:\/\/www.brundisium.net\/brun\/wp-content\/uploads\/2022\/06\/Dario-2.jpg\" alt=\"\" width=\"206\" height=\"206\" srcset=\"https:\/\/www.brundisium.net\/brun\/wp-content\/uploads\/2022\/06\/Dario-2.jpg 206w, https:\/\/www.brundisium.net\/brun\/wp-content\/uploads\/2022\/06\/Dario-2-150x150.jpg 150w, https:\/\/www.brundisium.net\/brun\/wp-content\/uploads\/2022\/06\/Dario-2-60x60.jpg 60w\" sizes=\"auto, (max-width: 206px) 100vw, 206px\" \/> Caro Dario,<\/p>\n<p>sono passati quasi tre anni dalla tua ascesa in Cielo e molti dei tuoi vecchi amici continuano a sentire la tua mancanza. In tutto questo tempo abbiamo continuato a credere che l\u2019 arte e l\u2019 amicizia siano il miglior mezzo per vivere una vita luminosa e piena di speranza.<\/p>\n<p>La radio \u00e8 stata la nostra palestra di vita per continuare a sognare un futuro diverso, il coraggio di rimanere, amare e difendere il nostro territorio.<\/p>\n<p>Non tutto \u00e8 andato come volevamo. Molte cose sono cambiate nel corso degli anni, il tempo, a volte le opportunit\u00e0 e un po\u2019 di fortuna non sempre sono state dalla nostra parte.<\/p>\n<p>Il futuro \u00e8 rimasto stampato nella nostra testa, ma oggi, con un\u2019et\u00e0 importante e con tanti acciacchi, i tuoi amici, nonostante tutto, continuano ad avere ancora la giusta ambizione, manifesto del non arrendersi, dell\u2019orgoglio e di una nuova terra promessa: quella terra che hai sempre descritto bene nei tuoi racconti e nel bellissimo e sempre attuale libro \u201cSangue Brindisino\u201d.<\/p>\n<p>&nbsp;<\/p>\n<p><img loading=\"lazy\" decoding=\"async\" class=\"size-medium wp-image-202271 alignright\" src=\"https:\/\/www.brundisium.net\/brun\/wp-content\/uploads\/2022\/06\/Dario-3-268x300.jpg\" alt=\"\" width=\"268\" height=\"300\" srcset=\"https:\/\/www.brundisium.net\/brun\/wp-content\/uploads\/2022\/06\/Dario-3-268x300.jpg 268w, https:\/\/www.brundisium.net\/brun\/wp-content\/uploads\/2022\/06\/Dario-3-768x858.jpg 768w, https:\/\/www.brundisium.net\/brun\/wp-content\/uploads\/2022\/06\/Dario-3.jpg 859w\" sizes=\"auto, (max-width: 268px) 100vw, 268px\" \/>Oggi \u00e8 rimasto poco di quell\u2019arma tagliente fatta di ironia, tua fedele amica.<\/p>\n<p>La tua scrittura, sciolta e penetrante ci manca perch\u00e9 avrebbe migliorato e dato un senso diverso alla qualit\u00e0 dei tantissimi articoli e comunicati che oggi documentano l\u2019oscurit\u00e0 dello spettacolo on line. Sono convinto che finanche la satira e le tue trasmissioni radiofoniche si sarebbero rifiutate di commentare. Dicono che la nostra amata citt\u00e0 sia rimasta un posto triste e mediocre, ma non \u00e8 cos\u00ec.<\/p>\n<p>Continuano ad esistere piccole e grandi realt\u00e0 private e istituzionali che con coraggio e lontano dai riflettori e dagli immancabili detrattori seriali, continuano con discrezione a voler bene e a migliorare questo \u201cbenedetto posto\u201d in cui viviamo, attraverso la cittadinanza attiva, spesso affidabile e cordiale che allarga gli orizzonti.<\/p>\n<p>Forse \u00e8 un aspetto a cui non siamo molto abituati, considerato un certo tipo di atteggiamento, di costume e di mentalit\u00e0 retr\u00f2. Ma cerchiamo di resistere.<\/p>\n<p>I social a volte rappresentano un disastro, ma hanno avuto il vantaggio di aver messo in luce queste anomalie.<\/p>\n<p>&nbsp;<\/p>\n<p>Manca poco al giorno del tuo terzo anniversario, ci permettiamo di fermarci e di riflettere su quanto sei riuscito a trasmetterci attraverso la solidariet\u00e0, le parole scritte e quelle ascoltate dall\u2019etere con la voglia di dire le cose a modo tuo. E ti dir\u00f2, amico mio, rimangono di un\u2019attualit\u00e0 rara e degne di un\u2019eredit\u00e0 senza tempo.<\/p>\n<p>Perdona chi, per la seconda volta, ha tolto la targhetta arcobaleno posta sulla tua panchina di piazza Cairoli.<\/p>\n<p>Doneremo loro il tuo libro \u201cSangue brindisino\u201d, forse comprenderanno meglio il senso di certe azioni.<\/p>\n<p>&nbsp;<\/p>\n<p>In occasione del terzo anniversario della scomparsa, gli amici e la famiglia ricorderanno l\u2019indimenticato Dario Bresolin con una messa che sar\u00e0 celebrata venerdi 17 giugno alle 18.30 nella chiesa di San Vito Martire al rione Commenda a Brindisi.<\/p>\n<p>&nbsp;<\/p>\n<p><em><strong>MARCO GRECO<\/strong><\/em><\/p>\n","protected":false},"excerpt":{"rendered":"<p>Caro Dario, sono passati quasi tre anni dalla tua ascesa in Cielo e molti dei tuoi vecchi amici continuano a sentire la tua mancanza. In tutto questo tempo abbiamo continuato a credere che l\u2019 arte e l\u2019 amicizia siano il miglior mezzo per vivere una vita luminosa e piena di speranza. La radio \u00e8 stata la nostra palestra di vita per continuare a sognare un futuro diverso, il coraggio di rimanere, amare e difendere il nostro territorio. Non tutto \u00e8 andato come volevamo. Molte cose sono cambiate nel corso degli anni, il tempo, a volte le opportunit\u00e0 e un po\u2019 di fortuna non sempre sono state dalla nostra parte. Il futuro \u00e8 rimasto stampato nella nostra testa, ma oggi, con un\u2019et\u00e0 importante e con tanti acciacchi, i tuoi amici, nonostante tutto, continuano ad avere ancora la giusta ambizione, manifesto del non arrendersi, dell\u2019orgoglio e di una nuova terra promessa: quella terra che hai sempre descritto bene nei tuoi racconti e nel bellissimo e sempre attuale libro \u201cSangue Brindisino\u201d. &nbsp; Oggi&#8230;<\/p>\n","protected":false},"author":2,"featured_media":202269,"comment_status":"open","ping_status":"closed","sticky":false,"template":"","format":"standard","meta":{"footnotes":""},"categories":[9],"tags":[],"class_list":["post-202268","post","type-post","status-publish","format-standard","has-post-thumbnail","hentry","category-interventi"],"_links":{"self":[{"href":"https:\/\/www.brundisium.net\/index.php\/wp-json\/wp\/v2\/posts\/202268","targetHints":{"allow":["GET"]}}],"collection":[{"href":"https:\/\/www.brundisium.net\/index.php\/wp-json\/wp\/v2\/posts"}],"about":[{"href":"https:\/\/www.brundisium.net\/index.php\/wp-json\/wp\/v2\/types\/post"}],"author":[{"embeddable":true,"href":"https:\/\/www.brundisium.net\/index.php\/wp-json\/wp\/v2\/users\/2"}],"replies":[{"embeddable":true,"href":"https:\/\/www.brundisium.net\/index.php\/wp-json\/wp\/v2\/comments?post=202268"}],"version-history":[{"count":1,"href":"https:\/\/www.brundisium.net\/index.php\/wp-json\/wp\/v2\/posts\/202268\/revisions"}],"predecessor-version":[{"id":202272,"href":"https:\/\/www.brundisium.net\/index.php\/wp-json\/wp\/v2\/posts\/202268\/revisions\/202272"}],"wp:featuredmedia":[{"embeddable":true,"href":"https:\/\/www.brundisium.net\/index.php\/wp-json\/wp\/v2\/media\/202269"}],"wp:attachment":[{"href":"https:\/\/www.brundisium.net\/index.php\/wp-json\/wp\/v2\/media?parent=202268"}],"wp:term":[{"taxonomy":"category","embeddable":true,"href":"https:\/\/www.brundisium.net\/index.php\/wp-json\/wp\/v2\/categories?post=202268"},{"taxonomy":"post_tag","embeddable":true,"href":"https:\/\/www.brundisium.net\/index.php\/wp-json\/wp\/v2\/tags?post=202268"}],"curies":[{"name":"wp","href":"https:\/\/api.w.org\/{rel}","templated":true}]}}