{"id":202567,"date":"2022-06-16T19:34:12","date_gmt":"2022-06-16T17:34:12","guid":{"rendered":"https:\/\/www.brundisium.net\/?p=202567"},"modified":"2022-06-19T19:54:35","modified_gmt":"2022-06-19T17:54:35","slug":"emiliano-sindaco-di-puglia-claudio-santoro-nominato-coordinatore-provinciale","status":"publish","type":"post","link":"https:\/\/www.brundisium.net\/index.php\/emiliano-sindaco-di-puglia-claudio-santoro-nominato-coordinatore-provinciale\/","title":{"rendered":"Emiliano Sindaco di Puglia: Claudio Santoro nominato coordinatore provinciale"},"content":{"rendered":"<p>Riparte ufficialmente da Ostuni il movimento \u201cEmiliano sindaco di Puglia\u201d espressione diretta dell\u2019attuale presidente della Regione. Nei giorni scorsi nell\u2019hotel Montesarago la presentazione del coordinamento per la lista civica vicina al governatore.<\/p>\n<p>Emiliano, annunciato in presenza alla vigilia dell\u2019incontro, ha effettuato un collegamento via Skype per salutare gli intervenuti alla convention che si \u00e8 tenuta nella Citt\u00e0 Bianca. Ad Ostuni invece il suo consigliere politico, Giovanni Procacci gi\u00e0 senatore, che ha confermato la nomina di Claudio Santoro come coordinatore provinciale della stessa lista civica.<\/p>\n<p>&nbsp;<\/p>\n<p>\u00abIn vista delle prossime competizioni elettorali noi stiamo cercando di consentire a tutti i movimenti civici che intendono strutturarsi in maniera organizzata, secondo regole precise con rappresentanze nei comuni, raccordandosi con le altre liste civiche che governano la regione Puglia. Come avete visto in questi giorni hanno colto l\u2019ennesima grande vittoria elettorale praticamente ovunque in Puglia. E non posso che apprezzare lo sforzo che stanno facendo Tommaso Gioia, Claudio Santoro e Giovanni Procacci\u00bb.<\/p>\n<p>Cos\u00ec nel collegamento il governatore Michele Emiliano che ha confermato la necessit\u00e0 di rilanciare questa singola lista anche per le scadenze elettorali che da qui a qualche mese interesseranno non solo la provincia di Brindisi (nel capoluogo tra un anno si voter\u00e0 per scegliere il nuovo sindaco), ma anche a livello nazionale con le politiche. Valutazioni e schemi gi\u00e0 nell\u2019agenda del governatore, che punta ad allargare il fronte della rete delle civiche, muovendosi in ogni singolo territorio.<\/p>\n<p>Un lavoro che da qui a qualche settimana e mese interesser\u00e0 la provincia di Brindisi per poi aprirsi al resto della Puglia. Ieri, seppur a titolo personale senza al momento adesione ad \u201cEmiliano sindaco di Puglia\u201d, in platea si sono visti anche diversi amministratori della provincia di Brindisi, che gravitano da tempo nel centrosinistra.<\/p>\n<p>Presenti tra gli altri rappresentanti del Pd deli vari circoli provinciali, come Antonella Vincenti, ma anche gli ostunesi Fabio Giorgino e Angelo Pomes. Al Montesarago anche l\u2019ex sindaco della Citt\u00e0 Bianca Domenico Tanzarella con il figlio Giuseppe, gi\u00e0 consigliere comunale. Anche la loro era solo una presenza relativa ad una vicinanza al centrosinistra pugliese e non al momento a questo movimento civico. Ieri in platea, ad Ostuni il primo cittadino di Latiano Mino Maiorano.<\/p>\n<p>Per la citt\u00e0 di Brindisi non \u00e8 esclusa l\u2019adesione dell\u2019assessore Mauro Masiello e del consigliere comunale Anna Maria Calabrese: il senatore Procacci ha confermato un rapporto di stima professionale e politica con loro che potrebbe essere approfondito.<\/p>\n<p>La ripartenza in provincia di Brindisi al momento vedr\u00e0 nel coordinamento Piero Iaia, gi\u00e0 vicepresidente del consiglio comunale a San Vito dei Normanni, Claudio Santoro e Giuseppe Sgura di Ostuni con un passato in Sel ed in movimento Civici della Citt\u00e0 Bianca, Antonio Zizzi di Fasano gi\u00e0 segretario locale di Sel, Antonio Micelli per Oria ex consigliere comunale di maggioranza.<\/p>\n<p>Anche la presenza di un convegno medico nella stessa serata ha comunque richiamato vecchi e nuovi rappresentanti istituzionali del territorio, ma anche operatori sanitari della provincia di Brindisi.<\/p>\n","protected":false},"excerpt":{"rendered":"<p>Riparte ufficialmente da Ostuni il movimento \u201cEmiliano sindaco di Puglia\u201d espressione diretta dell\u2019attuale presidente della Regione. Nei giorni scorsi nell\u2019hotel Montesarago la presentazione del coordinamento per la lista civica vicina al governatore. Emiliano, annunciato in presenza alla vigilia dell\u2019incontro, ha effettuato un collegamento via Skype per salutare gli intervenuti alla convention che si \u00e8 tenuta nella Citt\u00e0 Bianca. Ad Ostuni invece il suo consigliere politico, Giovanni Procacci gi\u00e0 senatore, che ha confermato la nomina di Claudio Santoro come coordinatore provinciale della stessa lista civica. &nbsp; \u00abIn vista delle prossime competizioni elettorali noi stiamo cercando di consentire a tutti i movimenti civici che intendono strutturarsi in maniera organizzata, secondo regole precise con rappresentanze nei comuni, raccordandosi con le altre liste civiche che governano la regione Puglia. Come avete visto in questi giorni hanno colto l\u2019ennesima grande vittoria elettorale praticamente ovunque in Puglia. E non posso che apprezzare lo sforzo che stanno facendo Tommaso Gioia, Claudio Santoro e Giovanni Procacci\u00bb. Cos\u00ec nel collegamento il governatore Michele Emiliano che ha confermato la necessit\u00e0&#8230;<\/p>\n","protected":false},"author":2,"featured_media":202572,"comment_status":"open","ping_status":"closed","sticky":false,"template":"","format":"standard","meta":{"footnotes":""},"categories":[7],"tags":[],"class_list":["post-202567","post","type-post","status-publish","format-standard","has-post-thumbnail","hentry","category-news"],"_links":{"self":[{"href":"https:\/\/www.brundisium.net\/index.php\/wp-json\/wp\/v2\/posts\/202567","targetHints":{"allow":["GET"]}}],"collection":[{"href":"https:\/\/www.brundisium.net\/index.php\/wp-json\/wp\/v2\/posts"}],"about":[{"href":"https:\/\/www.brundisium.net\/index.php\/wp-json\/wp\/v2\/types\/post"}],"author":[{"embeddable":true,"href":"https:\/\/www.brundisium.net\/index.php\/wp-json\/wp\/v2\/users\/2"}],"replies":[{"embeddable":true,"href":"https:\/\/www.brundisium.net\/index.php\/wp-json\/wp\/v2\/comments?post=202567"}],"version-history":[{"count":1,"href":"https:\/\/www.brundisium.net\/index.php\/wp-json\/wp\/v2\/posts\/202567\/revisions"}],"predecessor-version":[{"id":202573,"href":"https:\/\/www.brundisium.net\/index.php\/wp-json\/wp\/v2\/posts\/202567\/revisions\/202573"}],"wp:featuredmedia":[{"embeddable":true,"href":"https:\/\/www.brundisium.net\/index.php\/wp-json\/wp\/v2\/media\/202572"}],"wp:attachment":[{"href":"https:\/\/www.brundisium.net\/index.php\/wp-json\/wp\/v2\/media?parent=202567"}],"wp:term":[{"taxonomy":"category","embeddable":true,"href":"https:\/\/www.brundisium.net\/index.php\/wp-json\/wp\/v2\/categories?post=202567"},{"taxonomy":"post_tag","embeddable":true,"href":"https:\/\/www.brundisium.net\/index.php\/wp-json\/wp\/v2\/tags?post=202567"}],"curies":[{"name":"wp","href":"https:\/\/api.w.org\/{rel}","templated":true}]}}