{"id":202658,"date":"2022-06-22T14:02:28","date_gmt":"2022-06-22T12:02:28","guid":{"rendered":"https:\/\/www.brundisium.net\/?p=202658"},"modified":"2022-06-22T14:02:28","modified_gmt":"2022-06-22T12:02:28","slug":"aresta-aderisce-a-insieme-per-il-futuro-una-scelta-dolorosa-non-contro-il-m5s-ma-per-il-paese","status":"publish","type":"post","link":"https:\/\/www.brundisium.net\/index.php\/aresta-aderisce-a-insieme-per-il-futuro-una-scelta-dolorosa-non-contro-il-m5s-ma-per-il-paese\/","title":{"rendered":"Aresta aderisce a &#8220;Insieme per il futuro&#8221;: una scelta dolorosa non contro il M5S ma per il Paese&#8221;"},"content":{"rendered":"<p>Il deputato Giovanni Luca Aresta ha rilasciato la seguente dichiarazione:<\/p>\n<p>\u201cSi \u00e8 trattato di una scelta meditata anche se molto dolorosa, ma in questo M5S faticavo ogni giorno a riconoscermi. Aderisco al gruppo Insieme per il Futuro consapevole che non sar\u00e0 facile ricostruire l\u2019entusiasmo tra i cittadini ma non possiamo rinunciare ad essere protagonisti del cambiamento della nostra societ\u00e0. Luigi Di Maio ha indicato con pragmatismo e con seriet\u00e0 le linee guida con cui ci apprestiamo ad affrontare questa nuova avventura politica: per una Italia fortemente ancorata alla sua appartenenza atlantista ed europeista, fedele ai valori della Costituzione e con la necessit\u00e0 di anteporre il bene del Paese a quello di partito. Dopo anni di crisi pandemica e con la guerra che \u00e8 tornata con le sue tragedie sul suolo del nostro Continente, non possiamo permetterci di far girare al contrario la ruota della storia. Non \u00e8 una scelta che faccio contro il M5S nel quale lascio amici e compagni di viaggio e con i quali continuer\u00f2 a collaborare sui problemi concreti delle persone anche in futuro. \u00c8 una scelta che faccio a favore del Paese e per garantire quella stabilit\u00e0 di governo che \u00e8 necessaria per iniziare a rispondere alla richiesta di aiuto di chi sta in basso nella scala sociale e per rilanciare il nostro sistema produttivo. Credo che sia necessario proseguire la nostra idea aperta ed innovativa della politica, rompendo gli steccati ideologici e facendo sinergia con i territori a partire dai sindaci. \u00c8 un lavoro che ho cominciato da quando ho avuto l\u2019onore di essere eletto nel collegio uninominale di Francavilla Fontana e che ora intendo portare avanti con maggiore spirito unitario e con una visione politica includente. <\/p>\n<p>Sono a disposizione dei cittadini per fare insieme questo cammino verso il futuro.\u201d<\/p>\n","protected":false},"excerpt":{"rendered":"<p>Il deputato Giovanni Luca Aresta ha rilasciato la seguente dichiarazione: \u201cSi \u00e8 trattato di una scelta meditata anche se molto dolorosa, ma in questo M5S faticavo ogni giorno a riconoscermi. Aderisco al gruppo Insieme per il Futuro consapevole che non sar\u00e0 facile ricostruire l\u2019entusiasmo tra i cittadini ma non possiamo rinunciare ad essere protagonisti del cambiamento della nostra societ\u00e0. Luigi Di Maio ha indicato con pragmatismo e con seriet\u00e0 le linee guida con cui ci apprestiamo ad affrontare questa nuova avventura politica: per una Italia fortemente ancorata alla sua appartenenza atlantista ed europeista, fedele ai valori della Costituzione e con la necessit\u00e0 di anteporre il bene del Paese a quello di partito. Dopo anni di crisi pandemica e con la guerra che \u00e8 tornata con le sue tragedie sul suolo del nostro Continente, non possiamo permetterci di far girare al contrario la ruota della storia. Non \u00e8 una scelta che faccio contro il M5S nel quale lascio amici e compagni di viaggio e con i quali continuer\u00f2 a collaborare sui&#8230;<\/p>\n","protected":false},"author":2,"featured_media":180261,"comment_status":"open","ping_status":"closed","sticky":false,"template":"","format":"standard","meta":{"footnotes":""},"categories":[7],"tags":[],"class_list":["post-202658","post","type-post","status-publish","format-standard","has-post-thumbnail","hentry","category-news"],"_links":{"self":[{"href":"https:\/\/www.brundisium.net\/index.php\/wp-json\/wp\/v2\/posts\/202658","targetHints":{"allow":["GET"]}}],"collection":[{"href":"https:\/\/www.brundisium.net\/index.php\/wp-json\/wp\/v2\/posts"}],"about":[{"href":"https:\/\/www.brundisium.net\/index.php\/wp-json\/wp\/v2\/types\/post"}],"author":[{"embeddable":true,"href":"https:\/\/www.brundisium.net\/index.php\/wp-json\/wp\/v2\/users\/2"}],"replies":[{"embeddable":true,"href":"https:\/\/www.brundisium.net\/index.php\/wp-json\/wp\/v2\/comments?post=202658"}],"version-history":[{"count":1,"href":"https:\/\/www.brundisium.net\/index.php\/wp-json\/wp\/v2\/posts\/202658\/revisions"}],"predecessor-version":[{"id":202659,"href":"https:\/\/www.brundisium.net\/index.php\/wp-json\/wp\/v2\/posts\/202658\/revisions\/202659"}],"wp:featuredmedia":[{"embeddable":true,"href":"https:\/\/www.brundisium.net\/index.php\/wp-json\/wp\/v2\/media\/180261"}],"wp:attachment":[{"href":"https:\/\/www.brundisium.net\/index.php\/wp-json\/wp\/v2\/media?parent=202658"}],"wp:term":[{"taxonomy":"category","embeddable":true,"href":"https:\/\/www.brundisium.net\/index.php\/wp-json\/wp\/v2\/categories?post=202658"},{"taxonomy":"post_tag","embeddable":true,"href":"https:\/\/www.brundisium.net\/index.php\/wp-json\/wp\/v2\/tags?post=202658"}],"curies":[{"name":"wp","href":"https:\/\/api.w.org\/{rel}","templated":true}]}}