{"id":202678,"date":"2022-06-22T12:54:12","date_gmt":"2022-06-22T10:54:12","guid":{"rendered":"https:\/\/www.brundisium.net\/?p=202678"},"modified":"2022-06-22T15:10:24","modified_gmt":"2022-06-22T13:10:24","slug":"semintensiva-respiratoria-solo-due-posti-letto-per-400mila-abitanti-oliva-pazienti-costretti-a-migrare-in-altre-province","status":"publish","type":"post","link":"https:\/\/www.brundisium.net\/index.php\/semintensiva-respiratoria-solo-due-posti-letto-per-400mila-abitanti-oliva-pazienti-costretti-a-migrare-in-altre-province\/","title":{"rendered":"Semintensiva respiratoria, solo due posti letto per 400mila abitanti, Oliva: \u201cPazienti costretti a migrare in altre province\u201d"},"content":{"rendered":"<p>Semintensiva respiratoria, solo due posti letto per 400mila abitanti, l\u2019Ordine dei Medici Chirurghi e degli Odontoiatri della Provincia di Brindisi : \u201cI casi Covid aumentano, pazienti con problemi alle coronarie rischiano il trasferimento\u201d. E\u2019 attesa per la fine del mese di luglio il nuovo picco del virus, ma nel frattempo la Asl di Brindisi ha riaperto i reparti no Covid e ripreso le attivit\u00e0 ordinarie. \u201cEsiste il serio rischio che non si riesca a garantire l\u2019assistenza ai pazienti con insufficienza respiratoria- dice Arturo Oliva, presidente dell\u2019Ordine dei Medici Chirurghi e degli Odontoiatri della Provincia di Brindisi- questo \u00e8 determinato dal fatto che la Semintensiva respiratoria dispone di soli due posti per una intera provincia, che qualora dovessero occuparsi la degenza media non \u00e8 mai inferiore ai venti giorni. Se poi gli stessi due pazienti dovessero anche essere di sesso diverso, un uomo ed una donna, non potremmo neppure accoglierli nella stessa stanza. Risultato: saremmo costretti a farli migrare in altre strutture come Lecce e Bari. E\u2019 una situazione assurda\u201d.<br \/>\nLa Terapia Semintensiva, inserita nel reparto di degenza, \u00e8 determinante per i pazienti  con insufficienza respiratoria per i quali \u00e8 prevista la ventilazione meccanica non invasiva, in pratica si  tratta di una unit\u00e0 intermedia tra la degenza ordinaria e il trattamento intensivo. \u201cConsiderando che la compromissione dell&#8217;apparato respiratorio \u00e8 la complicanza pi\u00f9 temibile del Covid, i due soli posti disponibili  sono assolutamente  sottodimensionati rispetto alle necessit\u00e0- aggiunge il presidente Oliva- Inoltre non sono stati attivati neppure i posti per il monitoraggio dei pazienti Covid positivi trattati in emodinamica cardiologica che ovviamente devono essere isolati e assistiti in ambiente dedicato\u201d.<br \/>\nA tutto questo poi, come se non bastasse, si aggiunge anche il fatto che  il Reparto di Rianimazione Covid \u00e8 chiuso da mesi oramai. \u201cIl Reparto \u00e8 stato chiuso un po\u2019 per la flessione dei casi- conclude Oliva- ma anche perch\u00e9 l\u2019impianto di condizionamento non funzionante non \u00e8 mai stato riparato. Allo stato attuale gli stessi medici rianimatori sono in difficolt\u00e0 e rischiano di esserlo ancora maggiormente se la curva di contagio continua a salire, cos\u00ec come sta accadendo. Sembra che il Covid sia stato cancellato per Decreto ma cos\u00ec non \u00e8, lo dicono i dati. Davanti ad una mancanza di visione globale non posso che dissentire, non \u00e8 questo un modello di gestione che pu\u00f2 funzionare. Il diritto all\u2019assistenza e alla salute va garantito\u201d.<\/p>\n<p>Ufficio Stampa<br \/>\nOrdine dei Medici Chirurghi e Odontoiatri<br \/>\nProvincia di Brindisi<\/p>\n<p>Brindisi, 21 Giugno 2022<\/p>\n","protected":false},"excerpt":{"rendered":"<p>Semintensiva respiratoria, solo due posti letto per 400mila abitanti, l\u2019Ordine dei Medici Chirurghi e degli Odontoiatri della Provincia di Brindisi : \u201cI casi Covid aumentano, pazienti con problemi alle coronarie rischiano il trasferimento\u201d. E\u2019 attesa per la fine del mese di luglio il nuovo picco del virus, ma nel frattempo la Asl di Brindisi ha riaperto i reparti no Covid e ripreso le attivit\u00e0 ordinarie. \u201cEsiste il serio rischio che non si riesca a garantire l\u2019assistenza ai pazienti con insufficienza respiratoria- dice Arturo Oliva, presidente dell\u2019Ordine dei Medici Chirurghi e degli Odontoiatri della Provincia di Brindisi- questo \u00e8 determinato dal fatto che la Semintensiva respiratoria dispone di soli due posti per una intera provincia, che qualora dovessero occuparsi la degenza media non \u00e8 mai inferiore ai venti giorni. Se poi gli stessi due pazienti dovessero anche essere di sesso diverso, un uomo ed una donna, non potremmo neppure accoglierli nella stessa stanza. Risultato: saremmo costretti a farli migrare in altre strutture come Lecce e Bari. E\u2019 una situazione assurda\u201d. La&#8230;<\/p>\n","protected":false},"author":2,"featured_media":42896,"comment_status":"open","ping_status":"closed","sticky":false,"template":"","format":"standard","meta":{"footnotes":""},"categories":[7],"tags":[],"class_list":["post-202678","post","type-post","status-publish","format-standard","has-post-thumbnail","hentry","category-news"],"_links":{"self":[{"href":"https:\/\/www.brundisium.net\/index.php\/wp-json\/wp\/v2\/posts\/202678","targetHints":{"allow":["GET"]}}],"collection":[{"href":"https:\/\/www.brundisium.net\/index.php\/wp-json\/wp\/v2\/posts"}],"about":[{"href":"https:\/\/www.brundisium.net\/index.php\/wp-json\/wp\/v2\/types\/post"}],"author":[{"embeddable":true,"href":"https:\/\/www.brundisium.net\/index.php\/wp-json\/wp\/v2\/users\/2"}],"replies":[{"embeddable":true,"href":"https:\/\/www.brundisium.net\/index.php\/wp-json\/wp\/v2\/comments?post=202678"}],"version-history":[{"count":1,"href":"https:\/\/www.brundisium.net\/index.php\/wp-json\/wp\/v2\/posts\/202678\/revisions"}],"predecessor-version":[{"id":202685,"href":"https:\/\/www.brundisium.net\/index.php\/wp-json\/wp\/v2\/posts\/202678\/revisions\/202685"}],"wp:featuredmedia":[{"embeddable":true,"href":"https:\/\/www.brundisium.net\/index.php\/wp-json\/wp\/v2\/media\/42896"}],"wp:attachment":[{"href":"https:\/\/www.brundisium.net\/index.php\/wp-json\/wp\/v2\/media?parent=202678"}],"wp:term":[{"taxonomy":"category","embeddable":true,"href":"https:\/\/www.brundisium.net\/index.php\/wp-json\/wp\/v2\/categories?post=202678"},{"taxonomy":"post_tag","embeddable":true,"href":"https:\/\/www.brundisium.net\/index.php\/wp-json\/wp\/v2\/tags?post=202678"}],"curies":[{"name":"wp","href":"https:\/\/api.w.org\/{rel}","templated":true}]}}