{"id":202755,"date":"2022-06-24T18:06:18","date_gmt":"2022-06-24T16:06:18","guid":{"rendered":"https:\/\/www.brundisium.net\/?p=202755"},"modified":"2022-06-24T18:06:18","modified_gmt":"2022-06-24T16:06:18","slug":"la-cultura-non-va-in-vacanza-gli-appuntamenti-di-luglio-presso-forte-a-mare","status":"publish","type":"post","link":"https:\/\/www.brundisium.net\/index.php\/la-cultura-non-va-in-vacanza-gli-appuntamenti-di-luglio-presso-forte-a-mare\/","title":{"rendered":"La Cultura non va in vacanza: gli appuntamenti di Luglio presso Forte a mare"},"content":{"rendered":"<p>Il Forte a Mare apre le porte a un mese ricco di appuntamenti.<br \/>\nNell\u2019ambito del progetto di valorizzazione del Forte, in collaborazione con la Soprintendenza Archeologia Belle Arti e Paesaggio Brindisi Lecce diretto dall\u2019arch. Francesca Riccio, tornano le visite tematiche proposte dalla Associazione Le Colonne.<\/p>\n<p>Si parte Venerd\u00ec 1 luglio, alle ore 19, con l\u2019iniziativa dal titolo \u201cLa Isla Fortalera: il castello degli spagnoli\u201d, una visita guidata alla scoperta del Castello Alfonsino e del Forte a Mare attraverso le storie di re e castellani che hanno contribuito alla realizzazione e affermazione della struttura durante<br \/>\nla lunga dominazione spagnola.<\/p>\n<p>Sabato 2 Luglio, ore 18, sar\u00e0 la volta di \u201cIl sistema difensivo della citt\u00e0 di Brindisi\u201d un approfondimento sull&#8217;evoluzione del sistema difensivo della citt\u00e0, in epoca messapica, romana, normanno-sveva, aragonese, soffermandosi principalmente sul ruolo difensivo del Castello e del Forte.<\/p>\n<p>Sabato 16 luglio, ore 18, invece, si terr\u00e0 la visita guidata tematica dal titolo \u201cOcchio all\u2019Araldica\u201d. Un approfondimento dedicato agli stemmi presenti nella rocca e nel Forte.<\/p>\n<p>Venerd\u00ec 22, ore 19, \u201cSant\u2019 Andrea e le altre isole Pedagne\u201d. Un approfondimento sulla storia dell&#8217;isola su cui sorge il Forte a Mare e delle altre isole che formano l&#8217;arcipelago detto \u201cdelle Pedagne\u201d. Si partir\u00e0 con la storia dell&#8217;Isola nei tempi precedenti all&#8217;edificazione del Castello e del Forte, dopodich\u00e9 lungo i camminamenti di ronda, approfittando della posizione favorevole, ci si soffermer\u00e0 sulla descrizione delle altre isole: Pedagna Grande, Giorgio Treviso, La Chiesa, Traversa, Monacello.<\/p>\n<p>Sabato 23, ore 18, toccher\u00e0 a \u201cI Castelli di Puglia\u201d. Attraverso l\u2019ausilio di tablet e schede illustrative si argomenter\u00e0 delle differenze e analogie tra i pi\u00f9 importanti castelli di Puglia, tra i quali: il Castello Carlo V di Lecce, il Castello Alfonsino assieme al Castello Svevo di Brindisi, Castel del Monte, il<br \/>\nCastello di Taranto, il Castello di Otranto e il Castello Dentice di Frasso di Carovigno.<\/p>\n<p>Venerd\u00ec 29, ore 19.00, \u201cCarlo V nel Castello Alfonsino\u201d. Un approfondimento incentrato sulle vicende intercorse nel Regno di Napoli nel corso dei 40 anni di trono di Carlo d&#8217;Asburgo tra le quali: il rafforzamento delle strutture difensive della citt\u00e0 volute dal sovrano, la difficoltosa gestione dell&#8217;epidemia di peste, l&#8217;assedio da parte dei veneziani, l&#8217;arrivo in citt\u00e0 dei Coronei, l&#8217;espulsione degli ebrei e la lotta contro i Turchi.<\/p>\n<p>Sabato 30 luglio, ore 18. Ultima, ma non meno importante, visita tematica \u201cIl ritorno del colonnello Pigonati\u201d ripercorriamo le fasi della riapertura del porto di Brindisi avvenuta tra 1776-80 con osservazioni sulla citt\u00e0 di Brindisi, i suoi monumenti e gli abitanti.<\/p>\n<p>Info e prenotazione obbligatoria al numero 379.2653244 o all\u2019indirizzo<br \/>\nsegreterialecolonne@gmail.com<br \/>\nRiferimenti social<br \/>\nFacebook: Forte a Mare<br \/>\nInstagram: forte_a_mare<\/p>\n","protected":false},"excerpt":{"rendered":"<p>Il Forte a Mare apre le porte a un mese ricco di appuntamenti. Nell\u2019ambito del progetto di valorizzazione del Forte, in collaborazione con la Soprintendenza Archeologia Belle Arti e Paesaggio Brindisi Lecce diretto dall\u2019arch. Francesca Riccio, tornano le visite tematiche proposte dalla Associazione Le Colonne. Si parte Venerd\u00ec 1 luglio, alle ore 19, con l\u2019iniziativa dal titolo \u201cLa Isla Fortalera: il castello degli spagnoli\u201d, una visita guidata alla scoperta del Castello Alfonsino e del Forte a Mare attraverso le storie di re e castellani che hanno contribuito alla realizzazione e affermazione della struttura durante la lunga dominazione spagnola. Sabato 2 Luglio, ore 18, sar\u00e0 la volta di \u201cIl sistema difensivo della citt\u00e0 di Brindisi\u201d un approfondimento sull&#8217;evoluzione del sistema difensivo della citt\u00e0, in epoca messapica, romana, normanno-sveva, aragonese, soffermandosi principalmente sul ruolo difensivo del Castello e del Forte. Sabato 16 luglio, ore 18, invece, si terr\u00e0 la visita guidata tematica dal titolo \u201cOcchio all\u2019Araldica\u201d. Un approfondimento dedicato agli stemmi presenti nella rocca e nel Forte. Venerd\u00ec 22, ore 19, \u201cSant\u2019&#8230;<\/p>\n","protected":false},"author":2,"featured_media":202757,"comment_status":"open","ping_status":"closed","sticky":false,"template":"","format":"standard","meta":{"footnotes":""},"categories":[198,7],"tags":[],"class_list":["post-202755","post","type-post","status-publish","format-standard","has-post-thumbnail","hentry","category-cultura-2","category-news"],"_links":{"self":[{"href":"https:\/\/www.brundisium.net\/index.php\/wp-json\/wp\/v2\/posts\/202755","targetHints":{"allow":["GET"]}}],"collection":[{"href":"https:\/\/www.brundisium.net\/index.php\/wp-json\/wp\/v2\/posts"}],"about":[{"href":"https:\/\/www.brundisium.net\/index.php\/wp-json\/wp\/v2\/types\/post"}],"author":[{"embeddable":true,"href":"https:\/\/www.brundisium.net\/index.php\/wp-json\/wp\/v2\/users\/2"}],"replies":[{"embeddable":true,"href":"https:\/\/www.brundisium.net\/index.php\/wp-json\/wp\/v2\/comments?post=202755"}],"version-history":[{"count":1,"href":"https:\/\/www.brundisium.net\/index.php\/wp-json\/wp\/v2\/posts\/202755\/revisions"}],"predecessor-version":[{"id":202758,"href":"https:\/\/www.brundisium.net\/index.php\/wp-json\/wp\/v2\/posts\/202755\/revisions\/202758"}],"wp:featuredmedia":[{"embeddable":true,"href":"https:\/\/www.brundisium.net\/index.php\/wp-json\/wp\/v2\/media\/202757"}],"wp:attachment":[{"href":"https:\/\/www.brundisium.net\/index.php\/wp-json\/wp\/v2\/media?parent=202755"}],"wp:term":[{"taxonomy":"category","embeddable":true,"href":"https:\/\/www.brundisium.net\/index.php\/wp-json\/wp\/v2\/categories?post=202755"},{"taxonomy":"post_tag","embeddable":true,"href":"https:\/\/www.brundisium.net\/index.php\/wp-json\/wp\/v2\/tags?post=202755"}],"curies":[{"name":"wp","href":"https:\/\/api.w.org\/{rel}","templated":true}]}}