{"id":203028,"date":"2022-07-04T14:30:55","date_gmt":"2022-07-04T12:30:55","guid":{"rendered":"https:\/\/www.brundisium.net\/?p=203028"},"modified":"2022-07-06T13:47:28","modified_gmt":"2022-07-06T11:47:28","slug":"unemozione-chiamata-libro-martedi-5-carola-carulli-presenta-tutto-il-bene-tutto-il-male-presente-pamela-spinelli","status":"publish","type":"post","link":"https:\/\/www.brundisium.net\/index.php\/unemozione-chiamata-libro-martedi-5-carola-carulli-presenta-tutto-il-bene-tutto-il-male-presente-pamela-spinelli\/","title":{"rendered":"Un\u2019emozione chiamata libro: marted\u00ec 5 Carola Carulli presenta &#8220;Tutto il bene, tutto il male&#8221;. Presente Pamela Spinelli"},"content":{"rendered":"<p><em>Carola Carulli, dal TG2 alla 26esima edizione di \u201cUn\u2019emozione chiamata libro\u201d con il suo primo romanzo \u201cTutto il bene, tutto il male\u201d<\/em><br \/>\n<em>L\u2019evento organizzato dall\u2019associazione culturale \u201cUna valle di Libri\u201d in collaborazione con il Comune di Ostuni.<\/em><\/p>\n<p>&nbsp;<\/p>\n<p>Secondo appuntamento con la rassegna \u201cUn\u2019emozione Chiamata Libro\u201d, ospite la giornalista della redazione cultura e spettacolo del TG2 Carola Carulli, che presenter\u00e0 il suo primo romanzo dal titolo \u201cTutto il bene, tutto il male\u201d edito da Salani. A dialogare con l\u2019autrice la giornalista di Telenorba Pamela Spinelli. La 26esima edizione della rassegna letteraria, \u00e8 organizzata dall\u2019Associazione culturale \u201cUna valle di libri\u201d con il supporto del Comune di Ostuni \u2013 Settore Cultura.<\/p>\n<p>&nbsp;<\/p>\n<p>Dopo anni di attesa e di ascolto Carola Carulli, ha trovato la sua forma definitiva per \u201craccontare il coraggio della paura, il coraggio che si deve avere nel ricercare una qualche forma di felicit\u00e0\u201d.<\/p>\n<p>&nbsp;<\/p>\n<p>&#8220;Ho sempre amato le ombre &#8211; sottolinea la Carulli &#8211; Quelle allungate dei bambini che sembrano giganti, quelle sui muri delle stanze che sanno farsi forme strane e indefinibili. Ho sempre cercato nelle ombre delle persone la luce, seppure sfocata, perch\u00e9 senza quella le ombre non esisterebbero. Ed \u00e8 cos\u00ec che ho trovato i personaggi del mio libro. Alma, la protagonista, mi ha trovato qualche anno fa, ma non avevo ancora acceso la luce per guardarla. Non avevo il coraggio, non avevo il tempo, quel tempo che ci raccontiamo manchi sempre. Poi per\u00f2 il tempo \u00e8 arrivato immobile ed \u00e8 allora che la protagonista del mio romanzo ha deciso di uscire dal buio. Il lockdown mi ha messo davanti il suo volto che ho cominciato ad immaginare, i suoi occhi dal colore diverso mi hanno intrappolato insieme ai suoi amici&#8221;.<\/p>\n<p>&nbsp;<\/p>\n<p>Carola Carulli, giornalista Rai, si occupa di cultura in tv da molti anni. \u00c8 conduttrice del Tg2, e cura le rubriche \u201cAchab\u201d e \u201cTg2 Weekend\u201d dedicate alla lettura. Segue come inviata i pi\u00f9 grandi eventi musicali, letterari e cinematografici. Ed \u00e8 autrice di diversi documentari.<\/p>\n<p>&nbsp;<\/p>\n<p>Tutto il bene, tutto il male (Salani, collana \u201cLe Stanze\u201d) \u00e8 il suo romanzo d\u2019esordio, una storia sull\u2019ambivalenza dei legami familiari, sulla maternit\u00e0 e sulla capacit\u00e0 delle donne di ferirsi e di aiutarsi l\u2019un l\u2019altra. Il libro racconta infatti la storia di Sveva, che nella casa dei suoi genitori non \u00e8 mai stata felice. Sarah, sua madre, ha puntato tutto sulla bellezza e sulla conquista di un ruolo in societ\u00e0, per osservare il mondo da una posizione comoda. Ma a Sveva non importa dei bei vestiti o delle scuole esclusive, n\u00e9 di cercare un uomo perbene e un matrimonio sicuro. Per questo, ogni volta che pu\u00f2 scappa da sua zia Alma, la mamma che avrebbe voluto, la stramba con gli occhi di colori diversi, l\u2019irregolare di famiglia, la ribelle a cui non va mai bene niente. In lei ha trovato un\u2019amica e una complice, qualcuno da cui imparare il senso dell\u2019amore, l\u2019indipendenza e \u2013 perch\u00e9 no? \u2013 anche gli sbagli. Se la disobbedienza \u00e8 un tratto ereditario, Sveva \u00e8 certa di averla ricevuta da lei e dalla bisnonna, che aveva poteri da sensitiva e che da molto lontano continua a vegliare su di loro.<\/p>\n<p>&nbsp;<\/p>\n<p>Quando Alma rimane incinta di Tommaso, creatura solitaria che appartiene unicamente al mare, il fragile e complicato equilibrio familiare rischia di rompersi. Per tutti loro arriva il momento di rimettere ordine dentro s\u00e9 stessi o, forse, di accettare che la vita \u00e8 destinata a restare eternamente inesatta e che le persone pi\u00f9 importanti sono quelle che ti piovono addosso senza preavviso\u2026<\/p>\n<p>&nbsp;<\/p>\n<p>La presentazione si volger\u00e0 come di consueto nel chiostro di Palazzo San Francesco in piazza della Libert\u00e0 ad Ostuni, l\u2019inizio come sempre \u00e8 previsto per le ore 21.00. Prossimi appuntamenti con la rassegna \u201cUn\u2019emozione chiamata libro\u201d, mercoled\u00ec 6 luglio 2022, con il giornalista del Corriere della Sera Giovanni Bianconi, tema della serata la strage di via D\u2019Amelio.<\/p>\n","protected":false},"excerpt":{"rendered":"<p>Carola Carulli, dal TG2 alla 26esima edizione di \u201cUn\u2019emozione chiamata libro\u201d con il suo primo romanzo \u201cTutto il bene, tutto il male\u201d L\u2019evento organizzato dall\u2019associazione culturale \u201cUna valle di Libri\u201d in collaborazione con il Comune di Ostuni. &nbsp; Secondo appuntamento con la rassegna \u201cUn\u2019emozione Chiamata Libro\u201d, ospite la giornalista della redazione cultura e spettacolo del TG2 Carola Carulli, che presenter\u00e0 il suo primo romanzo dal titolo \u201cTutto il bene, tutto il male\u201d edito da Salani. A dialogare con l\u2019autrice la giornalista di Telenorba Pamela Spinelli. La 26esima edizione della rassegna letteraria, \u00e8 organizzata dall\u2019Associazione culturale \u201cUna valle di libri\u201d con il supporto del Comune di Ostuni \u2013 Settore Cultura. &nbsp; Dopo anni di attesa e di ascolto Carola Carulli, ha trovato la sua forma definitiva per \u201craccontare il coraggio della paura, il coraggio che si deve avere nel ricercare una qualche forma di felicit\u00e0\u201d. &nbsp; &#8220;Ho sempre amato le ombre &#8211; sottolinea la Carulli &#8211; Quelle allungate dei bambini che sembrano giganti, quelle sui muri delle stanze che sanno farsi&#8230;<\/p>\n","protected":false},"author":2,"featured_media":203032,"comment_status":"open","ping_status":"closed","sticky":false,"template":"","format":"standard","meta":{"footnotes":""},"categories":[224,7],"tags":[],"class_list":["post-203028","post","type-post","status-publish","format-standard","has-post-thumbnail","hentry","category-libri","category-news"],"_links":{"self":[{"href":"https:\/\/www.brundisium.net\/index.php\/wp-json\/wp\/v2\/posts\/203028","targetHints":{"allow":["GET"]}}],"collection":[{"href":"https:\/\/www.brundisium.net\/index.php\/wp-json\/wp\/v2\/posts"}],"about":[{"href":"https:\/\/www.brundisium.net\/index.php\/wp-json\/wp\/v2\/types\/post"}],"author":[{"embeddable":true,"href":"https:\/\/www.brundisium.net\/index.php\/wp-json\/wp\/v2\/users\/2"}],"replies":[{"embeddable":true,"href":"https:\/\/www.brundisium.net\/index.php\/wp-json\/wp\/v2\/comments?post=203028"}],"version-history":[{"count":1,"href":"https:\/\/www.brundisium.net\/index.php\/wp-json\/wp\/v2\/posts\/203028\/revisions"}],"predecessor-version":[{"id":203033,"href":"https:\/\/www.brundisium.net\/index.php\/wp-json\/wp\/v2\/posts\/203028\/revisions\/203033"}],"wp:featuredmedia":[{"embeddable":true,"href":"https:\/\/www.brundisium.net\/index.php\/wp-json\/wp\/v2\/media\/203032"}],"wp:attachment":[{"href":"https:\/\/www.brundisium.net\/index.php\/wp-json\/wp\/v2\/media?parent=203028"}],"wp:term":[{"taxonomy":"category","embeddable":true,"href":"https:\/\/www.brundisium.net\/index.php\/wp-json\/wp\/v2\/categories?post=203028"},{"taxonomy":"post_tag","embeddable":true,"href":"https:\/\/www.brundisium.net\/index.php\/wp-json\/wp\/v2\/tags?post=203028"}],"curies":[{"name":"wp","href":"https:\/\/api.w.org\/{rel}","templated":true}]}}