{"id":20372,"date":"2014-08-21T19:11:21","date_gmt":"2014-08-21T17:11:21","guid":{"rendered":"http:\/\/www.brundisium.net\/brun\/?p=20372"},"modified":"2014-08-21T19:11:21","modified_gmt":"2014-08-21T17:11:21","slug":"dallamore-tra-un-cavallo-e-teresa-alle-iniziative-di-solidarieta-astera-compie-due-anni","status":"publish","type":"post","link":"https:\/\/www.brundisium.net\/index.php\/dallamore-tra-un-cavallo-e-teresa-alle-iniziative-di-solidarieta-astera-compie-due-anni\/","title":{"rendered":"Dall&#8217;amore tra un cavallo e Teresa alle iniziative di solidariet\u00e0: Astera compie due anni"},"content":{"rendered":"<p><strong>Ostuni, 6 Aprile 1994<\/strong>: in un maneggio poco distante dal mare nasce una puledra. Manto baio, coda e criniera nere,\u00a0 occhi vispi e furbi. Ad accogliere questa nuova vita una giovane ragazza<strong>, Teresa<\/strong>: \u201c<em>Ti chiamer\u00f2 Astera e sarai la mia stella<\/em>!&#8221;, decide.<\/p>\n<p>&nbsp;<\/p>\n<p>26 Maggio del 1998: Teresa esce di casa alle 8 del mattino diretta al maneggio dove l&#8217;attende il maniscalco per ferrare la cavalla. Il viale che porta a quell&#8217;angolo di paradiso non ha nemmeno il tempo di imboccarlo: un&#8217;auto lanciata ad altissima velocit\u00e0 la travolge mentre effettua la manovra di svolta a sinistra. Viene trasportata in ospedale ad Ostuni poi a Lecce in condizioni gravissime. Per otto giorni resta in coma, giorni di preghiere e lacrime. <strong>Teresa muore a 22 anni, il 3 Giugno del 1998.<\/strong><\/p>\n<p>&nbsp;<\/p>\n<p><strong>Questa \u00e8 la storia di una grande amicizia<\/strong>, di un legame profondo che continua ancora oggi. La giovane Teresa aveva tante passioni: ballava nel gruppo folk del paese, le piaceva il teatro, la musica, scriveva poesie e adorava recitare. Parallelamente coltivava una profonda spiritualit\u00e0 cristiana, le piaceva pregare, e in lei la preghiera si era trasformata in azione:&#8221;<em>La gente va raggiunta li dove si trova<\/em>&#8220;. Forte di questa convinzione, anche se giovanissima, accett\u00f2 di portare la Comunione agli ammalati e agli anziani del quartiere.<\/p>\n<p>&nbsp;<\/p>\n<p><strong>Sulla scia luminosa di questa testimonianza, un gruppo di amici di Teresa ha deciso di fondare, due anni fa ad Ostuni, l\u2019Associazione di Promozione Sociale Astera <\/strong>con l\u2019obiettivo di tendere una mano ed essere accanto a chi \u00e8 solo, a chi vive nella sofferenza, a chi ha perso il sorriso o sta vivendo un momento di difficolt\u00e0 o semplicemente a chi ha voglia di incontrare l&#8217;altro attraverso un percorso di crescita e riscoperta. Per Astera la \u201cdiversit\u00e0\u201d \u00e8 una risorsa per costruire qualcosa di nuovo e migliore, e non come limite. Al suo interno esistono tre sezioni:<\/p>\n<p><strong>\u00a0<\/strong><\/p>\n<p>&nbsp;<\/p>\n<p><strong>PARLIAMO DI ALZHEIMER<\/strong><\/p>\n<p>Astera vuole essere un punto di riferimento per coloro che convivono con l&#8217;Alzheimer, spesso emarginati da una societ\u00e0 che non riesce a costruire nuovi ponti in situazioni in cui le vie tradizionali di comunicazione vengono meno. <strong>In questi due anni sono circa 40 le persone che si sono rivolte all\u2019Associazione<\/strong>. Nello specifico Astera organizza:<\/p>\n<p>&#8211; laboratori di artigianato come momento di incontro e interazione per persone con Alzheimer;<\/p>\n<p>&#8211; gruppi di mutuo aiuto e laboratori di art counseling per i familiari o chiunque viva situazioni di stress legate alla demenza;<\/p>\n<p>&#8211; formazione per operatori e varie figure professionali sulla relazione possibile con il malato di Alzheimer.<\/p>\n<p>Per informazioni:<\/p>\n<p>Rubina Calella &#8211; Counselor Professionista 338.12.96.781<\/p>\n<p>Nora Caroli &#8211; Assistente Sociale 320.86.75.552<\/p>\n<p><strong>\u00a0<\/strong><\/p>\n<p><strong>\u00a0<\/strong><\/p>\n<p><strong>\u00a0<\/strong><\/p>\n<p><strong>CAVALLI E CAREZZE<\/strong><\/p>\n<p>Attraverso il cavallo vogliamo farci promotori di carezze verbali, fisiche ed emotive tra le persone. Un modo nuovo per aprirsi, comunicare, parlarsi e accorgerci dell\u2019altro. Grazie ad uno staff di professionisti con diverse competenze, Astera propone percorsi per bambini e adulti grazie ai quali, tra le altre cose, \u00e8 possibile aumentare la capacit\u00e0 di concentrazione ed osservazione, migliorare i riflessi fisici, controllare il proprio corpo, elaborare le emozioni, far tacere il proprio ego ed imparare a considerare il punto di vista dell\u2019altro. <strong>In pochi mesi, sono circa 80 i bambini delle scuole elementari di Francavilla che hanno partecipato ai laboratori sul cavallo Mercurio, 15 gli adolescenti della Cooperativa Prisma e 40 della Ludoteca di Ostuni.<\/strong><\/p>\n<p>Per informazioni:<\/p>\n<p>Francesco Attanasio, Counselor Professionista 329.24.13.162<\/p>\n<p>Angela Andriola, Avvocato, 392.0678870<\/p>\n<p><strong>\u00a0<\/strong><\/p>\n<p>&nbsp;<\/p>\n<p><strong>LABORATORIO TEATRALE<\/strong><\/p>\n<p>Il teatro consente di esplorare le proprie possibilit\u00e0 fisiche ed emotive, di sviluppare l\u2019ascolto e l\u2019osservazione; stimola il senso di solidariet\u00e0, la capacit\u00e0 di vivere e di lavorare in gruppo. Per questo Astera ha proposto questo laboratorio di teatro: \u00e8 un luogo emotivo nel quale ci si interroga, ci si sperimenta e si improvvisa dando libero sfogo alla fantasia e alle emozioni, dove ciascun partecipante ha la possibilit\u00e0 di esprimersi, condividere ed accogliere l\u2019altro nella sua diversit\u00e0. <strong>L\u2019ultima performance, \u201cViaggio d\u2019amore\u201d, \u00e8 stata portata in scena in diverse repliche sia ad Ostuni che a Carovigno (in occasione della manifestazone BocconDivino).<\/strong><\/p>\n<p>Per informazioni:<\/p>\n<p>Remo Attanasio &#8211; 333.52.54.520<\/p>\n<p>Antonio Marseglia &#8211; 338.87.33.114<\/p>\n<p>&nbsp;<\/p>\n<p>&nbsp;<\/p>\n<p><strong>LA FESTA DI DOMENICA 24 AGOSTO 2014<\/strong><\/p>\n<p>Domenica 24 Agosto a partire dalle 17.00 presso il Centro Ippico Zizzi a Pozzo Faceto, ASTERA e gli amici del Centro Ippico ti aspettano per trascorrere un pomeriggio insieme!<\/p>\n<p>Astera festegger\u00e0 2 anni di vita, e il Centro Ippico Zizzi 4 anni di attivit\u00e0.<\/p>\n<p>Sar\u00e0 l&#8217;occasione per scattare la nuova foto di copertina di Astera, per conoscere le attivit\u00e0 dell&#8217;associazione, per conoscere Mercurio, il mitico cavallo bianco dell\u2019Associazione e tutti i bellissimi cavalli del Centro Ippico Zizzi.<\/p>\n<p>Astera Sar\u00e0 presente con le tre sezioni: Parliamo di Alzheimer, Cavalli e Carezze, Laboratorio Teatrale.<\/p>\n<p>\u201c<em>Saremo felici di raccontarvi tutto ci\u00f2 che in due anni \u00e8 stato possibile realizzare grazie all&#8217;impegno dei nostri volontari. Astera \u00e8 in continuo movimento ed \u00e8 sempre alla ricerca di nuove idee e proposte per realizzare il proprio obiettivo di integrazione<\/em>\u201d, <strong>ha detto il Presidente Francesco Attanasio.<\/strong><\/p>\n<p>Non mancheranno piccole performance organizzate dallo staff Zizzi e dal mitico Team Rubino, con Fabio e i suoi cavalli.<\/p>\n<p>&nbsp;<\/p>\n<p>&nbsp;<\/p>\n<p>Visita il nostro sito www.associazione-astera.it<\/p>\n<p>Per saperne di pi\u00f9 o avere maggiori informazioni su Astera: <a href=\"http:\/\/www.associazione-astera.it\/\">www.associazione-astera.it<\/a><\/p>\n","protected":false},"excerpt":{"rendered":"<p>Ostuni, 6 Aprile 1994: in un maneggio poco distante dal mare nasce una puledra. Manto baio, coda e criniera nere,\u00a0 occhi vispi e furbi. Ad accogliere questa nuova vita una giovane ragazza, Teresa: \u201cTi chiamer\u00f2 Astera e sarai la mia stella!&#8221;, decide. &nbsp; 26 Maggio del 1998: Teresa esce di casa alle 8 del mattino diretta al maneggio dove l&#8217;attende il maniscalco per ferrare la cavalla. Il viale che porta a quell&#8217;angolo di paradiso non ha nemmeno il tempo di imboccarlo: un&#8217;auto lanciata ad altissima velocit\u00e0 la travolge mentre effettua la manovra di svolta a sinistra. Viene trasportata in ospedale ad Ostuni poi a Lecce in condizioni gravissime. Per otto giorni resta in coma, giorni di preghiere e lacrime. Teresa muore a 22 anni, il 3 Giugno del 1998. &nbsp; Questa \u00e8 la storia di una grande amicizia, di un legame profondo che continua ancora oggi. La giovane Teresa aveva tante passioni: ballava nel gruppo folk del paese, le piaceva il teatro, la musica, scriveva poesie e adorava recitare. Parallelamente&#8230;<\/p>\n","protected":false},"author":2,"featured_media":20373,"comment_status":"open","ping_status":"open","sticky":false,"template":"","format":"standard","meta":{"footnotes":""},"categories":[7,389],"tags":[505,2113,53],"class_list":["post-20372","post","type-post","status-publish","format-standard","has-post-thumbnail","hentry","category-news","category-territorio","tag-astera","tag-astera-ostuni","tag-ostuni"],"_links":{"self":[{"href":"https:\/\/www.brundisium.net\/index.php\/wp-json\/wp\/v2\/posts\/20372","targetHints":{"allow":["GET"]}}],"collection":[{"href":"https:\/\/www.brundisium.net\/index.php\/wp-json\/wp\/v2\/posts"}],"about":[{"href":"https:\/\/www.brundisium.net\/index.php\/wp-json\/wp\/v2\/types\/post"}],"author":[{"embeddable":true,"href":"https:\/\/www.brundisium.net\/index.php\/wp-json\/wp\/v2\/users\/2"}],"replies":[{"embeddable":true,"href":"https:\/\/www.brundisium.net\/index.php\/wp-json\/wp\/v2\/comments?post=20372"}],"version-history":[{"count":1,"href":"https:\/\/www.brundisium.net\/index.php\/wp-json\/wp\/v2\/posts\/20372\/revisions"}],"predecessor-version":[{"id":20374,"href":"https:\/\/www.brundisium.net\/index.php\/wp-json\/wp\/v2\/posts\/20372\/revisions\/20374"}],"wp:featuredmedia":[{"embeddable":true,"href":"https:\/\/www.brundisium.net\/index.php\/wp-json\/wp\/v2\/media\/20373"}],"wp:attachment":[{"href":"https:\/\/www.brundisium.net\/index.php\/wp-json\/wp\/v2\/media?parent=20372"}],"wp:term":[{"taxonomy":"category","embeddable":true,"href":"https:\/\/www.brundisium.net\/index.php\/wp-json\/wp\/v2\/categories?post=20372"},{"taxonomy":"post_tag","embeddable":true,"href":"https:\/\/www.brundisium.net\/index.php\/wp-json\/wp\/v2\/tags?post=20372"}],"curies":[{"name":"wp","href":"https:\/\/api.w.org\/{rel}","templated":true}]}}