{"id":20415,"date":"2014-08-22T17:00:09","date_gmt":"2014-08-22T15:00:09","guid":{"rendered":"http:\/\/www.brundisium.net\/brun\/?p=20415"},"modified":"2016-07-04T17:57:55","modified_gmt":"2016-07-04T15:57:55","slug":"il-caso-antonio-conte-di-guido-giampietro","status":"publish","type":"post","link":"https:\/\/www.brundisium.net\/index.php\/il-caso-antonio-conte-di-guido-giampietro\/","title":{"rendered":"Il caso Antonio Conte. Di Guido Giampietro"},"content":{"rendered":"<div style=\"width: 306px\" class=\"wp-caption alignleft\"><img loading=\"lazy\" decoding=\"async\" src=\"http:\/\/www.crlazio.info\/wp\/wp-content\/uploads\/2014\/02\/tavecchio.jpg\" alt=\"\" width=\"296\" height=\"159\" \/><p class=\"wp-caption-text\">Tavecchio<\/p><\/div>\n<p>Solo qualche giorno fa \u00e8 venuta meno la mia speranza che l\u2019<em>affaire<\/em> relativo alla scelta del\u00a0 Commissario tecnico della Nazionale di calcio avesse un epilogo diverso e, ancora prima, che la nomina del nuovo Presidente della Fgci rompesse con un passato fatto di idee troppo vecchie per il secolo in corso. Purtroppo mi attendeva una doppia delusione. O forse un\u2019unica grande delusione visto che i due eventi sono strettamente legati tra loro.<\/p>\n<p>Quello che pi\u00f9 mi ha segnato, per\u00f2, \u00e8 il \u201ccaso\u201d Antonio Conte. Non per la scelta del tecnico, ci mancherebbe! Ma per la cifra spropositata che ha riguardato il negoziato: quei quattro milioni di euro (a stagione) che fanno tremare i polsi al solo parlarne.<\/p>\n<p>&nbsp;<\/p>\n<p>Diceva Cechov: \u00ab<em>Niente ipnotizza e inebria pi\u00f9 dei soldi: quando ce ne sono molti, il mondo sembra migliore di quello che \u00e8<\/em>\u00bb.<\/p>\n<p>\u00c8 chiaro che a Cechov devono essersi ispirati sia Carlo Tavecchio \u00a0sia Antonio Conte sia lo stesso sponsor della Nazionale nel mettere a punto un contratto \u201cinnovativo\u201d, frutto di un parto lunghissimo, tanto che la firma vera e propria (al di l\u00e0 di quella \u201cscenografica\u201d ad uso e consumo della diretta televisiva) \u00e8 giunta solo dieci minuti prima della conferenza stampa dell\u2019allenatore.<\/p>\n<p>&nbsp;<\/p>\n<div style=\"width: 282px\" class=\"wp-caption alignright\"><img loading=\"lazy\" decoding=\"async\" src=\"http:\/\/www4.pictures.zimbio.com\/gi\/Antonio+Conte+AC+Milan+v+Jucentus+FC+Berlusconi+vfxdiD-YGfBl.jpg\" alt=\"\" width=\"272\" height=\"374\" \/><p class=\"wp-caption-text\">Antonio Conte<\/p><\/div>\n<p>Dunque l\u2019ex bianconero guadagner\u00e0 due milioni netti per ciascuna delle due stagioni concordate che conducono direttamente alla finale dell\u2019Europeo. Gli altri due milioni (sempre a stagione) saranno invece a carico dello sponsor Puma (a proposito, ricordiamoci di questa marca che cos\u00ec generosamente elargisce anche i soldi nostri\u2026) che li verser\u00e0 sul conto bancario della Federcalcio che, a sua volta, li girer\u00e0 a Conte per lo sfruttamento dei diritti di immagine.<\/p>\n<p>&nbsp;<\/p>\n<p>Ma non \u00e8 finita qui perch\u00e9 nella seconda stagione sono previsti i bonus: un milione netto per la qualificazione alla fase finale (ma questo traguardo non dovrebbe far parte del contratto base? Mah!), altri 500 mila euro se gli azzurri risaliranno cinque posizioni nel ranking mondiale (attualmente siamo quattordicesimi) e altri 500 mila in caso di finale europea. Il totale fa dieci milioni in due anni!<\/p>\n<p>&nbsp;<\/p>\n<p>Onestamente mi sembra un po\u2019 troppo. \u00abHo fatto passi verso la Federazione \u02d7 puntualizza risentito Conte \u02d7 e il mio stipendio rientra nei loro parametri. Se poi Conte, per i successi che ha ottenuto, ha un\u2019immagine che pu\u00f2 valere dieci, quello \u00e8 un altro discorso. Prima la mia immagine era gestita privatamente, ora lo far\u00e0 la Nazionale. Ma questa polemica \u00e8 secondaria. A me interessa il lavoro\u00bb.<\/p>\n<p>&nbsp;<\/p>\n<p>Una \u201cpolemica secondaria\u201d? Come sarebbe a dire? In un momento tragico come quello che il Paese sta attraversando glissiamo su un punto tanto importante? Qui si sta parlando di milioni,\u00a0 quando c\u2019\u00e8 tanta gente che deve campare \u02d7 se va bene \u02d7 con cinque-seicento euro al mese. Qui si sta parlando di un lavoro-gioco quando c\u2019\u00e8 tanta gente che non ha nemmeno un lavoro precario.<\/p>\n<p>&nbsp;<\/p>\n<div style=\"width: 237px\" class=\"wp-caption alignleft\"><img loading=\"lazy\" decoding=\"async\" src=\"http:\/\/api.ning.com\/files\/P1PhL3qGdTSTxl1gAr9MRwmds488dOcDecPsv1sO3bHgpYWr*84ldr*RwmQMPicxwA8aJ6Qf4t-3Zq5vJs*5*rG3VoG-NtEa\/StatueofLibertywithFaceinHandsAshamed.jpg?width=594&amp;height=600\" alt=\"\" width=\"227\" height=\"229\" \/><p class=\"wp-caption-text\">Libert\u00e0?<\/p><\/div>\n<p>Questo significa che c\u2019\u00e8 qualcosa che non funziona. E non \u00e8 nemmeno Conte, ma il sistema mostruoso che siamo riusciti a creare in questi anni. Primo tra tutti quella libert\u00e0 di mercato di cui ci riempiamo la bocca\u2026 Libert\u00e0 di che? Per chi? Per cosa?<\/p>\n<p>Addirittura Conte passa al contrattacco quando afferma che nel suo cuore duro da marine (?) c\u2019\u00e8 \u00abun solo colore bellissimo: l\u2019azzurro\u00bb. Ma mi faccia il piacere\u2026 direbbe Tot\u00f2, con contestuale spintarella. E pensare che io ritenevo che questo \u201clavoro\u201d si dovesse fare quasi gratis e che agli stessi giocatori cui era concesso l\u2019onore di giocare in Nazionale si dovesse dare un simbolico gettone di presenza, considerata la barca di soldi che prendono dai club! Evidentemente tra le mie idee e la cruda realt\u00e0 c\u2019\u00e8 un gap generazionale che ha mandato all\u2019aria quei valori sui quali si \u00e8 costruita la Nazione. Questa \u00e8 l\u2019amara verit\u00e0.<\/p>\n<p>E anche lo sventolio della Bandiera in occasione degli incontri internazionali \u00e8 patetico. Anzi, va proprio nel verso opposto al significato patriottico che il tricolore sottende. In quei contesti, che spesso travalicano anche le regole del vivere civile, l\u2019esibizione della Bandiera dovrebbe essere vietata.<\/p>\n<p>&nbsp;<\/p>\n<p>Inoltre Conte \u02d7 e Conte, direbbe Marco Antonio in una moderna versione della sua orazione funebre, \u00e8 un uomo d\u2019onore! \u02d7 dice di voler trovare per la \u201csua\u201d Nazionale uomini veri, attaccati alla maglia azzurra. E dove li trover\u00e0 questi giocatori? Non credo nei club di serie A strapieni come sono di campioni comunitari ed extracomunitari. Gli stessi che, dopo essere diventati anche loro straricchi in Italia, ci fanno fare poi delle figure ridicole nelle gare internazionali.<\/p>\n<p>&nbsp;<\/p>\n<p><img loading=\"lazy\" decoding=\"async\" class=\"alignright\" src=\"http:\/\/futura.unito.it\/files\/2014\/03\/tumblr_m4uvhtFZBt1rwkiq1o1_1280.jpg\" alt=\"\" width=\"227\" height=\"336\" \/>\u00a0Qualcosa da ridire anche sulla querelle circa la salentinit\u00e0 di Conte. Il primo commissario tecnico pugliese (e meridionale) della Nazionale \u00e8 infatti al centro di una diatriba che riporta alle tradizionali divisioni di campanile sportivo tra i biancorossi del Bari e i giallorossi del Lecce.<\/p>\n<p>\u00abAntonio Conte? \u02d7 afferma Decaro, neosindaco del capoluogo pugliese \u02d7 Noi lo amiamo (\u2026) e lo sentiamo barese a tutti gli effetti: il suo genio e la sua creativit\u00e0 superano ogni polemica territoriale\u00bb.<\/p>\n<p>\u00abTutti i salentini \u02d7 risponde dall\u2019altra parte Antonio Gabellone, Presidente della Provincia di Lecce \u02d7 sono orgogliosi dell\u2019approdo di Conte alla panchina della Nazionale\u00bb. Poi, per\u00f2, ricordando alcuni dissidi del recente passato, aggiunge: \u00abDi sicuro c\u2019\u00e8 qualcosa che non quadra nel rapporto tra il c.t. azzurro e una parte della tifoseria del Lecce: il nostro impegno, come rappresentanti delle istituzioni, dovrebbe essere rivolto proprio a ricreare il feeling perduto\u2026\u00bb.<\/p>\n<p>&nbsp;<\/p>\n<p>Da parte di ambedue nessun accenno, invece, al tema dell\u2019ingaggio. Eppure, come amministratori che si dibattono quotidianamente tra mille difficolt\u00e0, una parola avrebbero potuto anche spenderla. Questa \u00e8 la dimostrazione che il fuorviato sistema economico ha finito per fagocitare anche la politica.<\/p>\n<p>&nbsp;<\/p>\n<p>Nell\u2019Inno nazionale che giocatori e tecnici, fraternamente abbracciati, sussurrano timidamente prima degli incontri risuonano le parole di Mameli: \u00ab<em>Stringiamoci a coorte, \/ siam pronti alla morte: \/ Italia chiam\u00f2\u2026<\/em>\u00bb. Peccato che quando l\u2019Italia dei nostri giorni \u201cchiama\u201d un neo Presidente della Figc o un nuovo c.t. o gli stessi giocatori nessuno risponda con disinteressato entusiasmo. Per quale motivo dovrebbero farlo?<\/p>\n<p>Perch\u00e9 si dovrebbe considerare un onore indossare la maglia azzurra? Perch\u00e9 si dovrebbe sentire l\u2019orgoglio di essere cittadini italiani? Insomma, per amor di Patria?<\/p>\n<p>Amor di Patria\u2026? Ma tu guarda le sciocchezze che mi fa dire questa canicola di fine agosto.<\/p>\n<p>&nbsp;<\/p>\n<p><strong>Guido Giampietro<\/strong> \u00a0<strong>\u00a0<\/strong><\/p>\n<p><strong>\u00a0<\/strong><\/p>\n","protected":false},"excerpt":{"rendered":"<p>Solo qualche giorno fa \u00e8 venuta meno la mia speranza che l\u2019affaire relativo alla scelta del\u00a0 Commissario tecnico della Nazionale di calcio avesse un epilogo diverso e, ancora prima, che la nomina del nuovo Presidente della Fgci rompesse con un passato fatto di idee troppo vecchie per il secolo in corso. Purtroppo mi attendeva una doppia delusione. O forse un\u2019unica grande delusione visto che i due eventi sono strettamente legati tra loro. Quello che pi\u00f9 mi ha segnato, per\u00f2, \u00e8 il \u201ccaso\u201d Antonio Conte. Non per la scelta del tecnico, ci mancherebbe! Ma per la cifra spropositata che ha riguardato il negoziato: quei quattro milioni di euro (a stagione) che fanno tremare i polsi al solo parlarne. &nbsp; Diceva Cechov: \u00abNiente ipnotizza e inebria pi\u00f9 dei soldi: quando ce ne sono molti, il mondo sembra migliore di quello che \u00e8\u00bb. \u00c8 chiaro che a Cechov devono essersi ispirati sia Carlo Tavecchio \u00a0sia Antonio Conte sia lo stesso sponsor della Nazionale nel mettere a punto un contratto \u201cinnovativo\u201d, frutto di un&#8230;<\/p>\n","protected":false},"author":2,"featured_media":20416,"comment_status":"open","ping_status":"open","sticky":false,"template":"","format":"standard","meta":{"footnotes":""},"categories":[3129,9],"tags":[2508,18],"class_list":["post-20415","post","type-post","status-publish","format-standard","has-post-thumbnail","hentry","category-guido-giampietro","category-interventi","tag-antonio-conte","tag-guido-giampietro"],"_links":{"self":[{"href":"https:\/\/www.brundisium.net\/index.php\/wp-json\/wp\/v2\/posts\/20415","targetHints":{"allow":["GET"]}}],"collection":[{"href":"https:\/\/www.brundisium.net\/index.php\/wp-json\/wp\/v2\/posts"}],"about":[{"href":"https:\/\/www.brundisium.net\/index.php\/wp-json\/wp\/v2\/types\/post"}],"author":[{"embeddable":true,"href":"https:\/\/www.brundisium.net\/index.php\/wp-json\/wp\/v2\/users\/2"}],"replies":[{"embeddable":true,"href":"https:\/\/www.brundisium.net\/index.php\/wp-json\/wp\/v2\/comments?post=20415"}],"version-history":[{"count":3,"href":"https:\/\/www.brundisium.net\/index.php\/wp-json\/wp\/v2\/posts\/20415\/revisions"}],"predecessor-version":[{"id":20419,"href":"https:\/\/www.brundisium.net\/index.php\/wp-json\/wp\/v2\/posts\/20415\/revisions\/20419"}],"wp:featuredmedia":[{"embeddable":true,"href":"https:\/\/www.brundisium.net\/index.php\/wp-json\/wp\/v2\/media\/20416"}],"wp:attachment":[{"href":"https:\/\/www.brundisium.net\/index.php\/wp-json\/wp\/v2\/media?parent=20415"}],"wp:term":[{"taxonomy":"category","embeddable":true,"href":"https:\/\/www.brundisium.net\/index.php\/wp-json\/wp\/v2\/categories?post=20415"},{"taxonomy":"post_tag","embeddable":true,"href":"https:\/\/www.brundisium.net\/index.php\/wp-json\/wp\/v2\/tags?post=20415"}],"curies":[{"name":"wp","href":"https:\/\/api.w.org\/{rel}","templated":true}]}}