{"id":205670,"date":"2022-12-24T14:52:32","date_gmt":"2022-12-24T13:52:32","guid":{"rendered":"https:\/\/www.brundisium.net\/?p=205670"},"modified":"2023-01-01T23:27:43","modified_gmt":"2023-01-01T22:27:43","slug":"gli-auguri-in-musica-dellorchestra-del-nuovo-teatro-verdi","status":"publish","type":"post","link":"https:\/\/www.brundisium.net\/index.php\/gli-auguri-in-musica-dellorchestra-del-nuovo-teatro-verdi\/","title":{"rendered":"Gli auguri in musica dell&#8217;Orchestra del Nuovo Teatro Verdi"},"content":{"rendered":"<p><a href=\"https:\/\/www.brundisium.net\/brun\/wp-content\/uploads\/2022\/12\/Concerto-di-Capodanno.jpg\"><img loading=\"lazy\" decoding=\"async\" class=\"alignleft size-medium wp-image-205674\" src=\"https:\/\/www.brundisium.net\/brun\/wp-content\/uploads\/2022\/12\/Concerto-di-Capodanno-210x300.jpg\" alt=\"\" width=\"210\" height=\"300\" srcset=\"https:\/\/www.brundisium.net\/brun\/wp-content\/uploads\/2022\/12\/Concerto-di-Capodanno-210x300.jpg 210w, https:\/\/www.brundisium.net\/brun\/wp-content\/uploads\/2022\/12\/Concerto-di-Capodanno-717x1024.jpg 717w, https:\/\/www.brundisium.net\/brun\/wp-content\/uploads\/2022\/12\/Concerto-di-Capodanno-768x1097.jpg 768w, https:\/\/www.brundisium.net\/brun\/wp-content\/uploads\/2022\/12\/Concerto-di-Capodanno-1075x1536.jpg 1075w, https:\/\/www.brundisium.net\/brun\/wp-content\/uploads\/2022\/12\/Concerto-di-Capodanno-1434x2048.jpg 1434w, https:\/\/www.brundisium.net\/brun\/wp-content\/uploads\/2022\/12\/Concerto-di-Capodanno.jpg 1750w\" sizes=\"auto, (max-width: 210px) 100vw, 210px\" \/><\/a><br \/>\nIl nuovo anno inizia con una novit\u00e0 storica per il Teatro di Brindisi: il debutto dell\u2019Orchestra del Nuovo Teatro Verdi. Il politeama terr\u00e0 a battesimo la sua orchestra residente l\u20191 gennaio, con il tradizionale concerto di Capodanno in programma alle ore 20.30, per la direzione di Stefano Miceli.<\/p>\n<p>Ticket \u20ac 3 disponibile online alla pagina<a href=\"http:\/\/rebrand.ly\/ConcertoCapodanno\"> rebrand.ly\/ConcertoCapodanno<\/a> e in biglietteria, dal luned\u00ec al venerd\u00ec salvo festivi, ore 11-13 e 16.30-18.30.<\/p>\n<p>Info botteghino@nuovoteatroverdi.com e T. 0831 562554.<\/p>\n<p>Apertura il giorno dello spettacolo alle ore 19.<\/p>\n<p>&nbsp;<\/p>\n<p>Una formazione giovanile apre la stagione sinfonica del Verdi in una occasione speciale come il primo giorno dell\u2019anno: un punto di arrivo dopo la selezione delle audizioni ma una prima assoluta che coincide con il tradizionale concerto augurale della citt\u00e0 di Brindisi. Al centro della serata un programma musicale di grande interesse e vivacit\u00e0, un viaggio originale nelle corti dell\u2019Ottocento e nella tradizione dei grandi compositori del secolo scorso: un balzo nel tempo sulle tracce del genio, tra Johannes Brahms, Wolfgang Amadeus Mozart, Georges Bizet e Dmitri Shostakovich.<\/p>\n<p>&nbsp;<\/p>\n<p><a href=\"https:\/\/www.brundisium.net\/brun\/wp-content\/uploads\/2022\/12\/M\u00b0-Stefano-Miceli.jpg\"><img loading=\"lazy\" decoding=\"async\" class=\"size-medium wp-image-205675 alignright\" src=\"https:\/\/www.brundisium.net\/brun\/wp-content\/uploads\/2022\/12\/M\u00b0-Stefano-Miceli-300x206.jpg\" alt=\"\" width=\"300\" height=\"206\" srcset=\"https:\/\/www.brundisium.net\/brun\/wp-content\/uploads\/2022\/12\/M\u00b0-Stefano-Miceli-300x206.jpg 300w, https:\/\/www.brundisium.net\/brun\/wp-content\/uploads\/2022\/12\/M\u00b0-Stefano-Miceli-1024x704.jpg 1024w, https:\/\/www.brundisium.net\/brun\/wp-content\/uploads\/2022\/12\/M\u00b0-Stefano-Miceli-768x528.jpg 768w, https:\/\/www.brundisium.net\/brun\/wp-content\/uploads\/2022\/12\/M\u00b0-Stefano-Miceli-1536x1056.jpg 1536w, https:\/\/www.brundisium.net\/brun\/wp-content\/uploads\/2022\/12\/M\u00b0-Stefano-Miceli.jpg 1550w\" sizes=\"auto, (max-width: 300px) 100vw, 300px\" \/><\/a>Una serata di grandi evocazioni sul limitare della musica, come quella di Johannes Brahms, uno dei pi\u00f9 importanti compositori del romanticismo tedesco che seppe essere discepolo della tradizione classica, tra sinfonie, concerti, musica da camera, opere per pianoforte e composizioni corali, molte delle quali rivelano accenti di musica folk. Nel 1853, grazie al profetico ed entusiastico articolo di Robert Schumann \u201cNeue Bahnen\u201d, Brahms acquis\u00ec una notoriet\u00e0 improvvisa: \u00abIo pensavo che sarebbe improvvisamente apparso, sarebbe dovuto apparire qualcuno che fosse chiamato a dar voce in maniera ideale alla pi\u00f9 alta espressione del tempo, qualcuno che ci avrebbe portato la maestria non per gradi ma gi\u00e0 perfettamente compiuta, come Minerva usc\u00ec armata di corazza dalla testa di Crono. Ed \u00e8 arrivato, sangue fresco la cui culla fu vegliata da Grazie ed Eroi. Si chiama Johannes Brahms\u00bb.<\/p>\n<p>&nbsp;<\/p>\n<p>La musica di Mozart \u00e8 il frutto di una mirabile sintesi degli stili musicali preesistenti. Dal 1762 al 1778, nel corso di continui viaggi e tourn\u00e9e, a cui lo spinse la sua fama di enfant prodige, Mozart assorb\u00ec profondamente la tradizione musicale italiana, tedesca e francese, per poi affrontare e rivoluzionare tutti i generi, dall\u2019opera alla musica da camera, dalla sinfonia alla musica sacra. Le vette di armonia ed eleganza della sua scrittura indussero Nietzsche a definire il \u201ccompositore pi\u00f9 universale\u201d simbolo dello \u201cspirito apollineo della Musica\u201d. Detto con le parole di George Bernard Shaw, \u00abLa musica di Mozart \u00e8 l&#8217;unica che non suonerebbe fuori luogo sulla bocca di Dio\u00bb.<\/p>\n<p>&nbsp;<\/p>\n<p>Georges Bizet non volle mai essere (o non ebbe mai il tempo di essere) un grande innovatore, ma riusc\u00ec tuttavia a essere sempre originale e brillante, in tutto ci\u00f2 che compose. Nel 1874, partendo da un libretto tratto da una novella di Prosper M\u00e9rim\u00e9e, il musicista parigino scrisse il suo capolavoro, la \u201cCarmen\u201d. Quest\u2019opera originale e modernissima, appassionata come poche, \u00e8 oggi riconosciuta come un capolavoro assoluto del repertorio classico, la terza pi\u00f9 reppresentata in tutti i tempi. Icona di coraggio e spirito libero, la gitana \u201cCarmen\u201d \u00e8 diventata un modello universale: al centro, la musica come elemento unificante e caratterizzante.<\/p>\n<p>&nbsp;<\/p>\n<p>Il programma del \u201cConcerto di Capodanno\u201d attinge anche alla potenza espressiva di Shostakovich con la sua personalit\u00e0 legata artisticamente al clima acceso della rivoluzione sovietica. La musica di Shostakovich \u00e8 quella della Russia del XX secolo, dai turbolenti anni della rivoluzione agli orrori della guerra fino alla repressione comunista. \u00c8 il tormento di un\u2019anima che esprime dolore in un modo personale attraverso l\u2019ironia o l\u2019amara verit\u00e0. Per questo la sua musica \u00e8 tinteggiata di un colore livido che ne ha favorito il rapporto con il cinema. Le Sinfonie, in particolare, abbracciano l\u2019intera vita di Shostakovich e costituiscono una pietra miliare del repertorio sinfonico.<\/p>\n<p>&nbsp;<\/p>\n<p>&nbsp;<\/p>\n<p><em><strong>Ufficio stampa<\/strong><\/em><br \/>\n<em><strong>Fondazione Nuovo Teatro Verdi<\/strong><\/em><\/p>\n","protected":false},"excerpt":{"rendered":"<p>Il nuovo anno inizia con una novit\u00e0 storica per il Teatro di Brindisi: il debutto dell\u2019Orchestra del Nuovo Teatro Verdi. Il politeama terr\u00e0 a battesimo la sua orchestra residente l\u20191 gennaio, con il tradizionale concerto di Capodanno in programma alle ore 20.30, per la direzione di Stefano Miceli. Ticket \u20ac 3 disponibile online alla pagina rebrand.ly\/ConcertoCapodanno e in biglietteria, dal luned\u00ec al venerd\u00ec salvo festivi, ore 11-13 e 16.30-18.30. Info botteghino@nuovoteatroverdi.com e T. 0831 562554. Apertura il giorno dello spettacolo alle ore 19. &nbsp; Una formazione giovanile apre la stagione sinfonica del Verdi in una occasione speciale come il primo giorno dell\u2019anno: un punto di arrivo dopo la selezione delle audizioni ma una prima assoluta che coincide con il tradizionale concerto augurale della citt\u00e0 di Brindisi. Al centro della serata un programma musicale di grande interesse e vivacit\u00e0, un viaggio originale nelle corti dell\u2019Ottocento e nella tradizione dei grandi compositori del secolo scorso: un balzo nel tempo sulle tracce del genio, tra Johannes Brahms, Wolfgang Amadeus Mozart, Georges Bizet e&#8230;<\/p>\n","protected":false},"author":2,"featured_media":205672,"comment_status":"open","ping_status":"closed","sticky":false,"template":"","format":"standard","meta":{"footnotes":""},"categories":[189,7],"tags":[],"class_list":["post-205670","post","type-post","status-publish","format-standard","has-post-thumbnail","hentry","category-musica-2","category-news"],"_links":{"self":[{"href":"https:\/\/www.brundisium.net\/index.php\/wp-json\/wp\/v2\/posts\/205670","targetHints":{"allow":["GET"]}}],"collection":[{"href":"https:\/\/www.brundisium.net\/index.php\/wp-json\/wp\/v2\/posts"}],"about":[{"href":"https:\/\/www.brundisium.net\/index.php\/wp-json\/wp\/v2\/types\/post"}],"author":[{"embeddable":true,"href":"https:\/\/www.brundisium.net\/index.php\/wp-json\/wp\/v2\/users\/2"}],"replies":[{"embeddable":true,"href":"https:\/\/www.brundisium.net\/index.php\/wp-json\/wp\/v2\/comments?post=205670"}],"version-history":[{"count":1,"href":"https:\/\/www.brundisium.net\/index.php\/wp-json\/wp\/v2\/posts\/205670\/revisions"}],"predecessor-version":[{"id":205676,"href":"https:\/\/www.brundisium.net\/index.php\/wp-json\/wp\/v2\/posts\/205670\/revisions\/205676"}],"wp:featuredmedia":[{"embeddable":true,"href":"https:\/\/www.brundisium.net\/index.php\/wp-json\/wp\/v2\/media\/205672"}],"wp:attachment":[{"href":"https:\/\/www.brundisium.net\/index.php\/wp-json\/wp\/v2\/media?parent=205670"}],"wp:term":[{"taxonomy":"category","embeddable":true,"href":"https:\/\/www.brundisium.net\/index.php\/wp-json\/wp\/v2\/categories?post=205670"},{"taxonomy":"post_tag","embeddable":true,"href":"https:\/\/www.brundisium.net\/index.php\/wp-json\/wp\/v2\/tags?post=205670"}],"curies":[{"name":"wp","href":"https:\/\/api.w.org\/{rel}","templated":true}]}}