{"id":205857,"date":"2023-01-04T11:11:08","date_gmt":"2023-01-04T10:11:08","guid":{"rendered":"https:\/\/www.brundisium.net\/?p=205857"},"modified":"2023-01-04T14:14:50","modified_gmt":"2023-01-04T13:14:50","slug":"forum-ambiente-salute-e-sviluppo-i-pronto-soccorso-della-provincia-di-brindisi-e-la-richiesta-dello-stato-di-emergenza-al-governo","status":"publish","type":"post","link":"https:\/\/www.brundisium.net\/index.php\/forum-ambiente-salute-e-sviluppo-i-pronto-soccorso-della-provincia-di-brindisi-e-la-richiesta-dello-stato-di-emergenza-al-governo\/","title":{"rendered":"Forum Ambiente Salute e Sviluppo: &#8220;I pronto soccorso della provincia di Brindisi e la richiesta dello stato di emergenza al Governo"},"content":{"rendered":"<p><em>&#8220;I pronto soccorso della provincia di Brindisi e la richiesta dello stato di emergenza al Governo&#8221; \u00e8 all&#8217;oggetto di una lettera aperta inviata dal &#8220;Forum Ambiente Salute e Sviluppo&#8221; di Brindisi al Prefetto di<br \/>\nBrindisi e, per conoscenza, al Presidente del Consiglio, al Ministro della Salute, al Presidente della Regione Puglia ed agli organi di stampa.<br \/>\nDi seguito ne riportiamo integralmente il testo:<\/em><\/p>\n<p>&nbsp;<\/p>\n<p>I vertici della ASL di Brindisi il 27.12.2022, dopo aver elencato i tentativi esperiti, hanno chiesto al Prefetto di Brindisi \u00abla dichiarazione dello stato di emergenza per i tre pronto soccorso della ASL Brindisi, attivando tutte le procedure straordinarie consentite\u00bb. Ci\u00f2 \u00abin considerazione della gravissima carenza di personale assegnato stabilmente al Pronto Soccorso che rischia di interrompere la specifica attivit\u00e0 assistenziale\u00bb.<\/p>\n<p>Non sappiamo se il Prefetto abbia fornito alcuna risposta, n\u00e8 se il Governo \u2013 l\u2019unico a poterlo fare &#8211; intenda accogliere la richiesta della ASL brindisina riconoscendo la gravit\u00e0 della situazione e affidando i tre pronto soccorso della provincia o persino la guida della stessa ASL (Brindisi, Francavilla Fontana e Ostuni) alla Protezione Civile. Per cui al momento non c\u2019\u00e8 nessuno stato di emergenza dichiarato ma solo \u2013 come dice il presidente dell\u2019Ordine dei medici di Brindisi alla stampa &#8211; \u00abla pratica di sottrarre medici da altri reparti per mandarli al pronto soccorso, che impropria e illegittima sta mettendo in crisi altri settori. Ad esempio se si sottrae il medico di Chirurgia senologica per destinarlo al pronto soccorso, non pu\u00f2\u0300 sicuramente curare un paziente oncologico che magari attende la visita programmata da due mesi\u00bb. E aggiunge: \u00abIl ricorso a professionisti privi dei requisiti previsti per legge per il reclutamento di medici nei servizi di pronto soccorso mette infatti a rischio la qualit\u00e0\u0300 e sicurezza delle cure offerte ai cittadini\u00bb.<\/p>\n<p>Ma al di l\u00e0 degli aspetti giuridici sulla utilizzabilit\u00e0 o meno di medici senza titolo idoneo nel ruolo richiesto in pronto soccorso e di altre considerazioni sui tagli alla sanit\u00e0 locale negli ultimi decenni da parte delle politiche regionali, ci\u00f2 che emerge chiaramente \u00e8 che Brindisi non \u00e8 una provincia sicura di fronte ad una emergenza sanitaria, n\u00e8 per chi vi abita n\u00e8 per chi la visita. Non lo \u00e8 in condizioni di normalit\u00e0 e non lo sarebbe \u2013 come il Forum ha scritto al Prefetto in corso di osservazioni al piano di emergenza esterna del petrolchimico \u2013 in caso di incidente rilevante.<\/p>\n<p>Ci\u00f2 che comunque desta meraviglia \u00e8 lo stupore dei tanti che avrebbero potuto e dovuto farsi parte diligente (o porvi rimedio) ben prima che la situazione degenerasse nella maniera estremamente critica qual \u00e8 ora, nonostante che le condizioni dei pronto soccorso fossero ben note, non fosse altro per le tante denunce, comprese quelle del \u00abForum Ambiente Salute e Sviluppo\u00bb. Ma ora si ponga riparo senza ulteriori indugi.<\/p>\n<p>Se ne facciano una ragione i Sindaci e il Presidente della Provincia chiedendo subito e con forza al Governo di affidare alla Protezione Civile quanto prima almeno i pronto soccorso di Brindisi per evitare eventi irreparabili e l\u2019aggravamento delle attivit\u00e0 ordinarie gi\u00e0 in affanno per sottrazione di ulteriore personale.<\/p>\n<p>&nbsp;<\/p>\n<p><em><strong>Forum Ambiente Salute e Sviluppo<\/strong><\/em><\/p>\n","protected":false},"excerpt":{"rendered":"<p>&#8220;I pronto soccorso della provincia di Brindisi e la richiesta dello stato di emergenza al Governo&#8221; \u00e8 all&#8217;oggetto di una lettera aperta inviata dal &#8220;Forum Ambiente Salute e Sviluppo&#8221; di Brindisi al Prefetto di Brindisi e, per conoscenza, al Presidente del Consiglio, al Ministro della Salute, al Presidente della Regione Puglia ed agli organi di stampa. Di seguito ne riportiamo integralmente il testo: &nbsp; I vertici della ASL di Brindisi il 27.12.2022, dopo aver elencato i tentativi esperiti, hanno chiesto al Prefetto di Brindisi \u00abla dichiarazione dello stato di emergenza per i tre pronto soccorso della ASL Brindisi, attivando tutte le procedure straordinarie consentite\u00bb. Ci\u00f2 \u00abin considerazione della gravissima carenza di personale assegnato stabilmente al Pronto Soccorso che rischia di interrompere la specifica attivit\u00e0 assistenziale\u00bb. Non sappiamo se il Prefetto abbia fornito alcuna risposta, n\u00e8 se il Governo \u2013 l\u2019unico a poterlo fare &#8211; intenda accogliere la richiesta della ASL brindisina riconoscendo la gravit\u00e0 della situazione e affidando i tre pronto soccorso della provincia o persino la guida della stessa&#8230;<\/p>\n","protected":false},"author":2,"featured_media":180490,"comment_status":"open","ping_status":"closed","sticky":false,"template":"","format":"standard","meta":{"footnotes":""},"categories":[7],"tags":[],"class_list":["post-205857","post","type-post","status-publish","format-standard","has-post-thumbnail","hentry","category-news"],"_links":{"self":[{"href":"https:\/\/www.brundisium.net\/index.php\/wp-json\/wp\/v2\/posts\/205857","targetHints":{"allow":["GET"]}}],"collection":[{"href":"https:\/\/www.brundisium.net\/index.php\/wp-json\/wp\/v2\/posts"}],"about":[{"href":"https:\/\/www.brundisium.net\/index.php\/wp-json\/wp\/v2\/types\/post"}],"author":[{"embeddable":true,"href":"https:\/\/www.brundisium.net\/index.php\/wp-json\/wp\/v2\/users\/2"}],"replies":[{"embeddable":true,"href":"https:\/\/www.brundisium.net\/index.php\/wp-json\/wp\/v2\/comments?post=205857"}],"version-history":[{"count":1,"href":"https:\/\/www.brundisium.net\/index.php\/wp-json\/wp\/v2\/posts\/205857\/revisions"}],"predecessor-version":[{"id":205858,"href":"https:\/\/www.brundisium.net\/index.php\/wp-json\/wp\/v2\/posts\/205857\/revisions\/205858"}],"wp:featuredmedia":[{"embeddable":true,"href":"https:\/\/www.brundisium.net\/index.php\/wp-json\/wp\/v2\/media\/180490"}],"wp:attachment":[{"href":"https:\/\/www.brundisium.net\/index.php\/wp-json\/wp\/v2\/media?parent=205857"}],"wp:term":[{"taxonomy":"category","embeddable":true,"href":"https:\/\/www.brundisium.net\/index.php\/wp-json\/wp\/v2\/categories?post=205857"},{"taxonomy":"post_tag","embeddable":true,"href":"https:\/\/www.brundisium.net\/index.php\/wp-json\/wp\/v2\/tags?post=205857"}],"curies":[{"name":"wp","href":"https:\/\/api.w.org\/{rel}","templated":true}]}}