{"id":205867,"date":"2023-01-04T15:18:38","date_gmt":"2023-01-04T14:18:38","guid":{"rendered":"https:\/\/www.brundisium.net\/?p=205867"},"modified":"2023-01-04T15:18:38","modified_gmt":"2023-01-04T14:18:38","slug":"partiti-i-lavori-di-restauro-dellex-batteria-menga-sara-il-polo-della-cultura-del-mare-e-del-mediterraneo","status":"publish","type":"post","link":"https:\/\/www.brundisium.net\/index.php\/partiti-i-lavori-di-restauro-dellex-batteria-menga-sara-il-polo-della-cultura-del-mare-e-del-mediterraneo\/","title":{"rendered":"Partiti i lavori di restauro dell\u2019ex Batteria Menga: sar\u00e0 il Polo della cultura del Mare e del Mediterraneo"},"content":{"rendered":"<p>Sono iniziati i lavori di restauro e rifunzionalizzazione del bene militare Batteria Menga, situato sul litorale nord all\u2019interno del Parco di Punta Penne \u2013 Punta del Serrone, come Polo della cultura del Mare e del Mediterraneo.<\/p>\n<p>Il progetto candidato ad agosto dall\u2019amministrazione comunale al bando \u201cFondo Cultura\u201d del Ministero della Cultura \u00e8 stato ammesso a finanziamento per un totale di 1,2 milioni di euro.<\/p>\n<p>Il cantiere della durata di circa 8 mesi prevede la realizzazione di un Polo culturale altamente tecnologico all\u2019interno di un parco costiero di interesse storico naturalistico, con sale digitali a 360 gradi per immergersi, conoscere e vivere la storia di Brindisi, dalle sue tracce difensive alle testimonianze di citt\u00e0 accogliente.<\/p>\n<p>La parte superiore della fortificazione verr\u00e0 messa in sicurezza e si trasformer\u00e0 in una terrazza panoramica che affaccia su un paesaggio di pregio naturalistico. Sar\u00e0 possibile ammirare la macchia mediterranea, la Torre di Punta Penne, il mare con la scogliera dalla forma caratteristica solcata da profonde scanalature \u201ci campi carreggiati\u201d.<\/p>\n<p>L\u2019intervento \u00e8 coordinato con il restauro di un altro bene la \u201cCasa dell\u2019Ammiraglio\u201d distante poche centinaia di metri, grazie al progetto dell\u2019amministrazione comunale finanziato dal GAL Alto Salento, che lo trasformer\u00e0 in un info point per servizi al turismo, dove si potranno prenotare le visite al parco, le esperienze in mare e la visita digitale della Batteria Menga.<\/p>\n<p>\u201cLa nostra costa ha una grande valore naturalistico ma anche storico e questo progetto \u00e8 la sintesi del potenziale che il nostro territorio esprime \u2013 dichiara il sindaco Riccardo Rossi -. Il bellissimo parco conserva dei beni storici di pregio che meritano di essere valorizzati e conosciuti, il Polo culturale all\u2019interno della Batteria Menga sar\u00e0 un luogo unico che potr\u00e0 attrarre molti visitatori. La fortificazione \u00e8 un altro luogo del cuore e dell\u2019immaginario di Brindisi che ora diventer\u00e0 raggiungibile, fruibile e godibile. Un intervento che insieme al Contratto istituzionale di Sviluppo ridisegna il futuro di Brindisi con la sua vocazione legata al mare. Appropriarsi della propria identit\u00e0 rende forte e riconoscibile la nostra citt\u00e0\u201d.<\/p>\n\n\t\t<style type=\"text\/css\">\n\t\t\t#gallery-1 {\n\t\t\t\tmargin: auto;\n\t\t\t}\n\t\t\t#gallery-1 .gallery-item {\n\t\t\t\tfloat: left;\n\t\t\t\tmargin-top: 10px;\n\t\t\t\ttext-align: center;\n\t\t\t\twidth: 25%;\n\t\t\t}\n\t\t\t#gallery-1 img {\n\t\t\t\tborder: 2px solid #cfcfcf;\n\t\t\t}\n\t\t\t#gallery-1 .gallery-caption {\n\t\t\t\tmargin-left: 0;\n\t\t\t}\n\t\t\t\/* see gallery_shortcode() in wp-includes\/media.php *\/\n\t\t<\/style>\n\t\t<div id='gallery-1' class='gallery galleryid-205867 gallery-columns-4 gallery-size-thumbnail'><dl class='gallery-item'>\n\t\t\t<dt class='gallery-icon landscape'>\n\t\t\t\t<a href='https:\/\/www.brundisium.net\/index.php\/partiti-i-lavori-di-restauro-dellex-batteria-menga-sara-il-polo-della-cultura-del-mare-e-del-mediterraneo\/sopralluogo_batteria-menga-1\/'><img loading=\"lazy\" decoding=\"async\" width=\"150\" height=\"150\" src=\"https:\/\/www.brundisium.net\/brun\/wp-content\/uploads\/2023\/01\/sopralluogo_batteria-menga-1-150x150.jpg\" class=\"attachment-thumbnail size-thumbnail\" alt=\"\" srcset=\"https:\/\/www.brundisium.net\/brun\/wp-content\/uploads\/2023\/01\/sopralluogo_batteria-menga-1-150x150.jpg 150w, https:\/\/www.brundisium.net\/brun\/wp-content\/uploads\/2023\/01\/sopralluogo_batteria-menga-1-600x600.jpg 600w, https:\/\/www.brundisium.net\/brun\/wp-content\/uploads\/2023\/01\/sopralluogo_batteria-menga-1-1500x1500.jpg 1500w, https:\/\/www.brundisium.net\/brun\/wp-content\/uploads\/2023\/01\/sopralluogo_batteria-menga-1-60x60.jpg 60w\" sizes=\"auto, (max-width: 150px) 100vw, 150px\" \/><\/a>\n\t\t\t<\/dt><\/dl><dl class='gallery-item'>\n\t\t\t<dt class='gallery-icon landscape'>\n\t\t\t\t<a href='https:\/\/www.brundisium.net\/index.php\/partiti-i-lavori-di-restauro-dellex-batteria-menga-sara-il-polo-della-cultura-del-mare-e-del-mediterraneo\/sopralluogo_batteria-menga-2\/'><img loading=\"lazy\" decoding=\"async\" width=\"150\" height=\"150\" src=\"https:\/\/www.brundisium.net\/brun\/wp-content\/uploads\/2023\/01\/sopralluogo_batteria-menga-2-150x150.jpg\" class=\"attachment-thumbnail size-thumbnail\" alt=\"\" srcset=\"https:\/\/www.brundisium.net\/brun\/wp-content\/uploads\/2023\/01\/sopralluogo_batteria-menga-2-150x150.jpg 150w, https:\/\/www.brundisium.net\/brun\/wp-content\/uploads\/2023\/01\/sopralluogo_batteria-menga-2-600x600.jpg 600w, https:\/\/www.brundisium.net\/brun\/wp-content\/uploads\/2023\/01\/sopralluogo_batteria-menga-2-1500x1500.jpg 1500w, https:\/\/www.brundisium.net\/brun\/wp-content\/uploads\/2023\/01\/sopralluogo_batteria-menga-2-60x60.jpg 60w\" sizes=\"auto, (max-width: 150px) 100vw, 150px\" \/><\/a>\n\t\t\t<\/dt><\/dl><dl class='gallery-item'>\n\t\t\t<dt class='gallery-icon landscape'>\n\t\t\t\t<a href='https:\/\/www.brundisium.net\/index.php\/partiti-i-lavori-di-restauro-dellex-batteria-menga-sara-il-polo-della-cultura-del-mare-e-del-mediterraneo\/sopralluogo_batteria-menga-3\/'><img loading=\"lazy\" decoding=\"async\" width=\"150\" height=\"150\" src=\"https:\/\/www.brundisium.net\/brun\/wp-content\/uploads\/2023\/01\/sopralluogo_batteria-menga-3-150x150.jpg\" class=\"attachment-thumbnail size-thumbnail\" alt=\"\" srcset=\"https:\/\/www.brundisium.net\/brun\/wp-content\/uploads\/2023\/01\/sopralluogo_batteria-menga-3-150x150.jpg 150w, https:\/\/www.brundisium.net\/brun\/wp-content\/uploads\/2023\/01\/sopralluogo_batteria-menga-3-600x600.jpg 600w, https:\/\/www.brundisium.net\/brun\/wp-content\/uploads\/2023\/01\/sopralluogo_batteria-menga-3-1500x1500.jpg 1500w, https:\/\/www.brundisium.net\/brun\/wp-content\/uploads\/2023\/01\/sopralluogo_batteria-menga-3-60x60.jpg 60w\" sizes=\"auto, (max-width: 150px) 100vw, 150px\" \/><\/a>\n\t\t\t<\/dt><\/dl><dl class='gallery-item'>\n\t\t\t<dt class='gallery-icon landscape'>\n\t\t\t\t<a href='https:\/\/www.brundisium.net\/index.php\/partiti-i-lavori-di-restauro-dellex-batteria-menga-sara-il-polo-della-cultura-del-mare-e-del-mediterraneo\/sopralluogo_batteria-menga-4\/'><img loading=\"lazy\" decoding=\"async\" width=\"150\" height=\"150\" src=\"https:\/\/www.brundisium.net\/brun\/wp-content\/uploads\/2023\/01\/sopralluogo_batteria-menga-4-150x150.jpg\" class=\"attachment-thumbnail size-thumbnail\" alt=\"\" srcset=\"https:\/\/www.brundisium.net\/brun\/wp-content\/uploads\/2023\/01\/sopralluogo_batteria-menga-4-150x150.jpg 150w, https:\/\/www.brundisium.net\/brun\/wp-content\/uploads\/2023\/01\/sopralluogo_batteria-menga-4-600x600.jpg 600w, https:\/\/www.brundisium.net\/brun\/wp-content\/uploads\/2023\/01\/sopralluogo_batteria-menga-4-1500x1500.jpg 1500w, https:\/\/www.brundisium.net\/brun\/wp-content\/uploads\/2023\/01\/sopralluogo_batteria-menga-4-60x60.jpg 60w\" sizes=\"auto, (max-width: 150px) 100vw, 150px\" \/><\/a>\n\t\t\t<\/dt><\/dl><br style=\"clear: both\" \/><dl class='gallery-item'>\n\t\t\t<dt class='gallery-icon landscape'>\n\t\t\t\t<a href='https:\/\/www.brundisium.net\/index.php\/partiti-i-lavori-di-restauro-dellex-batteria-menga-sara-il-polo-della-cultura-del-mare-e-del-mediterraneo\/sopralluogo_batteria-menga-5\/'><img loading=\"lazy\" decoding=\"async\" width=\"150\" height=\"150\" src=\"https:\/\/www.brundisium.net\/brun\/wp-content\/uploads\/2023\/01\/sopralluogo_batteria-menga-5-150x150.jpg\" class=\"attachment-thumbnail size-thumbnail\" alt=\"\" srcset=\"https:\/\/www.brundisium.net\/brun\/wp-content\/uploads\/2023\/01\/sopralluogo_batteria-menga-5-150x150.jpg 150w, https:\/\/www.brundisium.net\/brun\/wp-content\/uploads\/2023\/01\/sopralluogo_batteria-menga-5-600x600.jpg 600w, https:\/\/www.brundisium.net\/brun\/wp-content\/uploads\/2023\/01\/sopralluogo_batteria-menga-5-60x60.jpg 60w\" sizes=\"auto, (max-width: 150px) 100vw, 150px\" \/><\/a>\n\t\t\t<\/dt><\/dl><dl class='gallery-item'>\n\t\t\t<dt class='gallery-icon landscape'>\n\t\t\t\t<a href='https:\/\/www.brundisium.net\/index.php\/partiti-i-lavori-di-restauro-dellex-batteria-menga-sara-il-polo-della-cultura-del-mare-e-del-mediterraneo\/sopralluogo_batteria-menga-6\/'><img loading=\"lazy\" decoding=\"async\" width=\"150\" height=\"150\" src=\"https:\/\/www.brundisium.net\/brun\/wp-content\/uploads\/2023\/01\/sopralluogo_batteria-menga-6-150x150.jpg\" class=\"attachment-thumbnail size-thumbnail\" alt=\"\" srcset=\"https:\/\/www.brundisium.net\/brun\/wp-content\/uploads\/2023\/01\/sopralluogo_batteria-menga-6-150x150.jpg 150w, https:\/\/www.brundisium.net\/brun\/wp-content\/uploads\/2023\/01\/sopralluogo_batteria-menga-6-600x600.jpg 600w, https:\/\/www.brundisium.net\/brun\/wp-content\/uploads\/2023\/01\/sopralluogo_batteria-menga-6-1500x1500.jpg 1500w, https:\/\/www.brundisium.net\/brun\/wp-content\/uploads\/2023\/01\/sopralluogo_batteria-menga-6-60x60.jpg 60w\" sizes=\"auto, (max-width: 150px) 100vw, 150px\" \/><\/a>\n\t\t\t<\/dt><\/dl><dl class='gallery-item'>\n\t\t\t<dt class='gallery-icon portrait'>\n\t\t\t\t<a href='https:\/\/www.brundisium.net\/index.php\/partiti-i-lavori-di-restauro-dellex-batteria-menga-sara-il-polo-della-cultura-del-mare-e-del-mediterraneo\/sopralluogo_batteria-menga-7\/'><img loading=\"lazy\" decoding=\"async\" width=\"150\" height=\"150\" src=\"https:\/\/www.brundisium.net\/brun\/wp-content\/uploads\/2023\/01\/sopralluogo_batteria-menga-7-150x150.jpg\" class=\"attachment-thumbnail size-thumbnail\" alt=\"\" srcset=\"https:\/\/www.brundisium.net\/brun\/wp-content\/uploads\/2023\/01\/sopralluogo_batteria-menga-7-150x150.jpg 150w, https:\/\/www.brundisium.net\/brun\/wp-content\/uploads\/2023\/01\/sopralluogo_batteria-menga-7-600x600.jpg 600w, https:\/\/www.brundisium.net\/brun\/wp-content\/uploads\/2023\/01\/sopralluogo_batteria-menga-7-1500x1500.jpg 1500w, https:\/\/www.brundisium.net\/brun\/wp-content\/uploads\/2023\/01\/sopralluogo_batteria-menga-7-60x60.jpg 60w\" sizes=\"auto, (max-width: 150px) 100vw, 150px\" \/><\/a>\n\t\t\t<\/dt><\/dl>\n\t\t\t<br style='clear: both' \/>\n\t\t<\/div>\n\n<p>\u201cContinua l&#8217;opera di riqualificazione della nostra litoranea nord &#8211; precisa l\u2019assessore ai Lavori pubblici Elena Tiziana Brigante -. Il progetto innovativo per la Batteria Menga inizia a prendere forma e si sviluppa in coerenza al piano di rigenerazione urbana che interessa la litoranea nord di Brindisi. L\u2019intervento \u00e8 partito con un\u2019importante pulizia dei locali che erano abbandonati da tanti anni e oggi siamo riusciti a fare un sopralluogo per presentare il progetto che dovrebbe concludersi questa estate. Dopo Cala Materdomini arriva quest\u2019altro importante traguardo che qualifica la nostra costa&#8221;.<\/p>\n<p>\u201cBrindisi merita un&#8217;offerta turistica innovativa, al pari di altre citt\u00e0 europee. Con questo spirito abbiamo candidato il progetto, approvato dal Ministero \u2013 aggiunge l\u2019assessore al Turismo Emma Taveri -. Un museo del mare digitale immersivo in una ex batteria militare \u00e8 una proposta unica nel suo genere, siamo orgogliosi che nasca qui a Brindisi.\u2028 Abbiamo previsto un moderno centro visite, anch\u2019esso candidato e ammesso a finanziamento, che sar\u00e0 il punto d&#8217;accesso per le escursioni.\u2028 Gi\u00e0 nel 2021 qui si sono svolte numerose visite guidate, e con questa graduale opera di riqualificazione puntiamo a rendere Punta del Serrone un parco pi\u00f9 accogliente per il turismo sostenibile, da segnalare e far visitare a giornalisti e operatori come futura proposta per apprezzare la nostra bellissima citt\u00e0\u201d.<\/p>\n<p>&nbsp;<\/p>\n<p><em><strong>COMUNE DI BRINDISI<\/strong><\/em><\/p>\n","protected":false},"excerpt":{"rendered":"<p>Sono iniziati i lavori di restauro e rifunzionalizzazione del bene militare Batteria Menga, situato sul litorale nord all\u2019interno del Parco di Punta Penne \u2013 Punta del Serrone, come Polo della cultura del Mare e del Mediterraneo. Il progetto candidato ad agosto dall\u2019amministrazione comunale al bando \u201cFondo Cultura\u201d del Ministero della Cultura \u00e8 stato ammesso a finanziamento per un totale di 1,2 milioni di euro. Il cantiere della durata di circa 8 mesi prevede la realizzazione di un Polo culturale altamente tecnologico all\u2019interno di un parco costiero di interesse storico naturalistico, con sale digitali a 360 gradi per immergersi, conoscere e vivere la storia di Brindisi, dalle sue tracce difensive alle testimonianze di citt\u00e0 accogliente. La parte superiore della fortificazione verr\u00e0 messa in sicurezza e si trasformer\u00e0 in una terrazza panoramica che affaccia su un paesaggio di pregio naturalistico. Sar\u00e0 possibile ammirare la macchia mediterranea, la Torre di Punta Penne, il mare con la scogliera dalla forma caratteristica solcata da profonde scanalature \u201ci campi carreggiati\u201d. L\u2019intervento \u00e8 coordinato con il restauro&#8230;<\/p>\n","protected":false},"author":2,"featured_media":205875,"comment_status":"open","ping_status":"closed","sticky":false,"template":"","format":"standard","meta":{"footnotes":""},"categories":[7],"tags":[],"class_list":["post-205867","post","type-post","status-publish","format-standard","has-post-thumbnail","hentry","category-news"],"_links":{"self":[{"href":"https:\/\/www.brundisium.net\/index.php\/wp-json\/wp\/v2\/posts\/205867","targetHints":{"allow":["GET"]}}],"collection":[{"href":"https:\/\/www.brundisium.net\/index.php\/wp-json\/wp\/v2\/posts"}],"about":[{"href":"https:\/\/www.brundisium.net\/index.php\/wp-json\/wp\/v2\/types\/post"}],"author":[{"embeddable":true,"href":"https:\/\/www.brundisium.net\/index.php\/wp-json\/wp\/v2\/users\/2"}],"replies":[{"embeddable":true,"href":"https:\/\/www.brundisium.net\/index.php\/wp-json\/wp\/v2\/comments?post=205867"}],"version-history":[{"count":1,"href":"https:\/\/www.brundisium.net\/index.php\/wp-json\/wp\/v2\/posts\/205867\/revisions"}],"predecessor-version":[{"id":205876,"href":"https:\/\/www.brundisium.net\/index.php\/wp-json\/wp\/v2\/posts\/205867\/revisions\/205876"}],"wp:featuredmedia":[{"embeddable":true,"href":"https:\/\/www.brundisium.net\/index.php\/wp-json\/wp\/v2\/media\/205875"}],"wp:attachment":[{"href":"https:\/\/www.brundisium.net\/index.php\/wp-json\/wp\/v2\/media?parent=205867"}],"wp:term":[{"taxonomy":"category","embeddable":true,"href":"https:\/\/www.brundisium.net\/index.php\/wp-json\/wp\/v2\/categories?post=205867"},{"taxonomy":"post_tag","embeddable":true,"href":"https:\/\/www.brundisium.net\/index.php\/wp-json\/wp\/v2\/tags?post=205867"}],"curies":[{"name":"wp","href":"https:\/\/api.w.org\/{rel}","templated":true}]}}